{"id":4404,"date":"2023-08-05T09:10:00","date_gmt":"2023-08-05T07:10:00","guid":{"rendered":"http:\/\/aifonline.net\/?p=4404"},"modified":"2023-08-05T10:39:12","modified_gmt":"2023-08-05T08:39:12","slug":"billet-le-devoir-de-memoire-un-vaste-chantier","status":"publish","type":"post","link":"https:\/\/aifonline.net\/?p=4404","title":{"rendered":"Billet : Le devoir de m\u00e9moire, un vaste chantier"},"content":{"rendered":"\n<p><strong><em>Par Alain Kaminski<\/em><\/strong><\/p>\n\n\n\n<p>Quelques semaines apr\u00e8s la comm\u00e9moration de la rafle du Vel d\u2019Hiv, je m\u2019interroge encore sur le devenir du devoir de M\u00e9moire. C\u2019est effectivement un vaste chantier. Force est d\u2019admettre qu\u2019\u00e0 la lumi\u00e8re de quelques exp\u00e9riences personnelles tr\u00e8s r\u00e9centes, les travaux de ce chantier ne me semblent pas termin\u00e9s car, tout en n\u2019aspirant pas au repos, ils rencontrent sur les parvis quelques pierres mal d\u00e9grossies pr\u00eates \u00e0 perturber un travail si n\u00e9cessaire.<br>J\u2019avais \u00e9prouv\u00e9 beaucoup de fiert\u00e9 il y a quelques mois lorsque je fus d\u00e9sign\u00e9 pour \u00eatre correcteur du CNRD, le Concours National de la R\u00e9sistance et de la D\u00e9portation. Il m\u2019appartenait donc de participer \u00e0 la remise des prix pour des laur\u00e9ats qui avaient beaucoup travaill\u00e9 sur des sujets relatant une \u00e9poque ant\u00e9rieure \u00e0 la naissance de leurs parents voire de leurs grands-parents. La remise des prix dans mon d\u00e9partement se tint en un lieu hautement symbolique, le Mont Val\u00e9rien, symbole de la France Libre. Aux c\u00f4t\u00e9s de madame Nad\u00e8ge Batista, pr\u00e9f\u00e8te d\u00e9l\u00e9gu\u00e9e \u00e0 l\u2019\u00e9galit\u00e9 des chances dont le propos fut tr\u00e8s fort d\u2019\u00e9motion, de monsieur Benamar Benzemra, proviseur de lyc\u00e9e et conseiller d\u00e9fense, m\u00e9moire et citoyennet\u00e9 que je retrouvais, un homme exceptionnel et d\u2019une grande chaleur humaine, je remettais des prix, des livres ceints d\u2019un drapeau tricolore \u00e0 de jeunes coll\u00e9giens et lyc\u00e9ens des Hauts-de-Seine dont la satisfaction et la distinction suscitaient mon \u00e9motion.<br>Mais il y avait quelque chose qui me g\u00eana tout au long de cette c\u00e9r\u00e9monie. Le recteur de l\u2019Acad\u00e9mie \u00e9tait absent, sans excuse aucune. Puis je constatais le pire, aucun \u00e9lu de la nation, du d\u00e9partement alors je voulus, en rentrant chez moi, savoir pour quelles raisons ces \u00e9lus n\u2019avaient pas honor\u00e9 de leur pr\u00e9sence cette remise de prix au Mont-Val\u00e9rien. Aucun maire, aucun d\u00e9put\u00e9 ou conseiller d\u00e9partemental, aucun adjoint qui pourtant avaient pour mission, eu \u00e9gard \u00e0 leur d\u00e9l\u00e9gation, d\u2019\u00eatre pr\u00e9sents ou repr\u00e9sent\u00e9s, le CNRD \u00e9tant un concours national. Une rang\u00e9e de chaises vides ressemblant \u00e0 une colonne bien d\u00e9garnie.<br>Je trouvais finalement la r\u00e9ponse, elle est aussi irrespectueuse qu\u2019humiliante et celles et ceux qui ont pay\u00e9 de leur vie la d\u00e9fense de leur pays doivent se retourner dans leur tombe quand ils en ont une, ce qui n\u2019est pas toujours le cas.<br>Sans passer en revue toutes les communes du d\u00e9partement, j\u2019ai pu constater que la d\u00e9l\u00e9gation au monde combattant, \u00e0 la M\u00e9moire, \u00e9tait une mission qui laissait indiff\u00e9rents les conseils municipaux. Dans certaines communes cette d\u00e9l\u00e9gation est attribu\u00e9e \u00e0 un adjoint au maire, ajout\u00e9e \u00e0 d\u2019autres missions qui n\u2019ont rien \u00e0 voir, dans d\u2019autres c\u2019est un conseiller municipal au rang protocolaire bien lointain, parfois c\u2019est personne. A Puteaux, un adjoint aux anciens combattants et\u2026 \u00e0 la commande publique. A Neuilly-sur-Seine, il est adjoint au maire charg\u00e9 des actions patriotiques et de l\u2019urbanisme\u2026 comprenne qui voudra. A Courbevoie, un conseiller municipal \u00e0 la jeunesse, aux anciens combattants et \u00e0 la citoyennet\u00e9. A Saint-Cloud, anciens combattants et urbanisme, \u00e0 Suresnes qui abrite le Mont-Val\u00e9rien, un adjoint charg\u00e9 des actions m\u00e9morielles, de la s\u00e9curit\u00e9 et de la pr\u00e9vention, mais absent et non repr\u00e9sent\u00e9 pour le CNRD\u2026 no comment.<br>A Nanterre, pr\u00e9fecture du d\u00e9partement qui abrite le M\u00e9morial de la R\u00e9sistance et de la D\u00e9portation, un conseiller municipal d\u00e9l\u00e9gu\u00e9.<br>Mais le premier prix du m\u00e9pris et du d\u00e9dain revient \u00e0 Asni\u00e8res-sur-Seine qui nous a \u00abconcoct\u00e9\u00bb un adjoint au maire d\u00e9l\u00e9gu\u00e9 au monde combattant, \u00e0 la propret\u00e9, \u00e0 l\u2019hygi\u00e8ne et \u00e0 la collecte.<br>J\u2019en conclus que tous les manquements de ces \u00e9lus si \u00e9loign\u00e9s de l\u2019int\u00e9r\u00eat g\u00e9n\u00e9ral restent li\u00e9s \u00e0 une indiff\u00e9rence totale du devoir de M\u00e9moire et \u00e0 une accoutumance \u00e0 l\u2019irrespect.<br>Je citerai quand m\u00eame Levallois-Perret qui a un adjoint au maire d\u00e9l\u00e9gu\u00e9 aux anciens combattants, \u00e0 la M\u00e9moire et aux questions de d\u00e9fense. Bravo.<br>Mais je ne peux rester indiff\u00e9rent \u00e0 ma commune imp\u00e9riale que j\u2019aime tant. C\u2019est le pompon me direz-vous. Un 16<sup>\u00e8me<\/sup> adjoint, charg\u00e9 des anciens combattants et des risques majeurs, du d\u00e9veloppement durable, de l\u2019environnement, de l\u2019hygi\u00e8ne\u2026 et des proc\u00e9dures de p\u00e9ril.<br>Mais n\u2019est-ce pas le devoir de M\u00e9moire qui est en p\u00e9ril \u00e0 force de nous faire accroire qu\u2019il y a des sentiments quand ils n\u2019existent pas.\u00a0<br>J\u2019entends souvent dire qu\u2019une d\u00e9l\u00e9gation au monde combattant et au devoir de M\u00e9moire n\u2019occuperait pas \u00e0 plein temps ni \u00e0 mi-temps l\u2019\u00e9lu qui la re\u00e7oit. Peut-\u00eatre.<br>Je me suis m\u00eame laiss\u00e9 dire que la critique \u00e9tait facile et qu\u2019elle ne devait jamais s\u2019exon\u00e9rer de propositions. Soit.<br>Alors pourquoi ne pas attribuer cette d\u00e9l\u00e9gation aux \u00e9lus d\u00e9l\u00e9gu\u00e9s \u00e0 l\u2019enseignement et au monde scolaire\u00a0?<br>Cette id\u00e9e fond\u00e9e sur la transmission ne donnerait-elle pas tout son sens au Concours National de la R\u00e9sistance et de la D\u00e9portation.<\/p>\n","protected":false},"excerpt":{"rendered":"<p>Par Alain Kaminski Quelques semaines apr\u00e8s la comm\u00e9moration de la rafle du Vel d\u2019Hiv, je m\u2019interroge encore sur le devenir<\/p>\n","protected":false},"author":1,"featured_media":0,"comment_status":"open","ping_status":"open","sticky":false,"template":"","format":"standard","meta":{"_mi_skip_tracking":false,"_exactmetrics_sitenote_active":false,"_exactmetrics_sitenote_note":"","_exactmetrics_sitenote_category":0,"footnotes":""},"categories":[4],"tags":[],"table_tags":[],"_links":{"self":[{"href":"https:\/\/aifonline.net\/index.php?rest_route=\/wp\/v2\/posts\/4404"}],"collection":[{"href":"https:\/\/aifonline.net\/index.php?rest_route=\/wp\/v2\/posts"}],"about":[{"href":"https:\/\/aifonline.net\/index.php?rest_route=\/wp\/v2\/types\/post"}],"author":[{"embeddable":true,"href":"https:\/\/aifonline.net\/index.php?rest_route=\/wp\/v2\/users\/1"}],"replies":[{"embeddable":true,"href":"https:\/\/aifonline.net\/index.php?rest_route=%2Fwp%2Fv2%2Fcomments&post=4404"}],"version-history":[{"count":12,"href":"https:\/\/aifonline.net\/index.php?rest_route=\/wp\/v2\/posts\/4404\/revisions"}],"predecessor-version":[{"id":4532,"href":"https:\/\/aifonline.net\/index.php?rest_route=\/wp\/v2\/posts\/4404\/revisions\/4532"}],"wp:attachment":[{"href":"https:\/\/aifonline.net\/index.php?rest_route=%2Fwp%2Fv2%2Fmedia&parent=4404"}],"wp:term":[{"taxonomy":"category","embeddable":true,"href":"https:\/\/aifonline.net\/index.php?rest_route=%2Fwp%2Fv2%2Fcategories&post=4404"},{"taxonomy":"post_tag","embeddable":true,"href":"https:\/\/aifonline.net\/index.php?rest_route=%2Fwp%2Fv2%2Ftags&post=4404"},{"taxonomy":"table_tags","embeddable":true,"href":"https:\/\/aifonline.net\/index.php?rest_route=%2Fwp%2Fv2%2Ftable_tags&post=4404"}],"curies":[{"name":"wp","href":"https:\/\/api.w.org\/{rel}","templated":true}]}}