{"id":4466,"date":"2023-07-03T18:15:28","date_gmt":"2023-07-03T16:15:28","guid":{"rendered":"http:\/\/aifonline.net\/?p=4466"},"modified":"2023-07-03T18:15:28","modified_gmt":"2023-07-03T16:15:28","slug":"billet-tolerance-ne-rime-pas-toujours-avec-bienveillance","status":"publish","type":"post","link":"https:\/\/aifonline.net\/?p=4466","title":{"rendered":"Billet : Tol\u00e9rance ne rime pas toujours avec bienveillance"},"content":{"rendered":"\n<p><strong><em>Par Alain Kaminski<\/em><\/strong><\/p>\n\n\n\n<p>On m\u2019a souvent reproch\u00e9 de ne pas \u00eatre assez juif, d\u2019\u00eatre un grand la\u00efc devant l\u2019Eternel. Que mes lecteurs se rassurent, je suis tr\u00e8s juif et si je devais l\u2019oublier, que ma main droite me refuse son service, que ma langue s\u2019attache \u00e0 mon palais, comme pourrait me le rappeler le Livre des Psaumes. Cependant, c\u2019est bien parce que je suis un \u00ab\u00a0enfant d\u2019Isra\u00ebl\u00a0\u00bb que je ressens parfois une plus grande libert\u00e9 pour apporter un \u00e9clairage diff\u00e9rent allant jusqu\u2019\u00e0 la contradiction et un d\u00e9menti formel \u00e0 celles et ceux qui avancent des th\u00e9ories relevant de la plus haute fantaisie.<br>Et malheureusement, ces situations se produisent souvent au mauvais moment, au mauvais endroit, parfois lorsque l\u2019on accompagne un d\u00e9funt \u00e0 sa derni\u00e8re demeure, ce qui m\u2019oblige \u00e0 la plus grande r\u00e9serve eu \u00e9gard au moment de recueillement.<br>Au cours de ces derni\u00e8res ann\u00e9es, moi qui croyais avoir tout entendu, je ne m\u2019imaginais pas un seul instant qu\u2019on pouvait officier en ne reculant devant rien. Je m\u2019\u00e9tais rendu aux obs\u00e8ques d\u2019un ami de mon p\u00e8re, Jacques, pour lequel j\u2019avais toujours eu beaucoup d\u2019affection. Le rabbin d\u00e9buta la c\u00e9r\u00e9monie devant une veuve en pleurs, des enfants et petits-enfants tr\u00e8s affect\u00e9s, en rappelant que le d\u00e9funt\u00a0 avait quitt\u00e9 ce monde dans la joie parce qu\u2019il mourut le jour de Lag Baomer, que la mort pouvait \u00eatre la joie.<br>J\u2019\u00e9tais personnellement boulevers\u00e9.<br>Quelques ann\u00e9es plus tard, j\u2019accompagnais un cousin, Jean, emport\u00e9 par le Covid. Le rabbin nous expliquait que Dieu avait con\u00e7u l\u2019homme et que le lien phon\u00e9tique entre Adona\u00ef et l\u2019ADN n\u2019\u00e9tait pas d\u00fb au hasard, faisant totalement liti\u00e8re des travaux gigantesques effectu\u00e9s pour d\u00e9couvrir cette macromol\u00e9cule dite acide d\u00e9soxyribonucl\u00e9ique.<br>J\u2019\u00e9tais personnellement constern\u00e9.<br>Tout r\u00e9cemment, j\u2019entendais encore que Suzanne avait quitt\u00e9 ce monde pour un monde meilleur, formule tr\u00e8s courante, propos qui ne me font pas oublier que mon monde meilleur \u00e0 moi c\u2019est celui o\u00f9 j\u2019ai mes petits-enfants sur mes genoux, o\u00f9 je serre dans mes bras ma vielle maman centenaire, o\u00f9 je re\u00e7ois mes amis qui m\u2019apportent nos souvenirs communs en me faisant part de la chaleur de leurs sentiments.<br>Enfin, il n\u2019y a pas si longtemps, le d\u00e9c\u00e8s de Meyer mon beau-p\u00e8re. Sa veuve re\u00e7oit de la visite, des amis, des voisins et le coiffeur habituel de Meyer.<br>Celui-ci s\u2019approche de ma belle-m\u00e8re et lui dit que c\u2019est formidable, Meyer est mort un shabbat, et d\u2019ajouter\u00a0:\u00a0<em>\u00ab\u00a0Moi, je r\u00eave de mourir un shabbat\u00a0\u00bb.<br><\/em>Alors, je me calme et en bon juif je resterai tol\u00e9rant, et homme tol\u00e9rant je resterai un bon juif.<br>Messieurs les rabbins, je serai tol\u00e9rant mais quelques efforts s\u2019imposent \u00e0 vous, cependant. Vos paroles peuvent \u00eatre pour certains \u00ab\u00a0paroles d\u2019Evangile\u00a0\u00bb si vous me permettez cette expression malvenue mais que la langue de Moli\u00e8re m\u2019autorise toutefois. Alors prudence dans certaines explications hasardeuses, aussi absurdes que maladroites. Prudence \u00e0 ne pas banaliser le chagrin.<br>Mais je serai tol\u00e9rant pour que le peuple juif reste compos\u00e9 de maillons solidement soud\u00e9s, de maillons de pur m\u00e9tal.<br>Et au nom de tous mes lecteurs qui seront d\u2019accord avec moi, rabbins inclus, je le promets.<\/p>\n","protected":false},"excerpt":{"rendered":"<p>Par Alain Kaminski On m\u2019a souvent reproch\u00e9 de ne pas \u00eatre assez juif, d\u2019\u00eatre un grand la\u00efc devant l\u2019Eternel. Que<\/p>\n","protected":false},"author":1,"featured_media":0,"comment_status":"open","ping_status":"open","sticky":false,"template":"","format":"standard","meta":{"_mi_skip_tracking":false,"_exactmetrics_sitenote_active":false,"_exactmetrics_sitenote_note":"","_exactmetrics_sitenote_category":0,"footnotes":""},"categories":[4],"tags":[],"table_tags":[],"_links":{"self":[{"href":"https:\/\/aifonline.net\/index.php?rest_route=\/wp\/v2\/posts\/4466"}],"collection":[{"href":"https:\/\/aifonline.net\/index.php?rest_route=\/wp\/v2\/posts"}],"about":[{"href":"https:\/\/aifonline.net\/index.php?rest_route=\/wp\/v2\/types\/post"}],"author":[{"embeddable":true,"href":"https:\/\/aifonline.net\/index.php?rest_route=\/wp\/v2\/users\/1"}],"replies":[{"embeddable":true,"href":"https:\/\/aifonline.net\/index.php?rest_route=%2Fwp%2Fv2%2Fcomments&post=4466"}],"version-history":[{"count":1,"href":"https:\/\/aifonline.net\/index.php?rest_route=\/wp\/v2\/posts\/4466\/revisions"}],"predecessor-version":[{"id":4467,"href":"https:\/\/aifonline.net\/index.php?rest_route=\/wp\/v2\/posts\/4466\/revisions\/4467"}],"wp:attachment":[{"href":"https:\/\/aifonline.net\/index.php?rest_route=%2Fwp%2Fv2%2Fmedia&parent=4466"}],"wp:term":[{"taxonomy":"category","embeddable":true,"href":"https:\/\/aifonline.net\/index.php?rest_route=%2Fwp%2Fv2%2Fcategories&post=4466"},{"taxonomy":"post_tag","embeddable":true,"href":"https:\/\/aifonline.net\/index.php?rest_route=%2Fwp%2Fv2%2Ftags&post=4466"},{"taxonomy":"table_tags","embeddable":true,"href":"https:\/\/aifonline.net\/index.php?rest_route=%2Fwp%2Fv2%2Ftable_tags&post=4466"}],"curies":[{"name":"wp","href":"https:\/\/api.w.org\/{rel}","templated":true}]}}