{"id":4491,"date":"2023-08-05T09:09:00","date_gmt":"2023-08-05T07:09:00","guid":{"rendered":"http:\/\/aifonline.net\/?p=4491"},"modified":"2023-08-05T10:41:50","modified_gmt":"2023-08-05T08:41:50","slug":"portrait-hersh-danzon-1914-1970","status":"publish","type":"post","link":"https:\/\/aifonline.net\/?p=4491","title":{"rendered":"Portrait : Hersh Danzon (1914-1970)"},"content":{"rendered":"\n<p><strong><em>Par son fils Marc Danzon<\/em><\/strong><\/p>\n\n\n\n<div class=\"wp-block-media-text alignwide has-media-on-the-right is-stacked-on-mobile is-image-fill has-white-color has-text-color has-background\" style=\"background-color:#7495bc\"><div class=\"wp-block-media-text__content\">\n<p>Hersh Danzon est le dernier enfant de Jenta Chaba et de Ajzyk Danzon. Il est le cadet de leurs cinq enfants, Sarah,&nbsp;Rachmil, Roun\u00e9 et Malka.<br>Hersh naquit en 1914 en Pologne, \u00e0 Varsovie comme ses fr\u00e8res et s\u0153urs.<br>Il quitte Varsovie en 1931 dans la troisi\u00e8me vague de d\u00e9part de la famille de Pologne.<br>Il reste \u00e0 Paris jusqu&#8217;\u00e0 la guerre. Il est mobilis\u00e9 au d\u00e9but de la guerre et part s&#8217;installer \u00e0 Toulouse apr\u00e8s sa d\u00e9mobilisation,&nbsp;il ouvre un atelier de confection de v\u00eatements pour femmes.<\/p>\n\n\n\n<p class=\"has-text-align-right\"><em>(Hersh Danzon \u00e0 Varsovie vers 1929)<\/em><\/p>\n\n\n\n<p><\/p>\n<\/div><figure class=\"wp-block-media-text__media\" style=\"background-image:url(https:\/\/aifonline.net\/wp-content\/uploads\/2023\/08\/henri-danzon1-727x1024.jpg);background-position:40% 37%\"><img decoding=\"async\" loading=\"lazy\" width=\"727\" height=\"1024\" src=\"https:\/\/aifonline.net\/wp-content\/uploads\/2023\/08\/henri-danzon1-727x1024.jpg\" alt=\"\" class=\"wp-image-4494 size-full\" srcset=\"https:\/\/aifonline.net\/wp-content\/uploads\/2023\/08\/henri-danzon1-727x1024.jpg 727w, https:\/\/aifonline.net\/wp-content\/uploads\/2023\/08\/henri-danzon1-213x300.jpg 213w, https:\/\/aifonline.net\/wp-content\/uploads\/2023\/08\/henri-danzon1-768x1082.jpg 768w, https:\/\/aifonline.net\/wp-content\/uploads\/2023\/08\/henri-danzon1.jpg 894w\" sizes=\"(max-width: 727px) 100vw, 727px\" \/><\/figure><\/div>\n\n\n\n<div class=\"wp-block-media-text alignwide is-stacked-on-mobile is-image-fill has-light-gray-background-color has-background\"><figure class=\"wp-block-media-text__media\" style=\"background-image:url(https:\/\/aifonline.net\/wp-content\/uploads\/2023\/08\/henri_danzon2-753x1024.jpg);background-position:48% 27%\"><img decoding=\"async\" loading=\"lazy\" width=\"753\" height=\"1024\" src=\"https:\/\/aifonline.net\/wp-content\/uploads\/2023\/08\/henri_danzon2-753x1024.jpg\" alt=\"\" class=\"wp-image-4499 size-full\" srcset=\"https:\/\/aifonline.net\/wp-content\/uploads\/2023\/08\/henri_danzon2-753x1024.jpg 753w, https:\/\/aifonline.net\/wp-content\/uploads\/2023\/08\/henri_danzon2-220x300.jpg 220w, https:\/\/aifonline.net\/wp-content\/uploads\/2023\/08\/henri_danzon2-768x1045.jpg 768w, https:\/\/aifonline.net\/wp-content\/uploads\/2023\/08\/henri_danzon2-1129x1536.jpg 1129w, https:\/\/aifonline.net\/wp-content\/uploads\/2023\/08\/henri_danzon2-1505x2048.jpg 1505w, https:\/\/aifonline.net\/wp-content\/uploads\/2023\/08\/henri_danzon2.jpg 1877w\" sizes=\"(max-width: 753px) 100vw, 753px\" \/><\/figure><div class=\"wp-block-media-text__content\">\n<p>Au lendemain de la guerre, il rencontre Eva Goldenberg qu&#8217;il \u00e9pousera en septembre 1946. Eva, fille de Jules et Dora, est&nbsp;n\u00e9e \u00e0 Paris en 1924 de parents originaires de&nbsp;Roumanie et d&#8217;Autriche-Hongrie. Ils seront d\u00e9port\u00e9s sans retour le 31 juillet 1943 par le convoi n\u00b058. Gaston le fr\u00e8re d&#8217;Eva&nbsp;et sa grand-m\u00e8re maternelle Fanny Bergenski subissent le m\u00eame sort.<\/p>\n\n\n\n<p><em>(Mariage avec Eva le 7 septembre 1946 \u00e0 Paris)<\/em><\/p>\n\n\n\n<p><\/p>\n<\/div><\/div>\n\n\n\n<div class=\"wp-block-media-text alignwide has-media-on-the-right is-stacked-on-mobile is-image-fill has-white-color has-text-color has-background\" style=\"background-color:#7495bc\"><div class=\"wp-block-media-text__content\">\n<p>Hersh et Eva fonderont un magnifique foyer, auront trois enfants, Marc, psychiatre puis diplomate deviendra directeur g\u00e9n\u00e9ral de l&#8217;OMS pour l&#8217;Europe, Ir\u00e8ne, m\u00e9decin du travail fera son alyah en 1983, et Arlette est p\u00e9diatre.&nbsp;Neuf petits-enfants viendront compl\u00e9ter la descendance de Hersh (Henri) Danzon. La famille Danzon est toujours tr\u00e8s pr\u00e9sente et tr\u00e8s attach\u00e9e aux Amis isra\u00e9lites de France.<\/p>\n\n\n\n<p class=\"has-text-align-right\"><em>(Henri, Eva, Marc en juillet 1949 \u00e0 Juan Les Pins)<\/em><\/p>\n\n\n\n<p><\/p>\n<\/div><figure class=\"wp-block-media-text__media\" style=\"background-image:url(https:\/\/aifonline.net\/wp-content\/uploads\/2023\/08\/henri_danzon3-663x1024.jpg);background-position:51% 45%\"><img decoding=\"async\" loading=\"lazy\" width=\"663\" height=\"1024\" src=\"https:\/\/aifonline.net\/wp-content\/uploads\/2023\/08\/henri_danzon3-663x1024.jpg\" alt=\"\" class=\"wp-image-4495 size-full\" srcset=\"https:\/\/aifonline.net\/wp-content\/uploads\/2023\/08\/henri_danzon3-663x1024.jpg 663w, https:\/\/aifonline.net\/wp-content\/uploads\/2023\/08\/henri_danzon3-194x300.jpg 194w, https:\/\/aifonline.net\/wp-content\/uploads\/2023\/08\/henri_danzon3-768x1187.jpg 768w, https:\/\/aifonline.net\/wp-content\/uploads\/2023\/08\/henri_danzon3.jpg 924w\" sizes=\"(max-width: 663px) 100vw, 663px\" \/><\/figure><\/div>\n\n\n\n<div class=\"wp-block-media-text alignwide is-stacked-on-mobile is-image-fill has-light-gray-background-color has-background\"><figure class=\"wp-block-media-text__media\" style=\"background-image:url(https:\/\/aifonline.net\/wp-content\/uploads\/2023\/08\/henri_danzon4-733x1024.jpg);background-position:40% 22%\"><img decoding=\"async\" loading=\"lazy\" width=\"733\" height=\"1024\" src=\"https:\/\/aifonline.net\/wp-content\/uploads\/2023\/08\/henri_danzon4-733x1024.jpg\" alt=\"\" class=\"wp-image-4496 size-full\" srcset=\"https:\/\/aifonline.net\/wp-content\/uploads\/2023\/08\/henri_danzon4-733x1024.jpg 733w, https:\/\/aifonline.net\/wp-content\/uploads\/2023\/08\/henri_danzon4-215x300.jpg 215w, https:\/\/aifonline.net\/wp-content\/uploads\/2023\/08\/henri_danzon4-768x1074.jpg 768w, https:\/\/aifonline.net\/wp-content\/uploads\/2023\/08\/henri_danzon4-1099x1536.jpg 1099w, https:\/\/aifonline.net\/wp-content\/uploads\/2023\/08\/henri_danzon4.jpg 1458w\" sizes=\"(max-width: 733px) 100vw, 733px\" \/><\/figure><div class=\"wp-block-media-text__content\">\n<p>La maladie a emport\u00e9 Hersh en 1970. <br>La famille Danzon \u00e9tait fondatrice de la Soci\u00e9t\u00e9 mutualiste V\u00e9rit\u00e9 et Gr\u00e2ce, laquelle a rejoint les Amis Isra\u00e9lites de France&nbsp;dans les ann\u00e9es 90. <br>Son \u00e9pouse Eva, apr\u00e8s des \u00e9tudes tardives&nbsp;devint&nbsp;pharmacienne jusqu&#8217;\u00e0 sa retraite&nbsp;en 1984.&nbsp;<br>Ag\u00e9e aujourd&#8217;hui de 98 ans elle vit \u00e0 Paris, bon pied bon oeil, elle est toujours aussi adorable.<\/p>\n\n\n\n<p><em>(Henri Danzon au ski \u00e0 Font-Romeu)<\/em><\/p>\n\n\n\n<p><\/p>\n<\/div><\/div>\n\n\n\n<p><strong><em>Album de famille<br><\/em><\/strong><em>(Cliquez sur les photos pour les agrandir<\/em>)<\/p>\n\n\n\n<figure class=\"wp-block-gallery has-nested-images columns-default is-cropped wp-block-gallery-1 is-layout-flex wp-block-gallery-is-layout-flex\">\n<figure class=\"wp-block-image size-large\"><a href=\"https:\/\/aifonline.net\/wp-content\/uploads\/2023\/08\/henri_danzon6.jpg\"><img decoding=\"async\" loading=\"lazy\" width=\"931\" height=\"1024\" data-id=\"4498\" src=\"https:\/\/aifonline.net\/wp-content\/uploads\/2023\/08\/henri_danzon6-931x1024.jpg\" alt=\"\" class=\"wp-image-4498\" srcset=\"https:\/\/aifonline.net\/wp-content\/uploads\/2023\/08\/henri_danzon6-931x1024.jpg 931w, https:\/\/aifonline.net\/wp-content\/uploads\/2023\/08\/henri_danzon6-273x300.jpg 273w, https:\/\/aifonline.net\/wp-content\/uploads\/2023\/08\/henri_danzon6-768x845.jpg 768w, https:\/\/aifonline.net\/wp-content\/uploads\/2023\/08\/henri_danzon6-1396x1536.jpg 1396w, https:\/\/aifonline.net\/wp-content\/uploads\/2023\/08\/henri_danzon6-1862x2048.jpg 1862w, https:\/\/aifonline.net\/wp-content\/uploads\/2023\/08\/henri_danzon6.jpg 1999w\" sizes=\"(max-width: 931px) 100vw, 931px\" \/><\/a><figcaption class=\"wp-element-caption\">Henri Danzon \u00e0 l&#8217;atelier, Toulouse vers 1960<\/figcaption><\/figure>\n\n\n\n<figure class=\"wp-block-image size-large\"><a href=\"https:\/\/aifonline.net\/wp-content\/uploads\/2023\/08\/henri_danzon5.jpg\"><img decoding=\"async\" loading=\"lazy\" width=\"930\" height=\"1024\" data-id=\"4497\" src=\"https:\/\/aifonline.net\/wp-content\/uploads\/2023\/08\/henri_danzon5-930x1024.jpg\" alt=\"\" class=\"wp-image-4497\" srcset=\"https:\/\/aifonline.net\/wp-content\/uploads\/2023\/08\/henri_danzon5-930x1024.jpg 930w, https:\/\/aifonline.net\/wp-content\/uploads\/2023\/08\/henri_danzon5-273x300.jpg 273w, https:\/\/aifonline.net\/wp-content\/uploads\/2023\/08\/henri_danzon5-768x845.jpg 768w, https:\/\/aifonline.net\/wp-content\/uploads\/2023\/08\/henri_danzon5-1396x1536.jpg 1396w, https:\/\/aifonline.net\/wp-content\/uploads\/2023\/08\/henri_danzon5-1861x2048.jpg 1861w, https:\/\/aifonline.net\/wp-content\/uploads\/2023\/08\/henri_danzon5.jpg 1998w\" sizes=\"(max-width: 930px) 100vw, 930px\" \/><\/a><figcaption class=\"wp-element-caption\">Henri Danzon \u00e0 l&#8217;atelier, Toulouse vers 1960<\/figcaption><\/figure>\n\n\n\n<figure class=\"wp-block-image size-large\"><a href=\"https:\/\/aifonline.net\/wp-content\/uploads\/2023\/08\/Jenta-Danzon.jpg\"><img decoding=\"async\" loading=\"lazy\" width=\"1024\" height=\"745\" data-id=\"4502\" src=\"https:\/\/aifonline.net\/wp-content\/uploads\/2023\/08\/Jenta-Danzon-1024x745.jpg\" alt=\"\" class=\"wp-image-4502\" srcset=\"https:\/\/aifonline.net\/wp-content\/uploads\/2023\/08\/Jenta-Danzon-1024x745.jpg 1024w, https:\/\/aifonline.net\/wp-content\/uploads\/2023\/08\/Jenta-Danzon-300x218.jpg 300w, https:\/\/aifonline.net\/wp-content\/uploads\/2023\/08\/Jenta-Danzon-768x558.jpg 768w, https:\/\/aifonline.net\/wp-content\/uploads\/2023\/08\/Jenta-Danzon.jpg 1437w\" sizes=\"(max-width: 1024px) 100vw, 1024px\" \/><\/a><figcaption class=\"wp-element-caption\">Jenta Danzon n\u00e9e Chaba \u00e0 Saint-Cyprien en 1961<\/figcaption><\/figure>\n<\/figure>\n","protected":false},"excerpt":{"rendered":"<p>Par son fils Marc Danzon Hersh Danzon est le dernier enfant de Jenta Chaba et de Ajzyk Danzon. Il est<\/p>\n","protected":false},"author":1,"featured_media":0,"comment_status":"open","ping_status":"open","sticky":false,"template":"","format":"standard","meta":{"_mi_skip_tracking":false,"_exactmetrics_sitenote_active":false,"_exactmetrics_sitenote_note":"","_exactmetrics_sitenote_category":0,"footnotes":""},"categories":[84],"tags":[],"table_tags":[],"_links":{"self":[{"href":"https:\/\/aifonline.net\/index.php?rest_route=\/wp\/v2\/posts\/4491"}],"collection":[{"href":"https:\/\/aifonline.net\/index.php?rest_route=\/wp\/v2\/posts"}],"about":[{"href":"https:\/\/aifonline.net\/index.php?rest_route=\/wp\/v2\/types\/post"}],"author":[{"embeddable":true,"href":"https:\/\/aifonline.net\/index.php?rest_route=\/wp\/v2\/users\/1"}],"replies":[{"embeddable":true,"href":"https:\/\/aifonline.net\/index.php?rest_route=%2Fwp%2Fv2%2Fcomments&post=4491"}],"version-history":[{"count":14,"href":"https:\/\/aifonline.net\/index.php?rest_route=\/wp\/v2\/posts\/4491\/revisions"}],"predecessor-version":[{"id":4534,"href":"https:\/\/aifonline.net\/index.php?rest_route=\/wp\/v2\/posts\/4491\/revisions\/4534"}],"wp:attachment":[{"href":"https:\/\/aifonline.net\/index.php?rest_route=%2Fwp%2Fv2%2Fmedia&parent=4491"}],"wp:term":[{"taxonomy":"category","embeddable":true,"href":"https:\/\/aifonline.net\/index.php?rest_route=%2Fwp%2Fv2%2Fcategories&post=4491"},{"taxonomy":"post_tag","embeddable":true,"href":"https:\/\/aifonline.net\/index.php?rest_route=%2Fwp%2Fv2%2Ftags&post=4491"},{"taxonomy":"table_tags","embeddable":true,"href":"https:\/\/aifonline.net\/index.php?rest_route=%2Fwp%2Fv2%2Ftable_tags&post=4491"}],"curies":[{"name":"wp","href":"https:\/\/api.w.org\/{rel}","templated":true}]}}