{"id":4701,"date":"2023-09-01T09:20:00","date_gmt":"2023-09-01T07:20:00","guid":{"rendered":"http:\/\/aifonline.net\/?p=4701"},"modified":"2023-10-03T21:16:17","modified_gmt":"2023-10-03T19:16:17","slug":"actualite-les-journees-europeennes-de-la-culture-juive","status":"publish","type":"post","link":"https:\/\/aifonline.net\/?p=4701","title":{"rendered":"Actualit\u00e9 : Les journ\u00e9es europ\u00e9ennes de la culture juive"},"content":{"rendered":"\n<p><strong><em>Par Alain Kaminski<\/em><\/strong><\/p>\n\n\n\n<p>Les Journ\u00e9es europ\u00e9ennes de la culture juive sont d\u00e9sormais plac\u00e9es sous le haut patronage de l&#8217;Unesco.<br>Dans le cadre de ces journ\u00e9es, la F\u00e9d\u00e9ration des Soci\u00e9t\u00e9s Juives de France, inscrite dans ce programme, organise le dimanche 22 octobre \u00e0 14h une visite guid\u00e9e des monuments fun\u00e9raires juifs au Cimeti\u00e8re parisien de Bagneux, rendez-vous devant la porte principale.<br>Des explications sur l&#8217;Histoire des Soci\u00e9t\u00e9s mutualistes et sur les patronymes grav\u00e9s sur ces s\u00e9pultures.<br>Visite gratuite.<br>Conf\u00e9rencier : Alain Kaminski<br><em>Secr\u00e9taire G\u00e9n\u00e9ral de la F\u00e9d\u00e9ration des Soci\u00e9t\u00e9s Juives de France<\/em><\/p>\n\n\n\n<figure class=\"wp-block-image size-large\"><img decoding=\"async\" loading=\"lazy\" width=\"1024\" height=\"669\" src=\"https:\/\/aifonline.net\/wp-content\/uploads\/2023\/10\/Memorial-des-Galiciens-en-France-1024x669.jpg\" alt=\"\" class=\"wp-image-4847\" srcset=\"https:\/\/aifonline.net\/wp-content\/uploads\/2023\/10\/Memorial-des-Galiciens-en-France-1024x669.jpg 1024w, https:\/\/aifonline.net\/wp-content\/uploads\/2023\/10\/Memorial-des-Galiciens-en-France-300x196.jpg 300w, https:\/\/aifonline.net\/wp-content\/uploads\/2023\/10\/Memorial-des-Galiciens-en-France-768x502.jpg 768w, https:\/\/aifonline.net\/wp-content\/uploads\/2023\/10\/Memorial-des-Galiciens-en-France-1536x1003.jpg 1536w, https:\/\/aifonline.net\/wp-content\/uploads\/2023\/10\/Memorial-des-Galiciens-en-France.jpg 2000w\" sizes=\"(max-width: 1024px) 100vw, 1024px\" \/><figcaption class=\"wp-element-caption\">M\u00e9morial des Galiciens en France<\/figcaption><\/figure>\n\n\n\n<p><a href=\"https:\/\/www.jecpj-france.com\/\">https:\/\/www.jecpj-france.com<\/a><\/p>\n","protected":false},"excerpt":{"rendered":"<p>Par Alain Kaminski Les Journ\u00e9es europ\u00e9ennes de la culture juive sont d\u00e9sormais plac\u00e9es sous le haut patronage de l&#8217;Unesco.Dans le<\/p>\n","protected":false},"author":1,"featured_media":0,"comment_status":"open","ping_status":"open","sticky":false,"template":"","format":"standard","meta":{"_mi_skip_tracking":false,"_exactmetrics_sitenote_active":false,"_exactmetrics_sitenote_note":"","_exactmetrics_sitenote_category":0,"footnotes":""},"categories":[2],"tags":[],"table_tags":[],"_links":{"self":[{"href":"https:\/\/aifonline.net\/index.php?rest_route=\/wp\/v2\/posts\/4701"}],"collection":[{"href":"https:\/\/aifonline.net\/index.php?rest_route=\/wp\/v2\/posts"}],"about":[{"href":"https:\/\/aifonline.net\/index.php?rest_route=\/wp\/v2\/types\/post"}],"author":[{"embeddable":true,"href":"https:\/\/aifonline.net\/index.php?rest_route=\/wp\/v2\/users\/1"}],"replies":[{"embeddable":true,"href":"https:\/\/aifonline.net\/index.php?rest_route=%2Fwp%2Fv2%2Fcomments&post=4701"}],"version-history":[{"count":7,"href":"https:\/\/aifonline.net\/index.php?rest_route=\/wp\/v2\/posts\/4701\/revisions"}],"predecessor-version":[{"id":4848,"href":"https:\/\/aifonline.net\/index.php?rest_route=\/wp\/v2\/posts\/4701\/revisions\/4848"}],"wp:attachment":[{"href":"https:\/\/aifonline.net\/index.php?rest_route=%2Fwp%2Fv2%2Fmedia&parent=4701"}],"wp:term":[{"taxonomy":"category","embeddable":true,"href":"https:\/\/aifonline.net\/index.php?rest_route=%2Fwp%2Fv2%2Fcategories&post=4701"},{"taxonomy":"post_tag","embeddable":true,"href":"https:\/\/aifonline.net\/index.php?rest_route=%2Fwp%2Fv2%2Ftags&post=4701"},{"taxonomy":"table_tags","embeddable":true,"href":"https:\/\/aifonline.net\/index.php?rest_route=%2Fwp%2Fv2%2Ftable_tags&post=4701"}],"curies":[{"name":"wp","href":"https:\/\/api.w.org\/{rel}","templated":true}]}}