{"id":4719,"date":"2023-10-06T08:52:00","date_gmt":"2023-10-06T06:52:00","guid":{"rendered":"http:\/\/aifonline.net\/?p=4719"},"modified":"2023-10-06T08:59:52","modified_gmt":"2023-10-06T06:59:52","slug":"portrait-icek-drzazga-1909-1974","status":"publish","type":"post","link":"https:\/\/aifonline.net\/?p=4719","title":{"rendered":"Portrait : Icek Drzazga (1909-1974)"},"content":{"rendered":"\n<p><strong><em>Par sa fille, Rosette Birkan<\/em><\/strong><\/p>\n\n\n\n<div class=\"wp-block-media-text alignwide has-media-on-the-right is-stacked-on-mobile is-image-fill has-white-color has-text-color has-background\" style=\"background-color:#7495bc\"><div class=\"wp-block-media-text__content\">\n<p>Icek Drzazga, mon p\u00e8re,&nbsp;a vu le jour le 14 mai 1909 dans le foyer de ses parents, Moszek Lajb Drzazga (1875-1920) et Ruchla La\u00efa Laznowska (1882-1942). Il est le&nbsp;quatri\u00e8me&nbsp;d&#8217;une fratrie de cinq enfants.&nbsp;Moszek Lajb \u00e9tait employ\u00e9 dans une usine de filatures de Tomaszow Mazowiecki. A sa mort, l&#8217;a\u00een\u00e9e de la famille, Sura La\u00efa, est \u00e2g\u00e9e de 16 ans,&nbsp;Abraham, l&#8217;a\u00een\u00e9 des gar\u00e7ons, de 15 ans, puis viennent respectivement Genia 13 ans, Icek 11 ans, et Heniek, le benjamin, qui devait avoir environ 4 ans. Leur m\u00e8re va \u00e9lever seule ses&nbsp;enfants. Mon p\u00e8re entre en apprentissage chez un tailleur pour hommes afin de soulager la charge familiale.<\/p>\n\n\n\n<p class=\"has-text-align-right\"><em>(Icek Drzazga, Tomaszow-Mazowiecki, 1925-1930)<\/em><\/p>\n\n\n\n<p><\/p>\n<\/div><figure class=\"wp-block-media-text__media\" style=\"background-image:url(https:\/\/aifonline.net\/wp-content\/uploads\/2023\/09\/1925-1930-Icek-DRZAZGA-jeune-homme-Tomaszow-Mazowiecki-633x1024.jpg);background-position:40% 16%\"><img decoding=\"async\" loading=\"lazy\" width=\"633\" height=\"1024\" src=\"https:\/\/aifonline.net\/wp-content\/uploads\/2023\/09\/1925-1930-Icek-DRZAZGA-jeune-homme-Tomaszow-Mazowiecki-633x1024.jpg\" alt=\"\" class=\"wp-image-4724 size-full\" srcset=\"https:\/\/aifonline.net\/wp-content\/uploads\/2023\/09\/1925-1930-Icek-DRZAZGA-jeune-homme-Tomaszow-Mazowiecki-633x1024.jpg 633w, https:\/\/aifonline.net\/wp-content\/uploads\/2023\/09\/1925-1930-Icek-DRZAZGA-jeune-homme-Tomaszow-Mazowiecki-186x300.jpg 186w, https:\/\/aifonline.net\/wp-content\/uploads\/2023\/09\/1925-1930-Icek-DRZAZGA-jeune-homme-Tomaszow-Mazowiecki-768x1242.jpg 768w, https:\/\/aifonline.net\/wp-content\/uploads\/2023\/09\/1925-1930-Icek-DRZAZGA-jeune-homme-Tomaszow-Mazowiecki-950x1536.jpg 950w, https:\/\/aifonline.net\/wp-content\/uploads\/2023\/09\/1925-1930-Icek-DRZAZGA-jeune-homme-Tomaszow-Mazowiecki.jpg 1237w\" sizes=\"(max-width: 633px) 100vw, 633px\" \/><\/figure><\/div>\n\n\n\n<div class=\"wp-block-media-text alignwide is-stacked-on-mobile is-image-fill has-gray-color has-light-gray-background-color has-text-color has-background\"><figure class=\"wp-block-media-text__media\" style=\"background-image:url(https:\/\/aifonline.net\/wp-content\/uploads\/2023\/09\/1933-Famille-Drzazga-Tomaszow-Mazowiecki2-1024x622.jpg);background-position:61% 18%\"><img decoding=\"async\" loading=\"lazy\" width=\"1024\" height=\"622\" src=\"https:\/\/aifonline.net\/wp-content\/uploads\/2023\/09\/1933-Famille-Drzazga-Tomaszow-Mazowiecki2-1024x622.jpg\" alt=\"\" class=\"wp-image-4726 size-full\" srcset=\"https:\/\/aifonline.net\/wp-content\/uploads\/2023\/09\/1933-Famille-Drzazga-Tomaszow-Mazowiecki2-1024x622.jpg 1024w, https:\/\/aifonline.net\/wp-content\/uploads\/2023\/09\/1933-Famille-Drzazga-Tomaszow-Mazowiecki2-300x182.jpg 300w, https:\/\/aifonline.net\/wp-content\/uploads\/2023\/09\/1933-Famille-Drzazga-Tomaszow-Mazowiecki2-768x467.jpg 768w, https:\/\/aifonline.net\/wp-content\/uploads\/2023\/09\/1933-Famille-Drzazga-Tomaszow-Mazowiecki2.jpg 1527w\" sizes=\"(max-width: 1024px) 100vw, 1024px\" \/><\/figure><div class=\"wp-block-media-text__content\">\n<figure class=\"wp-block-pullquote\"><blockquote><p><strong><em>Tous les visages apparaissent souriants et sereins, confiants en l&#8217;avenir<\/em><\/strong><\/p><\/blockquote><\/figure>\n\n\n\n<p>Il n&#8217;y a pas d&#8217;avenir possible dans la Pologne de l&#8217;entre-deux-guerres : une grave crise \u00e9conomique s\u00e9vit, provoquant la mont\u00e9e du ch\u00f4mage et de l&#8217;antis\u00e9mitisme.<br>Abraham, le premier, va \u00e9migrer en France. Mon p\u00e8re le rejoint en 1933.<br>Sur la photo de famille, prise avant la fin de l&#8217;ann\u00e9e 1933, juste avant son d\u00e9part pour la France, tous les visages apparaissent souriants et sereins, confiants en l&#8217;avenir.<br>Au centre de la photo, portant l&#8217;enfant de sa fille Genia, ma grand-m\u00e8re paternelle, au 1er rang, mon arri\u00e8re-grand-m\u00e8re. Au fond, \u00e0 droite, mon p\u00e8re.<\/p>\n\n\n\n<p><\/p>\n<\/div><\/div>\n\n\n\n<div class=\"wp-block-media-text alignwide has-media-on-the-right is-stacked-on-mobile is-image-fill has-white-color has-text-color has-background\" style=\"background-color:#7495bc\"><div class=\"wp-block-media-text__content\">\n<p>D&#8217;abord accueilli \u00e0 Paris chez son fr\u00e8re, mon p\u00e8re s&#8217;\u00e9tablit dans le 20e arrondissement.&nbsp;<br>Il est c\u00e9libataire lorsque la guerre \u00e9clate. Le 2 janvier 1940, il s&#8217;engage en tant que volontaire dans l&#8217;arm\u00e9e fran\u00e7aise et est affect\u00e9 \u00e0 la L\u00e9gion \u00e9trang\u00e8re. Il est dirig\u00e9 sur le d\u00e9p\u00f4t de la&nbsp;Valbonne le 6 janvier 1940, puis sur le camp de Barcar\u00e8s. Le 1er mars 1940, il est incorpor\u00e9 dans le 22e R.M.V.E. (R\u00e9giment de Marche des Volontaires Etrangers)<sup>1<\/sup> en tant que soldat&nbsp;d&#8217;infanterie 2e classe. Fait prisonnier le 6 juin 1940 avec son r\u00e9giment dans la Somme, il passe cinq ans dans un camp de prisonniers en Allemagne sous le matricule num\u00e9ro 16820&nbsp;(Stalag VII A). Il est lib\u00e9r\u00e9 par les Alli\u00e9s le 1er mai 1945. Rentr\u00e9 en France, il est d\u00e9mobilis\u00e9 le 24 ao\u00fbt 1945. Il a obtenu la croix du combattant volontaire 1939-1945.<br>Mon p\u00e8re ne nous parlait pas de sa jeunesse en Pologne, ni de ses ann\u00e9es de captivit\u00e9 durant la Seconde Guerre mondiale. Lorsqu&#8217;il d\u00e9sirait parfois \u00e9voquer celles-ci, ma m\u00e8re l&#8217;arr\u00eatait&nbsp;imm\u00e9diatement d&#8217;un ton r\u00e9probateur. J&#8217;avais toutefois retenu l&#8217;histoire des \u00ab&nbsp;totos&nbsp;\u00bb, sobriquet donn\u00e9 aux poux par les soldats qui en \u00e9taient infest\u00e9s et celle de la ration alimentaire&nbsp;compos\u00e9e pour une large part de &nbsp;rutabagas, l\u00e9gume dont je ne connaissais ni la forme, ni la couleur, que mon p\u00e8re avait fini par d\u00e9tester pour le restant de ses jours.<br>D\u00e8s son retour de captivit\u00e9 Icek tente de retrouver les survivants de sa famille. Sa jeune s\u0153ur, Genia, qui avait \u00e9t\u00e9 d\u00e9port\u00e9e \u00e0 Auschwitz et qui a surv\u00e9cu, est retourn\u00e9e vivre en Pologne.&nbsp;Le benjamin, Heniek, retrouv\u00e9 dans un camp de personnes d\u00e9plac\u00e9es \u00e0 Bergen-Belsen o\u00f9 il se mariera, partira faire sa vie \u00e0 Melbourne, en Australie. Quant \u00e0 Abraham et son \u00e9pouse,&nbsp;d\u00e9port\u00e9s de France sans retour, ils laissent derri\u00e8re eux leur fillette, Ruth, orpheline, qui partira vivre en Isra\u00ebl.<\/p>\n\n\n\n<p class=\"has-text-align-right\"><em>(Icek Drzazga en militaire)&nbsp;<\/em><\/p>\n\n\n\n<p><\/p>\n<\/div><figure class=\"wp-block-media-text__media\" style=\"background-image:url(https:\/\/aifonline.net\/wp-content\/uploads\/2023\/09\/1940-1945-Icek-Drzazga-militaire.jpeg);background-position:52% 13%\"><img decoding=\"async\" loading=\"lazy\" width=\"599\" height=\"630\" src=\"https:\/\/aifonline.net\/wp-content\/uploads\/2023\/09\/1940-1945-Icek-Drzazga-militaire.jpeg\" alt=\"\" class=\"wp-image-4735 size-full\" srcset=\"https:\/\/aifonline.net\/wp-content\/uploads\/2023\/09\/1940-1945-Icek-Drzazga-militaire.jpeg 599w, https:\/\/aifonline.net\/wp-content\/uploads\/2023\/09\/1940-1945-Icek-Drzazga-militaire-285x300.jpeg 285w\" sizes=\"(max-width: 599px) 100vw, 599px\" \/><\/figure><\/div>\n\n\n\n<div class=\"wp-block-media-text alignwide is-stacked-on-mobile is-image-fill has-gray-color has-light-gray-background-color has-text-color has-background\"><figure class=\"wp-block-media-text__media\" style=\"background-image:url(https:\/\/aifonline.net\/wp-content\/uploads\/2023\/09\/1947-Icek-Drzazga-et-Hena-Ruchla-Cukier-1947-716x1024.jpg);background-position:49% 35%\"><img decoding=\"async\" loading=\"lazy\" width=\"716\" height=\"1024\" src=\"https:\/\/aifonline.net\/wp-content\/uploads\/2023\/09\/1947-Icek-Drzazga-et-Hena-Ruchla-Cukier-1947-716x1024.jpg\" alt=\"\" class=\"wp-image-4729 size-full\" srcset=\"https:\/\/aifonline.net\/wp-content\/uploads\/2023\/09\/1947-Icek-Drzazga-et-Hena-Ruchla-Cukier-1947-716x1024.jpg 716w, https:\/\/aifonline.net\/wp-content\/uploads\/2023\/09\/1947-Icek-Drzazga-et-Hena-Ruchla-Cukier-1947-210x300.jpg 210w, https:\/\/aifonline.net\/wp-content\/uploads\/2023\/09\/1947-Icek-Drzazga-et-Hena-Ruchla-Cukier-1947-768x1099.jpg 768w, https:\/\/aifonline.net\/wp-content\/uploads\/2023\/09\/1947-Icek-Drzazga-et-Hena-Ruchla-Cukier-1947-1074x1536.jpg 1074w, https:\/\/aifonline.net\/wp-content\/uploads\/2023\/09\/1947-Icek-Drzazga-et-Hena-Ruchla-Cukier-1947.jpg 1398w\" sizes=\"(max-width: 716px) 100vw, 716px\" \/><\/figure><div class=\"wp-block-media-text__content\">\n<p>Apr\u00e8s la guerre mon p\u00e8re reprend son activit\u00e9 de tailleur pour hommes. Il \u00e9pouse ma m\u00e8re, H\u00e9na Ruchla Cukier, en 1947. Il obtient la naturalisation fran\u00e7aise en 1948 et, apr\u00e8s une&nbsp;tentative maladroite de francisation de son nom de la part de l&#8217;administration, qu&#8217;il refusa, il d\u00e9cida de conserver son nom d&#8217;origine qui signifie en polonais \u00ab&nbsp;\u00e9pine, \u00e9charde ou petit bout&nbsp;de bois&nbsp;\u00bb. De cette union, na\u00eet ma s\u0153ur, Lili,&nbsp;en 1948, et moi-m\u00eame trois ans plus tard.&nbsp;&nbsp;<br>Mon p\u00e8re ne m&#8217;a jamais parl\u00e9 de sa famille rest\u00e9e en Pologne et d\u00e9port\u00e9e. Bien des ann\u00e9es apr\u00e8s sa mort, Heniek, son jeune fr\u00e8re, de passage \u00e0 Paris, me pr\u00e9sente sur la photo&nbsp;&nbsp;de famille&nbsp;prise avant le d\u00e9part de mon p\u00e8re en France, ma grand-m\u00e8re et mon arri\u00e8re-grand-m\u00e8re. J&#8217;ai appris tr\u00e8s tard que ma grand-m\u00e8re paternelle a \u00e9t\u00e9 d\u00e9port\u00e9e \u00e0 Treblinka.&nbsp;<\/p>\n\n\n\n<p><em>(Icek Drzazga et Hena Ruchla Cukier, 1947)<\/em><\/p>\n\n\n\n<p><\/p>\n<\/div><\/div>\n\n\n\n<div class=\"wp-block-media-text alignwide has-media-on-the-right is-stacked-on-mobile is-image-fill has-white-color has-text-color has-background\" style=\"background-color:#7495bc\"><div class=\"wp-block-media-text__content\">\n<p>C&#8217;\u00e9tait un homme courageux, peu bavard, ayant un grand sens des responsabilit\u00e9s, droit, juste et bon.&nbsp;&nbsp;<br>Pour vivre, il fallait garder le pass\u00e9 \u00e0 distance. Il aimait la modernit\u00e9 et c&#8217;est gr\u00e2ce \u00e0 lui que sont entr\u00e9s dans la maison le transistor, les radiateurs \u00e9lectriques, le moulin \u00e0 caf\u00e9 \u00e9lectrique,&nbsp;la cocotte-minute et la t\u00e9l\u00e9vision.<br>Papa se tenait \u00e9loign\u00e9 de la religion. La seule fois o\u00f9 je l&#8217;ai vu \u00e0 la synagogue, c&#8217;\u00e9tait pour le mariage de ma s\u0153ur. Cependant, il se sentait profond\u00e9ment juif. Servir les hommes, ses&nbsp;fr\u00e8res, veiller par son action \u00e0 rendre le monde meilleur \u00e9taient sa ligne de conduite. Il faisait corps avec son peuple et avait combattu contre le nazisme, pour la libert\u00e9. Il respectait&nbsp;scrupuleusement toutes les valeurs \u00e9thiques du juda\u00efsme. Une grande tol\u00e9rance mutuelle unissait mon p\u00e8re et mes grands-parents maternels, juifs pratiquants. Il respectait leur pratique&nbsp;religieuse. Quant \u00e0 lui, la conscience aigu\u00eb de sa jud\u00e9it\u00e9 s&#8217;accommodait fort bien de l&#8217;absence de toute pratique religieuse. Chacun avait r\u00e9sist\u00e9 et continuait de r\u00e9sister \u00e0 sa mani\u00e8re pour&nbsp;\u00eatre un \u00ab&nbsp;mensch&nbsp;\u00bb. Leur attitude face aux drames qu&#8217;ils avaient v\u00e9cu \u00e9tait compl\u00e9mentaire.<\/p>\n\n\n\n<p class=\"has-text-align-right\"><em>(D\u00e9part en vacances, 1955)<\/em><\/p>\n\n\n\n<p><\/p>\n<\/div><figure class=\"wp-block-media-text__media\" style=\"background-image:url(https:\/\/aifonline.net\/wp-content\/uploads\/2023\/09\/1955-Depart-en-vacances.jpg);background-position:50% 50%\"><img decoding=\"async\" loading=\"lazy\" width=\"655\" height=\"631\" src=\"https:\/\/aifonline.net\/wp-content\/uploads\/2023\/09\/1955-Depart-en-vacances.jpg\" alt=\"\" class=\"wp-image-4731 size-full\" srcset=\"https:\/\/aifonline.net\/wp-content\/uploads\/2023\/09\/1955-Depart-en-vacances.jpg 655w, https:\/\/aifonline.net\/wp-content\/uploads\/2023\/09\/1955-Depart-en-vacances-300x289.jpg 300w\" sizes=\"(max-width: 655px) 100vw, 655px\" \/><\/figure><\/div>\n\n\n\n<div class=\"wp-block-media-text alignwide is-stacked-on-mobile is-image-fill has-gray-color has-light-gray-background-color has-text-color has-background\"><figure class=\"wp-block-media-text__media\" style=\"background-image:url(https:\/\/aifonline.net\/wp-content\/uploads\/2023\/09\/1968-Au-mariage-de-ma-soeur-Lili-771x1024.jpg);background-position:54% 38%\"><img decoding=\"async\" loading=\"lazy\" width=\"771\" height=\"1024\" src=\"https:\/\/aifonline.net\/wp-content\/uploads\/2023\/09\/1968-Au-mariage-de-ma-soeur-Lili-771x1024.jpg\" alt=\"\" class=\"wp-image-4732 size-full\" srcset=\"https:\/\/aifonline.net\/wp-content\/uploads\/2023\/09\/1968-Au-mariage-de-ma-soeur-Lili-771x1024.jpg 771w, https:\/\/aifonline.net\/wp-content\/uploads\/2023\/09\/1968-Au-mariage-de-ma-soeur-Lili-226x300.jpg 226w, https:\/\/aifonline.net\/wp-content\/uploads\/2023\/09\/1968-Au-mariage-de-ma-soeur-Lili-768x1020.jpg 768w, https:\/\/aifonline.net\/wp-content\/uploads\/2023\/09\/1968-Au-mariage-de-ma-soeur-Lili-1157x1536.jpg 1157w, https:\/\/aifonline.net\/wp-content\/uploads\/2023\/09\/1968-Au-mariage-de-ma-soeur-Lili.jpg 1506w\" sizes=\"(max-width: 771px) 100vw, 771px\" \/><\/figure><div class=\"wp-block-media-text__content\">\n<p>Il appr\u00e9ciait particuli\u00e8rement les airs de musique juive. Lorsqu&#8217;il entendait une nouvelle chanson \u00e0 la radio, il l&#8217;\u00e9coutait attentivement et, parfois, il s&#8217;arr\u00eatait de coudre, l&#8217;aiguille en l&#8217;air. Il&nbsp;m&#8217;expliquait alors, \u00e0 mon grand \u00e9tonnement, que la musique de la chanson que nous \u00e9tions en train d&#8217;\u00e9couter \u00e9tait une ancienne chanson juive avec des paroles en fran\u00e7ais, comme \u00ab&nbsp;Dona, dona, dona&nbsp;\u00bb interpr\u00e9t\u00e9e par Claude Fran\u00e7ois.<br>Il attirait mon attention sur des airs de liturgie juive qui passaient parfois \u00e0 la radio, interpr\u00e9t\u00e9s par des cantors comme les chants de&nbsp;Kol Nidr\u00e9.&nbsp;Je pressentais alors qu&#8217;une porte&nbsp;s&#8217;entrouvrait sur un monde disparu. Il avait re\u00e7u, comme beaucoup d&#8217;enfants juifs de son \u00e9poque, en plus d&#8217;une instruction dispens\u00e9e par l&#8217;\u00e9cole primaire, une \u00e9ducation religieuse mais,&nbsp;par conviction personnelle, il ne voulait pas en parler. C&#8217;est ainsi que j&#8217;ai reconnu, adulte, avec \u00e9motion, un air qu&#8217;il fredonnait dans l&#8217;atelier tout en repassant, lors de l&#8217;office du samedi&nbsp;matin au moment de la sortie des rouleaux de la Torah. Enfant, je ne savais pas ce dont il s&#8217;agissait.&nbsp;<\/p>\n\n\n\n<p><em>(Au mariage de sa fille Lili, 1968)<\/em><\/p>\n\n\n\n<p><\/p>\n<\/div><\/div>\n\n\n\n<div class=\"wp-block-media-text alignwide has-media-on-the-right is-stacked-on-mobile is-image-fill has-white-color has-text-color has-background\" style=\"background-color:#7495bc\"><div class=\"wp-block-media-text__content\">\n<p>Mon p\u00e8re connaissait beaucoup de monde que je ne connaissais pas : \u00ab&nbsp;des anciens camarades de r\u00e9giment&nbsp;\u00bb se plaisait-il \u00e0 r\u00e9p\u00e9ter et des gens d&#8217;avant-guerre. Lorsqu&#8217;il lisait son journal&nbsp;yiddish&nbsp;Die&nbsp;Na\u00efe Press&nbsp;et, plus tard,&nbsp;Unzer Wort,&nbsp;il ne manquait pas de parcourir la page de n\u00e9crologie. Parfois, il s&#8217;exclamait en apprenant avec tristesse la mort d&#8217;un de ses anciens&nbsp;compagnons. Il s&#8217;habillait alors avec soin et se rendait \u00e0 l&#8217;enterrement coiff\u00e9 de son chapeau des grandes occasions.<\/p>\n\n\n\n<p class=\"has-text-align-right\"><em>(Aux fian\u00e7ailles de sa fille Rosette, 31 mars 1974)<\/em><\/p>\n\n\n\n<p><\/p>\n<\/div><figure class=\"wp-block-media-text__media\" style=\"background-image:url(https:\/\/aifonline.net\/wp-content\/uploads\/2023\/09\/1974-Mon-pere-a-mes-fiancailles-792x1024.jpg);background-position:52% 24%\"><img decoding=\"async\" loading=\"lazy\" width=\"792\" height=\"1024\" src=\"https:\/\/aifonline.net\/wp-content\/uploads\/2023\/09\/1974-Mon-pere-a-mes-fiancailles-792x1024.jpg\" alt=\"\" class=\"wp-image-4734 size-full\" srcset=\"https:\/\/aifonline.net\/wp-content\/uploads\/2023\/09\/1974-Mon-pere-a-mes-fiancailles-792x1024.jpg 792w, https:\/\/aifonline.net\/wp-content\/uploads\/2023\/09\/1974-Mon-pere-a-mes-fiancailles-232x300.jpg 232w, https:\/\/aifonline.net\/wp-content\/uploads\/2023\/09\/1974-Mon-pere-a-mes-fiancailles-768x993.jpg 768w, https:\/\/aifonline.net\/wp-content\/uploads\/2023\/09\/1974-Mon-pere-a-mes-fiancailles-1188x1536.jpg 1188w, https:\/\/aifonline.net\/wp-content\/uploads\/2023\/09\/1974-Mon-pere-a-mes-fiancailles.jpg 1462w\" sizes=\"(max-width: 792px) 100vw, 792px\" \/><\/figure><\/div>\n\n\n\n<div class=\"wp-block-media-text alignwide is-stacked-on-mobile is-image-fill has-gray-color has-light-gray-background-color has-text-color has-background\"><figure class=\"wp-block-media-text__media\" style=\"background-image:url(https:\/\/aifonline.net\/wp-content\/uploads\/2023\/09\/1971-Avec-son-petit-fils-et-son-epouse-Hena-Ruchla.jpg);background-position:67% 69%\"><img decoding=\"async\" loading=\"lazy\" width=\"928\" height=\"936\" src=\"https:\/\/aifonline.net\/wp-content\/uploads\/2023\/09\/1971-Avec-son-petit-fils-et-son-epouse-Hena-Ruchla.jpg\" alt=\"\" class=\"wp-image-4733 size-full\" srcset=\"https:\/\/aifonline.net\/wp-content\/uploads\/2023\/09\/1971-Avec-son-petit-fils-et-son-epouse-Hena-Ruchla.jpg 928w, https:\/\/aifonline.net\/wp-content\/uploads\/2023\/09\/1971-Avec-son-petit-fils-et-son-epouse-Hena-Ruchla-297x300.jpg 297w, https:\/\/aifonline.net\/wp-content\/uploads\/2023\/09\/1971-Avec-son-petit-fils-et-son-epouse-Hena-Ruchla-150x150.jpg 150w, https:\/\/aifonline.net\/wp-content\/uploads\/2023\/09\/1971-Avec-son-petit-fils-et-son-epouse-Hena-Ruchla-768x775.jpg 768w\" sizes=\"(max-width: 928px) 100vw, 928px\" \/><\/figure><div class=\"wp-block-media-text__content\">\n<p>Curieusement, il m&#8217;avait recommand\u00e9 deux r\u00e8gles du juda\u00efsme \u00e0 respecter&nbsp;:<br>\u2022 D&#8217;une part, la femme ne devait pas porter de v\u00eatements d&#8217;homme tels que le pantalon en se rendant au cimeti\u00e8re, seul et dernier endroit o\u00f9 les r\u00e8gles religieuses tomb\u00e9es en d\u00e9su\u00e9tude&nbsp;dans notre soci\u00e9t\u00e9 moderne devaient, selon lui, rester en vigueur. Respect de ceux qui dorment dans la poussi\u00e8re.<br>\u2022 D&#8217;autre part, il fallait se garder de la m\u00e9disance. Respect des vivants.<br>Ces r\u00e8gles m&#8217;ont appris deux choses essentielles&nbsp;: respecter les anciens et respecter son prochain. Voil\u00e0 l&#8217;enseignement religieux de mon p\u00e8re.<br>Mon p\u00e8re fut pr\u00e9sent au mariage de ma s\u0153ur en 1968 et vit la naissance de ses deux premiers petits-enfants : Pascal et Karine. Son petit-fils le remplissait de fiert\u00e9, lui qui n&#8217;avait donn\u00e9&nbsp;naissance qu&#8217;\u00e0 des filles.&nbsp;<br>Il assista, fort \u00e9mu, \u00e0 mes fian\u00e7ailles, le 31 mars 1974. Malheureusement, il n&#8217;\u00e9tait plus de ce monde \u00e0 mon mariage. Il s&#8217;est \u00e9teint \u00e0 Paris le 2 mai 1974 (z&#8221;al).<\/p>\n\n\n\n<p><\/p>\n<\/div><\/div>\n\n\n\n<blockquote class=\"wp-block-quote has-small-font-size\">\n<p><sup>1<\/sup> \u00ab&nbsp;Cr\u00e9\u00e9 le 24 octobre 1939, le r\u00e9giment de marche des volontaires \u00e9trangers&nbsp;est compos\u00e9 d&#8217;Espagnols, de Polonais et de Juifs d&#8217;Europe centrale. Incompl\u00e8tement \u00e9quip\u00e9s, les l\u00e9gionnaires durent recourir \u00e0 la ficelle pour faire tenir leurs \u00e9quipements&nbsp;; les courroies, jugulaires, cartouchi\u00e8res et havresacs ne leur ayant pas \u00e9t\u00e9 fournis. Ils furent surnomm\u00e9s les \u00ab&nbsp;r\u00e9giments ficelles&nbsp;\u00bb. Lors de l&#8217;invasion de la Belgique, le r\u00e9giment re\u00e7oit pour mission de prot\u00e9ger la boucle de la Somme, pr\u00e8s de P\u00e9ronne. Les bataillons qui r\u00e9sistent bien succombent les uns apr\u00e8s les autres, faute de munitions, refusant les offres de reddition et terminant au corps \u00e0 corps. Le chef des troupes allemandes d\u00e9clarera au chef de corps, le commandant Hermann&nbsp;: \u00ab&nbsp;Vous vous \u00eates magnifiquement d\u00e9fendus, vous nous avez caus\u00e9 beaucoup de pertes, vous avez retard\u00e9 notre marche et vous nous avez forc\u00e9 \u00e0 utiliser des renforts que nous n&#8217;avions pas l&#8217;intention de mettre en ligne contre vous&nbsp;\u00bb. Le g\u00e9n\u00e9ral d&#8217;arm\u00e9e Fr\u00e8re dira plus tard&nbsp;: \u00ab&nbsp;Le 22e, quel beau r\u00e9giment&nbsp;! C&#8217;est \u00e0 sa r\u00e9sistance h\u00e9ro\u00efque que la VIIe Arm\u00e9e fran\u00e7aise dut de ne pas \u00eatre encercl\u00e9e&nbsp;\u00bb. Le 22e RMVE a \u00e9t\u00e9 cit\u00e9 \u00e0 l&#8217;ordre de l&#8217;Arm\u00e9e. En 1985, sa Croix de guerre a \u00e9t\u00e9 remise \u00e0 la garde du 2e REI.&nbsp;\u00bb<br>(Extrait de <a href=\"https:\/\/www.combattantvolontairejuif.org\/30.html\">https:\/\/www.combattantvolontairejuif.org\/30.html<\/a><\/p>\n<\/blockquote>\n\n\n\n<p><strong><em>Album de famille<\/em><\/strong><br><em>(cliquez sur les photos pour agrandir)<\/em><\/p>\n\n\n\n<figure class=\"wp-block-gallery has-nested-images columns-default is-cropped wp-block-gallery-1 is-layout-flex wp-block-gallery-is-layout-flex\">\n<figure class=\"wp-block-image size-large\"><a href=\"https:\/\/aifonline.net\/wp-content\/uploads\/2023\/09\/1934-Icek-Drzazga-Paris.jpg\"><img decoding=\"async\" loading=\"lazy\" width=\"626\" height=\"1024\" data-id=\"4727\" src=\"https:\/\/aifonline.net\/wp-content\/uploads\/2023\/09\/1934-Icek-Drzazga-Paris-626x1024.jpg\" alt=\"\" class=\"wp-image-4727\" srcset=\"https:\/\/aifonline.net\/wp-content\/uploads\/2023\/09\/1934-Icek-Drzazga-Paris-626x1024.jpg 626w, https:\/\/aifonline.net\/wp-content\/uploads\/2023\/09\/1934-Icek-Drzazga-Paris-183x300.jpg 183w, https:\/\/aifonline.net\/wp-content\/uploads\/2023\/09\/1934-Icek-Drzazga-Paris-768x1257.jpg 768w, https:\/\/aifonline.net\/wp-content\/uploads\/2023\/09\/1934-Icek-Drzazga-Paris.jpg 933w\" sizes=\"(max-width: 626px) 100vw, 626px\" \/><\/a><figcaption class=\"wp-element-caption\">Icek-Drzazga, Paris 1934<\/figcaption><\/figure>\n\n\n\n<figure class=\"wp-block-image size-large\"><a href=\"https:\/\/aifonline.net\/wp-content\/uploads\/2023\/09\/1935-Icek-Drzazga.jpg\"><img decoding=\"async\" loading=\"lazy\" width=\"670\" height=\"1024\" data-id=\"4728\" src=\"https:\/\/aifonline.net\/wp-content\/uploads\/2023\/09\/1935-Icek-Drzazga-670x1024.jpg\" alt=\"\" class=\"wp-image-4728\" srcset=\"https:\/\/aifonline.net\/wp-content\/uploads\/2023\/09\/1935-Icek-Drzazga-670x1024.jpg 670w, https:\/\/aifonline.net\/wp-content\/uploads\/2023\/09\/1935-Icek-Drzazga-196x300.jpg 196w, https:\/\/aifonline.net\/wp-content\/uploads\/2023\/09\/1935-Icek-Drzazga-768x1174.jpg 768w, https:\/\/aifonline.net\/wp-content\/uploads\/2023\/09\/1935-Icek-Drzazga.jpg 942w\" sizes=\"(max-width: 670px) 100vw, 670px\" \/><\/a><figcaption class=\"wp-element-caption\">Icek-Drzazga, 1935<\/figcaption><\/figure>\n\n\n\n<figure class=\"wp-block-image size-large\"><a href=\"https:\/\/aifonline.net\/wp-content\/uploads\/2023\/09\/1948-Extrait-du-dossier-de-naturalisation.jpg\"><img decoding=\"async\" loading=\"lazy\" width=\"830\" height=\"1024\" data-id=\"4730\" src=\"https:\/\/aifonline.net\/wp-content\/uploads\/2023\/09\/1948-Extrait-du-dossier-de-naturalisation-830x1024.jpg\" alt=\"\" class=\"wp-image-4730\" srcset=\"https:\/\/aifonline.net\/wp-content\/uploads\/2023\/09\/1948-Extrait-du-dossier-de-naturalisation-830x1024.jpg 830w, https:\/\/aifonline.net\/wp-content\/uploads\/2023\/09\/1948-Extrait-du-dossier-de-naturalisation-243x300.jpg 243w, https:\/\/aifonline.net\/wp-content\/uploads\/2023\/09\/1948-Extrait-du-dossier-de-naturalisation-768x947.jpg 768w, https:\/\/aifonline.net\/wp-content\/uploads\/2023\/09\/1948-Extrait-du-dossier-de-naturalisation-1246x1536.jpg 1246w, https:\/\/aifonline.net\/wp-content\/uploads\/2023\/09\/1948-Extrait-du-dossier-de-naturalisation.jpg 1622w\" sizes=\"(max-width: 830px) 100vw, 830px\" \/><\/a><figcaption class=\"wp-element-caption\">Extrait-du-dossier-de-naturalisation d&#8217;Icek Drzazga, 1948<\/figcaption><\/figure>\n<\/figure>\n","protected":false},"excerpt":{"rendered":"<p>Par sa fille, Rosette Birkan Icek Drzazga, mon p\u00e8re,&nbsp;a vu le jour le 14 mai 1909 dans le foyer de<\/p>\n","protected":false},"author":1,"featured_media":0,"comment_status":"open","ping_status":"open","sticky":false,"template":"","format":"standard","meta":{"_mi_skip_tracking":false,"_exactmetrics_sitenote_active":false,"_exactmetrics_sitenote_note":"","_exactmetrics_sitenote_category":0,"footnotes":""},"categories":[84],"tags":[],"table_tags":[],"_links":{"self":[{"href":"https:\/\/aifonline.net\/index.php?rest_route=\/wp\/v2\/posts\/4719"}],"collection":[{"href":"https:\/\/aifonline.net\/index.php?rest_route=\/wp\/v2\/posts"}],"about":[{"href":"https:\/\/aifonline.net\/index.php?rest_route=\/wp\/v2\/types\/post"}],"author":[{"embeddable":true,"href":"https:\/\/aifonline.net\/index.php?rest_route=\/wp\/v2\/users\/1"}],"replies":[{"embeddable":true,"href":"https:\/\/aifonline.net\/index.php?rest_route=%2Fwp%2Fv2%2Fcomments&post=4719"}],"version-history":[{"count":31,"href":"https:\/\/aifonline.net\/index.php?rest_route=\/wp\/v2\/posts\/4719\/revisions"}],"predecessor-version":[{"id":4858,"href":"https:\/\/aifonline.net\/index.php?rest_route=\/wp\/v2\/posts\/4719\/revisions\/4858"}],"wp:attachment":[{"href":"https:\/\/aifonline.net\/index.php?rest_route=%2Fwp%2Fv2%2Fmedia&parent=4719"}],"wp:term":[{"taxonomy":"category","embeddable":true,"href":"https:\/\/aifonline.net\/index.php?rest_route=%2Fwp%2Fv2%2Fcategories&post=4719"},{"taxonomy":"post_tag","embeddable":true,"href":"https:\/\/aifonline.net\/index.php?rest_route=%2Fwp%2Fv2%2Ftags&post=4719"},{"taxonomy":"table_tags","embeddable":true,"href":"https:\/\/aifonline.net\/index.php?rest_route=%2Fwp%2Fv2%2Ftable_tags&post=4719"}],"curies":[{"name":"wp","href":"https:\/\/api.w.org\/{rel}","templated":true}]}}