{"id":4980,"date":"2023-11-03T09:39:16","date_gmt":"2023-11-03T08:39:16","guid":{"rendered":"https:\/\/aifonline.net\/?p=4980"},"modified":"2023-11-03T09:39:16","modified_gmt":"2023-11-03T08:39:16","slug":"billet-le-7-octobre-nous-nous-souviendrons","status":"publish","type":"post","link":"https:\/\/aifonline.net\/?p=4980","title":{"rendered":"Billet : Le 7 octobre, nous nous souviendrons"},"content":{"rendered":"\n<p><strong><em>Par Alain Kaminski<\/em><\/strong><\/p>\n\n\n\n<p>Isra\u00ebl est en guerre. Depuis trois semaines d\u00e9filent les images, les textes que nous recevons, que nous faisons circuler et nous ne cessons de penser \u00e0 nos amis, nos familles en Isra\u00ebl, nous ne cessons de penser \u00e0 ces otages, hommes femmes et enfants, et personnes \u00e2g\u00e9es et b\u00e9b\u00e9s dont on ne sait m\u00eame pas s\u2019ils sont encore en vie. Au lendemain du 7 octobre, le monde entier faisait part de sa compassion pour l\u2019Etat h\u00e9breu. Puis quand le peuple d\u2019Isra\u00ebl fut amen\u00e9 \u00e0 se d\u00e9fendre, toute cette empathie se d\u00e9lita sous l\u2019action du temps.<br>Cette d\u00e9litescence me renvoie \u00e0 deux expressions plus que jamais d\u2019actualit\u00e9&nbsp;: le monde \u00e0 l\u2019envers et on marche sur la t\u00eate. On apprend que la Croix-Rouge internationale exige du gouvernement isra\u00e9lien l\u2019assurance d\u2019un bon traitement des terroristes du Hamas arr\u00eat\u00e9s et incarc\u00e9r\u00e9s dans les prisons isra\u00e9liennes et un droit de visite r\u00e9gulier. Encore eut-il fallu qu\u2019elle en exige\u00e2t de m\u00eame pour les otages. Que nenni&nbsp;! C\u2019est le monde \u00e0 l\u2019envers. Dans un autre registre plus pr\u00e8s de nous, les \u00e9lus d\u2019extr\u00eame gauche en France n\u2019entendent pas d\u00e9noncer les actes antis\u00e9mites pour ne pas froisser la susceptibilit\u00e9 de leur \u00e9lectorat et ainsi pr\u00e9server des situations personnelles en vue d\u2019\u00e9lections futures. On marche sur la t\u00eate. Sous le joug et la f\u00e9rule de leur \u2018\u2019lider maximo\u2019\u2019, conquistador \u00e0 la d\u00e9rive, ils participent activement \u00e0 ce tsunami d\u2019actes antis\u00e9mites dont les auteurs risquent un rappel \u00e0 la loi ou une condamnation \u00e0 des heures de travaux d\u2019int\u00e9r\u00eat g\u00e9n\u00e9ral, un stage d\u2019apprentissage de la citoyennet\u00e9 avec parfois au programme une visite guid\u00e9e au mus\u00e9e du Louvre.<br>Je m\u2019arr\u00eaterai l\u00e0 si vous le voulez bien car je ne sais pas si de ma plume coulera de l\u2019encre ou des larmes.<\/p>\n","protected":false},"excerpt":{"rendered":"<p>Par Alain Kaminski Isra\u00ebl est en guerre. Depuis trois semaines d\u00e9filent les images, les textes que nous recevons, que nous<\/p>\n","protected":false},"author":1,"featured_media":0,"comment_status":"open","ping_status":"open","sticky":false,"template":"","format":"standard","meta":{"_mi_skip_tracking":false,"_exactmetrics_sitenote_active":false,"_exactmetrics_sitenote_note":"","_exactmetrics_sitenote_category":0,"footnotes":""},"categories":[4],"tags":[102,41],"table_tags":[],"_links":{"self":[{"href":"https:\/\/aifonline.net\/index.php?rest_route=\/wp\/v2\/posts\/4980"}],"collection":[{"href":"https:\/\/aifonline.net\/index.php?rest_route=\/wp\/v2\/posts"}],"about":[{"href":"https:\/\/aifonline.net\/index.php?rest_route=\/wp\/v2\/types\/post"}],"author":[{"embeddable":true,"href":"https:\/\/aifonline.net\/index.php?rest_route=\/wp\/v2\/users\/1"}],"replies":[{"embeddable":true,"href":"https:\/\/aifonline.net\/index.php?rest_route=%2Fwp%2Fv2%2Fcomments&post=4980"}],"version-history":[{"count":3,"href":"https:\/\/aifonline.net\/index.php?rest_route=\/wp\/v2\/posts\/4980\/revisions"}],"predecessor-version":[{"id":4989,"href":"https:\/\/aifonline.net\/index.php?rest_route=\/wp\/v2\/posts\/4980\/revisions\/4989"}],"wp:attachment":[{"href":"https:\/\/aifonline.net\/index.php?rest_route=%2Fwp%2Fv2%2Fmedia&parent=4980"}],"wp:term":[{"taxonomy":"category","embeddable":true,"href":"https:\/\/aifonline.net\/index.php?rest_route=%2Fwp%2Fv2%2Fcategories&post=4980"},{"taxonomy":"post_tag","embeddable":true,"href":"https:\/\/aifonline.net\/index.php?rest_route=%2Fwp%2Fv2%2Ftags&post=4980"},{"taxonomy":"table_tags","embeddable":true,"href":"https:\/\/aifonline.net\/index.php?rest_route=%2Fwp%2Fv2%2Ftable_tags&post=4980"}],"curies":[{"name":"wp","href":"https:\/\/api.w.org\/{rel}","templated":true}]}}