{"id":5029,"date":"2023-12-08T08:02:04","date_gmt":"2023-12-08T07:02:04","guid":{"rendered":"https:\/\/aifonline.net\/?p=5029"},"modified":"2023-12-08T14:01:12","modified_gmt":"2023-12-08T13:01:12","slug":"billet-le-peuple-francais-en-a-marre","status":"publish","type":"post","link":"https:\/\/aifonline.net\/?p=5029","title":{"rendered":"Billet : Le peuple fran\u00e7ais en a marre"},"content":{"rendered":"\n<p><strong><em> Par Alain Kaminski<\/em><\/strong><\/p>\n\n\n\n<p>L\u2019article 122 du Code p\u00e9nal comporte des alin\u00e9as relatifs \u00e0 la responsabilit\u00e9 p\u00e9nale et l\u2019alin\u00e9a 2 est tr\u00e8s clair. Il pr\u00e9cise que la personne qui a agi sous l\u2019emprise d\u2019une force ou d\u2019une contrainte \u00e0 laquelle elle n\u2019a pas pu r\u00e9sister n\u2019est pas p\u00e9nalement responsable. Force est de constater que la longue liste d\u2019attentats islamistes permet toujours \u00e0 nos magistrats de naviguer \u00e0 vue entre l\u2019abolition et l\u2019alt\u00e9ration du discernement. On se demande pourquoi tant d\u2019acharnement \u00e0 trouver de quelconques explications \u00e0 ces meurtres sur notre sol, ces attaques au couteau, ces enseignants assassin\u00e9s, ces actes antis\u00e9mites qui n\u2019ont jamais \u00e9t\u00e9 aussi nombreux. Ainsi, les assassins de Mireille Knoll et de Sarah Halimi peuvent couler des jours heureux.<br>Il n\u2019y a malheureusement ni abolition ni alt\u00e9ration dans ce combat qui n\u2019est qu\u2019une guerre de civilisation, celle de l\u2019islamisme contre celle issue des Lumi\u00e8res, celle de l\u2019obscurantisme et de l\u2019intol\u00e9rance contre celle de la connaissance et de la libert\u00e9.<br>Les psychiatres et les m\u00e9decins experts dispensent leurs actes pendant que les meurtriers pr\u00e9m\u00e9ditent les leurs, les policiers font preuve de courage pendant que la justice d\u00e9faille et la classe politique tol\u00e8re les \u00e9lus opportunistes pr\u00eats \u00e0 tirer un trait sur notre civilisation pour un plat de lentilles \u00e9lectoral. Le peuple fran\u00e7ais, lui, est choqu\u00e9 d\u2019entendre des Fran\u00e7ais cracher sur la France qui leur a tant donn\u00e9. Ce constat aura sans doute un prix dont on ignore encore le montant mais tout porte \u00e0 croire qu\u2019il sera \u00e9lev\u00e9.<br>Ou allons-nous\u00a0? Ou vais-je moi-m\u00eame alors que mon esprit d\u2019ouverture, mes pas de c\u00f4t\u00e9 pour aller vers l\u2019autre et vers les autres, ne m\u2019ont jamais manqu\u00e9. Tout cela se l\u00e9zarde en moi, lentement mais je ne l\u2019esp\u00e8re pas, s\u00fbrement. Qui m\u2019aurait dit un jour que ma g\u00e9n\u00e9ration d\u2019apr\u00e8s-guerre vivrait une guerre de civilisation. Un v\u00e9ritable travail reste \u00e0 faire pour convaincre celles et ceux qui se seraient \u00e9gar\u00e9s, pour les faire revenir dans le droit chemin. Pas facile tout cela. Et avec quels outils\u00a0? L\u2019\u00e9ducation, l\u2019instruction\u00a0? Un long chemin qui pour l\u2019heure ressemble de plus en plus \u00e0 un parcours du combattant.<br>J\u2019aimerai retrouver mon optimisme d\u2019antan et r\u00eaver d\u2019une nouvelle \u00e8re o\u00f9 chaque citoyen resterait un apprenti en qu\u00eate de lumi\u00e8res.<\/p>\n","protected":false},"excerpt":{"rendered":"<p>Par Alain Kaminski L\u2019article 122 du Code p\u00e9nal comporte des alin\u00e9as relatifs \u00e0 la responsabilit\u00e9 p\u00e9nale et l\u2019alin\u00e9a 2 est<\/p>\n","protected":false},"author":1,"featured_media":0,"comment_status":"open","ping_status":"open","sticky":false,"template":"","format":"standard","meta":{"_mi_skip_tracking":false,"_exactmetrics_sitenote_active":false,"_exactmetrics_sitenote_note":"","_exactmetrics_sitenote_category":0,"footnotes":""},"categories":[4],"tags":[],"table_tags":[],"_links":{"self":[{"href":"https:\/\/aifonline.net\/index.php?rest_route=\/wp\/v2\/posts\/5029"}],"collection":[{"href":"https:\/\/aifonline.net\/index.php?rest_route=\/wp\/v2\/posts"}],"about":[{"href":"https:\/\/aifonline.net\/index.php?rest_route=\/wp\/v2\/types\/post"}],"author":[{"embeddable":true,"href":"https:\/\/aifonline.net\/index.php?rest_route=\/wp\/v2\/users\/1"}],"replies":[{"embeddable":true,"href":"https:\/\/aifonline.net\/index.php?rest_route=%2Fwp%2Fv2%2Fcomments&post=5029"}],"version-history":[{"count":3,"href":"https:\/\/aifonline.net\/index.php?rest_route=\/wp\/v2\/posts\/5029\/revisions"}],"predecessor-version":[{"id":5130,"href":"https:\/\/aifonline.net\/index.php?rest_route=\/wp\/v2\/posts\/5029\/revisions\/5130"}],"wp:attachment":[{"href":"https:\/\/aifonline.net\/index.php?rest_route=%2Fwp%2Fv2%2Fmedia&parent=5029"}],"wp:term":[{"taxonomy":"category","embeddable":true,"href":"https:\/\/aifonline.net\/index.php?rest_route=%2Fwp%2Fv2%2Fcategories&post=5029"},{"taxonomy":"post_tag","embeddable":true,"href":"https:\/\/aifonline.net\/index.php?rest_route=%2Fwp%2Fv2%2Ftags&post=5029"},{"taxonomy":"table_tags","embeddable":true,"href":"https:\/\/aifonline.net\/index.php?rest_route=%2Fwp%2Fv2%2Ftable_tags&post=5029"}],"curies":[{"name":"wp","href":"https:\/\/api.w.org\/{rel}","templated":true}]}}