{"id":5051,"date":"2023-12-08T08:00:37","date_gmt":"2023-12-08T07:00:37","guid":{"rendered":"https:\/\/aifonline.net\/?p=5051"},"modified":"2023-12-08T15:25:04","modified_gmt":"2023-12-08T14:25:04","slug":"portrait-luba-birkan-1903-1978","status":"publish","type":"post","link":"https:\/\/aifonline.net\/?p=5051","title":{"rendered":"Portrait : Luba Birkan (1903-1978)"},"content":{"rendered":"\n<p><strong><em>Par son fils Marcel Birkan<\/em><\/strong><\/p>\n\n\n\n<div class=\"wp-block-media-text has-media-on-the-right is-stacked-on-mobile is-image-fill has-background\" style=\"background-color:#7495bc\"><div class=\"wp-block-media-text__content\">\n<p class=\"has-white-color has-text-color\">Luba (qui a donn\u00e9 le <em>kinui<\/em> \u00ab\u00a0Lucienne\u00a0\u00bb) Birkan est n\u00e9e \u00e0 Lodz (Pologne) le 23 f\u00e9vrier 1903. Elle est la fille de Menahem (qui a donn\u00e9 le <em>kinui<\/em> \u00ab\u00a0Marcel\u00a0\u00bb) Klubski, n\u00e9 en 1858, et de Ba\u00efla Rozenswajg, n\u00e9e en 1862. Elle est la cadette de sept fr\u00e8res et s\u0153urs (deux gar\u00e7ons et&#8230; cinq filles\u00a0!\u00a0).<br>Par sa m\u00e8re elle a une grand-m\u00e8re, la \u00ab\u00a0boub\u00e9\u00a0\u00bb Esther, qui s&#8217;est mari\u00e9e deux fois\u00a0: une premi\u00e8re fois avec Mo\u00efse Rozenswajg, et une deuxi\u00e8me avec Ha\u00efm-Chlo\u00efmo Haltrecht. De cette deuxi\u00e8me union est n\u00e9e une branche nomm\u00e9e Halter qui s&#8217;installa en Angleterre. Un Halter (Nephtula) est devenu hazan (<em>cantor<\/em>) \u00e0 la synagogue de Cannon Street Road \u00e0 Londres dans les ann\u00e9es 1930. Du c\u00f4t\u00e9 des Klubski, on trouve notamment des tailleurs et des commer\u00e7ants en confection en gros, demi-gros et d\u00e9tail. Il y a peu il y avait encore un magasin rue de&#8230; Levis dans le 17\u00e8me arrondissement de Paris\u00a0!<\/p>\n\n\n\n<p class=\"has-text-align-right has-white-color has-text-color\">(<em>Luba Birkan a\u0300 16 ans en 1919<\/em>)<\/p>\n\n\n\n<p><\/p>\n<\/div><figure class=\"wp-block-media-text__media\" style=\"background-image:url(https:\/\/aifonline.net\/wp-content\/uploads\/2023\/12\/Luba-Birkan13bis.jpg);background-position:57% 42%\"><img decoding=\"async\" loading=\"lazy\" width=\"503\" height=\"638\" src=\"https:\/\/aifonline.net\/wp-content\/uploads\/2023\/12\/Luba-Birkan13bis.jpg\" alt=\"\" class=\"wp-image-5139 size-full\" srcset=\"https:\/\/aifonline.net\/wp-content\/uploads\/2023\/12\/Luba-Birkan13bis.jpg 503w, https:\/\/aifonline.net\/wp-content\/uploads\/2023\/12\/Luba-Birkan13bis-237x300.jpg 237w\" sizes=\"(max-width: 503px) 100vw, 503px\" \/><\/figure><\/div>\n\n\n\n<div class=\"wp-block-media-text is-stacked-on-mobile is-image-fill has-light-gray-background-color has-background\"><figure class=\"wp-block-media-text__media\" style=\"background-image:url(https:\/\/aifonline.net\/wp-content\/uploads\/2023\/12\/Luba-Birkan10-1024x716.jpg);background-position:39% 46%\"><img decoding=\"async\" loading=\"lazy\" width=\"1024\" height=\"716\" src=\"https:\/\/aifonline.net\/wp-content\/uploads\/2023\/12\/Luba-Birkan10-1024x716.jpg\" alt=\"\" class=\"wp-image-5048 size-full\" srcset=\"https:\/\/aifonline.net\/wp-content\/uploads\/2023\/12\/Luba-Birkan10-1024x716.jpg 1024w, https:\/\/aifonline.net\/wp-content\/uploads\/2023\/12\/Luba-Birkan10-300x210.jpg 300w, https:\/\/aifonline.net\/wp-content\/uploads\/2023\/12\/Luba-Birkan10-768x537.jpg 768w, https:\/\/aifonline.net\/wp-content\/uploads\/2023\/12\/Luba-Birkan10-1536x1074.jpg 1536w, https:\/\/aifonline.net\/wp-content\/uploads\/2023\/12\/Luba-Birkan10.jpg 1941w\" sizes=\"(max-width: 1024px) 100vw, 1024px\" \/><\/figure><div class=\"wp-block-media-text__content\">\n<p class=\"has-gray-color has-text-color\">Luba a suivi une \u00e9ducation scolaire \u00ab&nbsp;profane&nbsp;\u00bb au lyc\u00e9e Eugenia Krygierowa de Lodz et obtenu son baccalaur\u00e9at polonais (matura) le 25 mai 1925. Elle commence alors des \u00e9tudes sup\u00e9rieures de pharmacie, mais devant les difficult\u00e9s financi\u00e8res et le num\u00e9rus clausus elle est oblig\u00e9e d&#8217;\u00e9migrer en France en 1928. Elle habite \u00e0 Paris chez son oncle Herman Klubski. Son fianc\u00e9, David, la rejoint en 1931, et ils se marient&nbsp; le 16 avril 1931 devant le rabbin, et le&#8230; 20 octobre 1931 devant monsieur le Maire&nbsp;! David est repr\u00e9sentant de commerce et Luba \u00ab&nbsp;interpr\u00e8te st\u00e9nographe&nbsp;\u00bb. De ce mariage, naissent 2 gar\u00e7ons&nbsp;: Bernard le 2 mars 1937 et Marcel le 19 f\u00e9vrier 1942.<\/p>\n\n\n\n<p class=\"has-gray-color has-text-color\">(<em>Mariage de Luba avec David Birkan, en 1931<\/em>)<\/p>\n\n\n\n<p><\/p>\n<\/div><\/div>\n\n\n\n<div class=\"wp-block-media-text has-media-on-the-right is-stacked-on-mobile is-image-fill has-white-color has-text-color has-background\" style=\"background-color:#7495bc\"><div class=\"wp-block-media-text__content\">\n<figure class=\"wp-block-pullquote has-white-color has-text-color\"><blockquote><p><strong><em>Une grande capacit\u00e9 d\u2019adaptation et une lucidit\u00e9 exceptionnelle&nbsp;<\/em><\/strong><\/p><\/blockquote><\/figure>\n\n\n\n<p>Apr\u00e8s la guerre, Luba attend en vain le retour de David qui a \u00e9t\u00e9 d\u00e9port\u00e9 le 22 juin 1942 par le convoi n\u00b03. Il ne reviendra pas. Il est mort dans le camp le 21 ao\u00fbt 1942. Luba vit seule avec ses deux enfants. Elle a fait preuve d&#8217;une grande volont\u00e9, li\u00e9e \u00e0 une grande capacit\u00e9 d&#8217;adaptation et une lucidit\u00e9 exceptionnelle sur ce qu&#8217;il fallait faire pour survivre pendant la guerre, et ensuite pour subsister et donner le meilleur \u00e0 ses fils. Bernard est devenu professeur de russe et Marcel ing\u00e9nieur agronome.<\/p>\n\n\n\n<p class=\"has-text-align-right\">(<em>La famille Birkan&nbsp; en 1946&nbsp;: <\/em><br><em>Marcel \u00e0 gauche et Bernard \u00e0 droite<\/em>)<\/p>\n\n\n\n<p><\/p>\n<\/div><figure class=\"wp-block-media-text__media\" style=\"background-image:url(https:\/\/aifonline.net\/wp-content\/uploads\/2023\/12\/Luba-Birkan5-627x1024.jpg);background-position:54% 43%\"><img decoding=\"async\" loading=\"lazy\" width=\"627\" height=\"1024\" src=\"https:\/\/aifonline.net\/wp-content\/uploads\/2023\/12\/Luba-Birkan5-627x1024.jpg\" alt=\"\" class=\"wp-image-5043 size-full\" srcset=\"https:\/\/aifonline.net\/wp-content\/uploads\/2023\/12\/Luba-Birkan5-627x1024.jpg 627w, https:\/\/aifonline.net\/wp-content\/uploads\/2023\/12\/Luba-Birkan5-184x300.jpg 184w, https:\/\/aifonline.net\/wp-content\/uploads\/2023\/12\/Luba-Birkan5-768x1254.jpg 768w, https:\/\/aifonline.net\/wp-content\/uploads\/2023\/12\/Luba-Birkan5-941x1536.jpg 941w, https:\/\/aifonline.net\/wp-content\/uploads\/2023\/12\/Luba-Birkan5.jpg 974w\" sizes=\"(max-width: 627px) 100vw, 627px\" \/><\/figure><\/div>\n\n\n\n<div class=\"wp-block-media-text is-stacked-on-mobile is-image-fill has-gray-color has-light-gray-background-color has-text-color has-background\"><figure class=\"wp-block-media-text__media\" style=\"background-image:url(https:\/\/aifonline.net\/wp-content\/uploads\/2023\/12\/Luba-Birkan12-729x1024.jpg);background-position:54% 61%\"><img decoding=\"async\" loading=\"lazy\" width=\"729\" height=\"1024\" src=\"https:\/\/aifonline.net\/wp-content\/uploads\/2023\/12\/Luba-Birkan12-729x1024.jpg\" alt=\"\" class=\"wp-image-5050 size-full\" srcset=\"https:\/\/aifonline.net\/wp-content\/uploads\/2023\/12\/Luba-Birkan12-729x1024.jpg 729w, https:\/\/aifonline.net\/wp-content\/uploads\/2023\/12\/Luba-Birkan12-214x300.jpg 214w, https:\/\/aifonline.net\/wp-content\/uploads\/2023\/12\/Luba-Birkan12-768x1079.jpg 768w, https:\/\/aifonline.net\/wp-content\/uploads\/2023\/12\/Luba-Birkan12.jpg 1032w\" sizes=\"(max-width: 729px) 100vw, 729px\" \/><\/figure><div class=\"wp-block-media-text__content\">\n<figure class=\"wp-block-pullquote\"><blockquote><p><strong><em>Ses enfants sont redevables du d\u00e9vouement dont elle a fait preuve<\/em><\/strong><\/p><\/blockquote><\/figure>\n\n\n\n<p>Ce courage devant les al\u00e9as de la vie s&#8217;est manifest\u00e9 en outre dans le suivi d&#8217;un enseignement professionnel de st\u00e9no-dactylographie (cours Jamet-Buffereau en 1951), la pr\u00e9paration d&#8217;un concours pour devenir fonctionnaire au Minist\u00e8re des Arm\u00e9es, et&#8230; dans le suivi de cours d&#8217;h\u00e9breu&nbsp;!<br>Luba est d\u00e9c\u00e9d\u00e9e en mai 1978. Elle a juste eu le temps d&#8217;avoir vu na\u00eetre son quatri\u00e8me petit enfant n\u00e9 le 19 f\u00e9vrier comme&#8230; le p\u00e8re de celui-ci, Marcel&nbsp;!<br>On ne dira jamais assez combien ses enfants sont redevables du d\u00e9vouement dont elle a fait preuve (elle ne s&#8217;est jamais remari\u00e9e), elle qui s&#8217;est enti\u00e8rement consacr\u00e9e \u00e0 ses fils. Qu&#8217;elle en soit ici remerci\u00e9e et \u00e0 jamais honor\u00e9e.&nbsp;<\/p>\n\n\n\n<p class=\"has-gray-color has-text-color\">(<em>Luba Birkan en juillet 1972<\/em>)<\/p>\n\n\n\n<p><\/p>\n<\/div><\/div>\n\n\n\n<div style=\"height:30px\" aria-hidden=\"true\" class=\"wp-block-spacer\"><\/div>\n\n\n\n<div class=\"wp-block-group has-background is-vertical is-layout-flex wp-container-1 wp-block-group-is-layout-flex\" style=\"background-color:#eae1cd\">\n<h2 class=\"wp-block-heading\"><strong>M\u00e9moires apocryphes de Maman Luba<\/strong><\/h2>\n\n\n\n<p>Ouiiin&nbsp;! Il crie, <em>Got ze\u00ef dank<\/em> (Dieu soit lou\u00e9)&nbsp;! Je viens d&#8217;accoucher d&#8217;un mignon petit Marcel Guy \u00e0 l&#8217;h\u00f4pital Rothschild \u00e0 Paris 12\u00e8me&nbsp; r\u00e9serv\u00e9 aux Juifs. Nous sommes le 19 f\u00e9vrier 1942.<br>Mon Dieu, qu&#8217;il est petit. Ce n&#8217;est pas comme mon Bernard, n\u00e9 le 2 mars 1937, qui \u00e9tait un beau b\u00e9b\u00e9 bien joufflu. Marcel a \u00e9t\u00e9 con\u00e7u 9 mois plus t\u00f4t en mai 1941. Je ne pensais pas alors que mon mari, David, serait arr\u00eat\u00e9 le 20 ao\u00fbt de cette m\u00eame ann\u00e9e comme Juif \u00e9tranger (\u00ab&nbsp;apatride&nbsp;\u00bb immigr\u00e9 de Pologne) et intern\u00e9 au camp de Drancy.<br>Dans le camp, il a contract\u00e9 une s\u00e9v\u00e8re sinusite et a \u00e9t\u00e9 transf\u00e9r\u00e9 dans ce m\u00eame h\u00f4pital Rothschild.&nbsp;J&#8217;\u00e9tais venu le voir. Je lui avais dit&nbsp;: \u00ab&nbsp;Profite d&#8217;\u00eatre l\u00e0 pour t&#8217;\u00e9vader&nbsp;!&nbsp;\u00bb. Mais il m&#8217;a r\u00e9pondu qu&#8217;il \u00e9tait trop malade et qu&#8217;il craignait les repr\u00e9sailles sur moi et sur notre enfant. Toujours \u00e0 l&#8217;h\u00f4pital, mais sous haute surveillance, il n&#8217;a pas pu venir me voir apr\u00e8s mon accouchement. Il a juste pu me faire parvenir un petit mot&nbsp;t\u00e9moignant de son affection \u00ab&nbsp;pour moi et b\u00e9b\u00e9&nbsp;\u00bb, accompagn\u00e9 d&#8217;un billet de f\u00e9licitations \u00ab&nbsp;des camarades intern\u00e9s dans la m\u00eame salle&nbsp;\u00bb que lui.<br>22 juin 1942&nbsp;: David est d\u00e9port\u00e9 depuis Drancy pour je ne sais o\u00f9.<br>16 juillet 1942. Je suis \u00e0 mon domicile au 49 rue Albouy dans le 10<sup>\u00e8me<\/sup> arrondissement de Paris (devenue la rue Lucien Sampaix). C&#8217;est la rafle du Vel d&#8217;hiv. Heureusement, avec mon Guy-Guy tout petit on m&#8217;a dit, juste au moment de monter dans l&#8217;autobus&nbsp;: \u00ab&nbsp;Que faites-vous ici avec ce b\u00e9b\u00e9, on ne vous a pas appel\u00e9s, rentrez chez vous&nbsp;!&nbsp;\u00bb.<br>Je suis donc rentr\u00e9e chez moi (une pi\u00e8ce sans eau ni WC), mais je ne peux plus y rester de crainte d&#8217;\u00eatre rafl\u00e9e. Que vais-je devenir&nbsp;avec deux enfants en bas \u00e2ge&nbsp;? J&#8217;arrive \u00e0 me cacher ici ou l\u00e0, mais les enfants entravent mes d\u00e9marches. Gr\u00e2ce \u00e0 des connaissances, j&#8217;arrive \u00e0 les placer \u00e0 diff\u00e9rents endroits aupr\u00e8s de plusieurs \u00ab nourrices&nbsp;\u00bb successives. Certaines sont correctes, d&#8217;autres sont m\u00e9chantes, maltraitant mon a\u00een\u00e9. Marcel, lui, est un enfant calme. Entre deux changements de placement, quand je suis avec lui, je n&#8217;ose pas trop le regarder, je d\u00e9tourne mon regard. J&#8217;ai peur qu&#8217;il ne s&#8217;attache \u00e0 moi et qu&#8217;il ne puisse pas ensuite supporter la s\u00e9paration.<br>Le dernier placement est \u00e0 Messas (Loiret) pr\u00e8s de Blois, gr\u00e2ce au r\u00e9seau mis en place par le p\u00e8re Devaux et les s\u0153urs de Notre-Dame de Sion de Paris. Le relais du p\u00e8re est Madame Marie Gilles-Legout \u00e0 Baule (Loiret) qui dispatche les enfants (elle sera d\u00e9sign\u00e9e Juste parmi les Nations en 2013). Pour l&#8217;heure (nous sommes en 1944) j&#8217;ai rejoins mes enfants, et la pr\u00e9occupation majeure est la recherche de nourriture. Le petit Marcel \u00e9coute les conversations des adultes. \u00ab&nbsp;Ya ya yande \u00e0 Beaugency&nbsp;!&nbsp;\u00bb (<em>Il y a de la viande \u00e0 Beaugency<\/em>) s&#8217;\u00e9crit-il&nbsp;!&nbsp; Mais c&#8217;est qu&#8217;il parle bien celui-l\u00e0&nbsp;! J&#8217;ai sur moi ma fausse carte d&#8217;identit\u00e9. Sur celle-ci je m&#8217;appelle \u00ab&nbsp;Lucienne, Jos\u00e9phine Richard-Birkan&nbsp;\u00bb, je suis n\u00e9e le \u00ab&nbsp;23 f\u00e9vrier 1897&nbsp; \u00e0 Vigneux (S. et O.)&nbsp;\u00bb&nbsp;et j&#8217;habite \u00ab&nbsp;14, rue Jeanne d&#8217;Arc, Rouen&nbsp;\u00bb&nbsp;! Avec cette carte je peux me procurer des tickets alimentaires de rationnement. Va pour la viande \u00e0 Beaugency&nbsp;!<br>Puis c&#8217;est la Lib\u00e9ration. J&#8217;ouvre la porte de mon logement sur lequel on avait mis des scell\u00e9s&nbsp;: il ne reste plus rien. Je me rends quotidiennement \u00e0 l&#8217;h\u00f4tel Lut\u00e9tia, attendant le retour de mon mari. Les semaines et les mois passent, pas de nouvelles. Je reste seule avec mes deux petits. L&#8217;Etat m&#8217;attribue g\u00e9n\u00e9reusement une petite armoire et une maigre pension. J&#8217;encha\u00eene diverses subventions et pratique des petits boulots. Le plus important sera celui de secr\u00e9taire dans une association juive. J&#8217;ai le bac polonais, j&#8217;\u00e9cris le fran\u00e7ais que je parle en roulant les \u00ab&nbsp;r&nbsp;\u00bb.<br>Vers l&#8217;\u00e2ge de 60 ans, je postule pour un \u00ab&nbsp;emploi r\u00e9serv\u00e9&nbsp;\u00bb au Minist\u00e8re des Arm\u00e9es. Il faut passer un concours. Je le pr\u00e9pare avec l&#8217;aide de&#8230; mon sauveur de juillet 1942 et mon donneur d&#8217;adresse de boucherie de 1944. Je r\u00e9ussis le concours et moi, l&#8217;immigr\u00e9e juive polonaise, je suis affect\u00e9e \u00e0 la \u00ab&nbsp;liquidation des pensions&nbsp;\u00bb. Nos militaires liquidaient leurs ennemis, et moi je liquidais leur pension&nbsp;!<br>Mes deux gar\u00e7ons sont d\u00e9sormais mari\u00e9s&nbsp;: Bernard avec une Tunisienne de Sousse (Simone&nbsp;Scetbon) et Marcel avec une Parisienne du 10<sup>\u00e8me<\/sup> arrondissement, Rosette Drzazga. J&#8217;ai maintenant quatre petits-enfants , une fille et un gar\u00e7on de Bernard, et deux gar\u00e7ons de Marcel.<br>Ceux-l\u00e0 je les regarde&#8230; droit dans les yeux.<br><br><em>Pour Luba Birkan<br>Marcel Birkan<\/em><\/p>\n<\/div>\n\n\n\n<div style=\"height:40px\" aria-hidden=\"true\" class=\"wp-block-spacer\"><\/div>\n\n\n\n<p><strong><em>Album de famille<\/em><\/strong><br><em>(cliquez sur les photos pour agrandir)<\/em><\/p>\n\n\n\n<figure class=\"wp-block-gallery has-nested-images columns-default is-cropped wp-block-gallery-2 is-layout-flex wp-block-gallery-is-layout-flex\">\n<figure class=\"wp-block-image size-large\"><a href=\"https:\/\/aifonline.net\/wp-content\/uploads\/2023\/12\/Luba-Birkan8.jpg\"><img decoding=\"async\" loading=\"lazy\" width=\"709\" height=\"1024\" data-id=\"5046\" src=\"https:\/\/aifonline.net\/wp-content\/uploads\/2023\/12\/Luba-Birkan8-709x1024.jpg\" alt=\"\" class=\"wp-image-5046\" srcset=\"https:\/\/aifonline.net\/wp-content\/uploads\/2023\/12\/Luba-Birkan8-709x1024.jpg 709w, https:\/\/aifonline.net\/wp-content\/uploads\/2023\/12\/Luba-Birkan8-208x300.jpg 208w, https:\/\/aifonline.net\/wp-content\/uploads\/2023\/12\/Luba-Birkan8-768x1110.jpg 768w, https:\/\/aifonline.net\/wp-content\/uploads\/2023\/12\/Luba-Birkan8-1063x1536.jpg 1063w, https:\/\/aifonline.net\/wp-content\/uploads\/2023\/12\/Luba-Birkan8.jpg 1245w\" sizes=\"(max-width: 709px) 100vw, 709px\" \/><\/a><figcaption class=\"wp-element-caption\">La \u00ab&nbsp;boub\u00e9&nbsp;\u00bb Esther Rozenswajg remari\u00e9e Haltrecht, la grand-m\u00e8re de Luba<\/figcaption><\/figure>\n\n\n\n<figure class=\"wp-block-image size-large\"><a href=\"https:\/\/aifonline.net\/wp-content\/uploads\/2023\/12\/Luba-Birkan9.jpg\"><img decoding=\"async\" loading=\"lazy\" width=\"724\" height=\"1024\" data-id=\"5047\" src=\"https:\/\/aifonline.net\/wp-content\/uploads\/2023\/12\/Luba-Birkan9-724x1024.jpg\" alt=\"\" class=\"wp-image-5047\" srcset=\"https:\/\/aifonline.net\/wp-content\/uploads\/2023\/12\/Luba-Birkan9-724x1024.jpg 724w, https:\/\/aifonline.net\/wp-content\/uploads\/2023\/12\/Luba-Birkan9-212x300.jpg 212w, https:\/\/aifonline.net\/wp-content\/uploads\/2023\/12\/Luba-Birkan9-768x1086.jpg 768w, https:\/\/aifonline.net\/wp-content\/uploads\/2023\/12\/Luba-Birkan9-1086x1536.jpg 1086w, https:\/\/aifonline.net\/wp-content\/uploads\/2023\/12\/Luba-Birkan9.jpg 1309w\" sizes=\"(max-width: 724px) 100vw, 724px\" \/><\/a><figcaption class=\"wp-element-caption\">Nephtula Halter, fils de la \u00ab&nbsp;boub\u00e9&nbsp;\u00bb Esther, \u00e9migr\u00e9 \u00e0 Londres dans les ann\u00e9es 1930, cantor<\/figcaption><\/figure>\n\n\n\n<figure class=\"wp-block-image size-large\"><a href=\"https:\/\/aifonline.net\/wp-content\/uploads\/2023\/12\/Luba-Birkan14.jpg\"><img decoding=\"async\" loading=\"lazy\" width=\"671\" height=\"962\" data-id=\"5059\" src=\"https:\/\/aifonline.net\/wp-content\/uploads\/2023\/12\/Luba-Birkan14.jpg\" alt=\"\" class=\"wp-image-5059\" srcset=\"https:\/\/aifonline.net\/wp-content\/uploads\/2023\/12\/Luba-Birkan14.jpg 671w, https:\/\/aifonline.net\/wp-content\/uploads\/2023\/12\/Luba-Birkan14-209x300.jpg 209w\" sizes=\"(max-width: 671px) 100vw, 671px\" \/><\/a><figcaption class=\"wp-element-caption\">Luba Birkan a\u0300 18 ans en 1921<\/figcaption><\/figure>\n\n\n\n<figure class=\"wp-block-image size-large\"><a href=\"https:\/\/aifonline.net\/wp-content\/uploads\/2023\/12\/Luba-Birkan16.jpg\"><img decoding=\"async\" loading=\"lazy\" width=\"592\" height=\"1024\" data-id=\"5060\" src=\"https:\/\/aifonline.net\/wp-content\/uploads\/2023\/12\/Luba-Birkan16-592x1024.jpg\" alt=\"\" class=\"wp-image-5060\" srcset=\"https:\/\/aifonline.net\/wp-content\/uploads\/2023\/12\/Luba-Birkan16-592x1024.jpg 592w, https:\/\/aifonline.net\/wp-content\/uploads\/2023\/12\/Luba-Birkan16-173x300.jpg 173w, https:\/\/aifonline.net\/wp-content\/uploads\/2023\/12\/Luba-Birkan16.jpg 751w\" sizes=\"(max-width: 592px) 100vw, 592px\" \/><\/a><figcaption class=\"wp-element-caption\">Luba et David Birkan entre 1933 et 1936 au Parc de Saint-Cloud<\/figcaption><\/figure>\n\n\n\n<figure class=\"wp-block-image size-large\"><a href=\"https:\/\/aifonline.net\/wp-content\/uploads\/2023\/12\/Luba-Birkan1.jpg\"><img decoding=\"async\" loading=\"lazy\" width=\"1024\" height=\"667\" data-id=\"5039\" src=\"https:\/\/aifonline.net\/wp-content\/uploads\/2023\/12\/Luba-Birkan1-1024x667.jpg\" alt=\"\" class=\"wp-image-5039\" srcset=\"https:\/\/aifonline.net\/wp-content\/uploads\/2023\/12\/Luba-Birkan1-1024x667.jpg 1024w, https:\/\/aifonline.net\/wp-content\/uploads\/2023\/12\/Luba-Birkan1-300x195.jpg 300w, https:\/\/aifonline.net\/wp-content\/uploads\/2023\/12\/Luba-Birkan1-768x500.jpg 768w, https:\/\/aifonline.net\/wp-content\/uploads\/2023\/12\/Luba-Birkan1-1536x1000.jpg 1536w, https:\/\/aifonline.net\/wp-content\/uploads\/2023\/12\/Luba-Birkan1.jpg 1597w\" sizes=\"(max-width: 1024px) 100vw, 1024px\" \/><\/a><figcaption class=\"wp-element-caption\">Bernard Birkan, fils a\u00een\u00e9 de Luba, \u00e0 5 mois, n\u00e9 le 2 mars 1937<\/figcaption><\/figure>\n\n\n\n<figure class=\"wp-block-image size-large\"><a href=\"https:\/\/aifonline.net\/wp-content\/uploads\/2023\/12\/Luba-Birkan3.jpg\"><img decoding=\"async\" loading=\"lazy\" width=\"1024\" height=\"958\" data-id=\"5041\" src=\"https:\/\/aifonline.net\/wp-content\/uploads\/2023\/12\/Luba-Birkan3-1024x958.jpg\" alt=\"\" class=\"wp-image-5041\" srcset=\"https:\/\/aifonline.net\/wp-content\/uploads\/2023\/12\/Luba-Birkan3-1024x958.jpg 1024w, https:\/\/aifonline.net\/wp-content\/uploads\/2023\/12\/Luba-Birkan3-300x281.jpg 300w, https:\/\/aifonline.net\/wp-content\/uploads\/2023\/12\/Luba-Birkan3-768x719.jpg 768w, https:\/\/aifonline.net\/wp-content\/uploads\/2023\/12\/Luba-Birkan3.jpg 1353w\" sizes=\"(max-width: 1024px) 100vw, 1024px\" \/><\/a><figcaption class=\"wp-element-caption\">Billet des camarades de David Birkan intern\u00e9s avec lui \u00e0 l&#8217;h\u00f4pital Rothschild, 19 f\u00e9vrier 1942<\/figcaption><\/figure>\n\n\n\n<figure class=\"wp-block-image size-large\"><a href=\"https:\/\/aifonline.net\/wp-content\/uploads\/2023\/12\/Luba-Birkan2.jpg\"><img decoding=\"async\" loading=\"lazy\" width=\"1024\" height=\"1004\" data-id=\"5040\" src=\"https:\/\/aifonline.net\/wp-content\/uploads\/2023\/12\/Luba-Birkan2-1024x1004.jpg\" alt=\"\" class=\"wp-image-5040\" srcset=\"https:\/\/aifonline.net\/wp-content\/uploads\/2023\/12\/Luba-Birkan2-1024x1004.jpg 1024w, https:\/\/aifonline.net\/wp-content\/uploads\/2023\/12\/Luba-Birkan2-300x294.jpg 300w, https:\/\/aifonline.net\/wp-content\/uploads\/2023\/12\/Luba-Birkan2-768x753.jpg 768w, https:\/\/aifonline.net\/wp-content\/uploads\/2023\/12\/Luba-Birkan2.jpg 1381w\" sizes=\"(max-width: 1024px) 100vw, 1024px\" \/><\/a><figcaption class=\"wp-element-caption\">Billet de David Birkan, intern\u00e9 \u00e0 l&#8217;h\u00f4pital Rothschild, papa de Marcel n\u00e9 le 19 f\u00e9vrier 1942, \u00e0 sa femme Luba qui a accouch\u00e9 dans ce m\u00eame h\u00f4pital<\/figcaption><\/figure>\n\n\n\n<figure class=\"wp-block-image size-large\"><a href=\"https:\/\/aifonline.net\/wp-content\/uploads\/2023\/12\/Luba-Birkan4.jpg\"><img decoding=\"async\" loading=\"lazy\" width=\"727\" height=\"1024\" data-id=\"5042\" src=\"https:\/\/aifonline.net\/wp-content\/uploads\/2023\/12\/Luba-Birkan4-727x1024.jpg\" alt=\"\" class=\"wp-image-5042\" srcset=\"https:\/\/aifonline.net\/wp-content\/uploads\/2023\/12\/Luba-Birkan4-727x1024.jpg 727w, https:\/\/aifonline.net\/wp-content\/uploads\/2023\/12\/Luba-Birkan4-213x300.jpg 213w, https:\/\/aifonline.net\/wp-content\/uploads\/2023\/12\/Luba-Birkan4-768x1082.jpg 768w, https:\/\/aifonline.net\/wp-content\/uploads\/2023\/12\/Luba-Birkan4.jpg 1038w\" sizes=\"(max-width: 727px) 100vw, 727px\" \/><\/a><figcaption class=\"wp-element-caption\">La fausse carte d&#8217;identit\u00e9 de Luba Birkan (Lucienne) faite \u00e0 Baule (Loiret)<\/figcaption><\/figure>\n\n\n\n<figure class=\"wp-block-image size-large\"><a href=\"https:\/\/aifonline.net\/wp-content\/uploads\/2023\/12\/Luba-Birkan11.jpg\"><img decoding=\"async\" loading=\"lazy\" width=\"1024\" height=\"682\" data-id=\"5049\" src=\"https:\/\/aifonline.net\/wp-content\/uploads\/2023\/12\/Luba-Birkan11-1024x682.jpg\" alt=\"\" class=\"wp-image-5049\" srcset=\"https:\/\/aifonline.net\/wp-content\/uploads\/2023\/12\/Luba-Birkan11-1024x682.jpg 1024w, https:\/\/aifonline.net\/wp-content\/uploads\/2023\/12\/Luba-Birkan11-300x200.jpg 300w, https:\/\/aifonline.net\/wp-content\/uploads\/2023\/12\/Luba-Birkan11-768x511.jpg 768w, https:\/\/aifonline.net\/wp-content\/uploads\/2023\/12\/Luba-Birkan11-1536x1023.jpg 1536w, https:\/\/aifonline.net\/wp-content\/uploads\/2023\/12\/Luba-Birkan11.jpg 2000w\" sizes=\"(max-width: 1024px) 100vw, 1024px\" \/><\/a><figcaption class=\"wp-element-caption\">La famille Birkan en avril 1964&nbsp;: Marcel \u00e0 gauche et Bernard \u00e0 droite<\/figcaption><\/figure>\n\n\n\n<figure class=\"wp-block-image size-large\"><a href=\"https:\/\/aifonline.net\/wp-content\/uploads\/2023\/12\/Luba-Birkan6.jpg\"><img decoding=\"async\" loading=\"lazy\" width=\"1024\" height=\"722\" data-id=\"5044\" src=\"https:\/\/aifonline.net\/wp-content\/uploads\/2023\/12\/Luba-Birkan6-1024x722.jpg\" alt=\"\" class=\"wp-image-5044\" srcset=\"https:\/\/aifonline.net\/wp-content\/uploads\/2023\/12\/Luba-Birkan6-1024x722.jpg 1024w, https:\/\/aifonline.net\/wp-content\/uploads\/2023\/12\/Luba-Birkan6-300x212.jpg 300w, https:\/\/aifonline.net\/wp-content\/uploads\/2023\/12\/Luba-Birkan6-768x542.jpg 768w, https:\/\/aifonline.net\/wp-content\/uploads\/2023\/12\/Luba-Birkan6-1536x1083.jpg 1536w, https:\/\/aifonline.net\/wp-content\/uploads\/2023\/12\/Luba-Birkan6-2048x1444.jpg 2048w\" sizes=\"(max-width: 1024px) 100vw, 1024px\" \/><\/a><figcaption class=\"wp-element-caption\">Luba Birkan au mariage de Marcel avec Rosette le 13 octobre 1974<\/figcaption><\/figure>\n\n\n\n<figure class=\"wp-block-image size-large\"><a href=\"https:\/\/aifonline.net\/wp-content\/uploads\/2023\/12\/Luba-Birkan7.jpg\"><img decoding=\"async\" loading=\"lazy\" width=\"1019\" height=\"1024\" data-id=\"5045\" src=\"https:\/\/aifonline.net\/wp-content\/uploads\/2023\/12\/Luba-Birkan7-1019x1024.jpg\" alt=\"\" class=\"wp-image-5045\" srcset=\"https:\/\/aifonline.net\/wp-content\/uploads\/2023\/12\/Luba-Birkan7-1019x1024.jpg 1019w, https:\/\/aifonline.net\/wp-content\/uploads\/2023\/12\/Luba-Birkan7-300x300.jpg 300w, https:\/\/aifonline.net\/wp-content\/uploads\/2023\/12\/Luba-Birkan7-150x150.jpg 150w, https:\/\/aifonline.net\/wp-content\/uploads\/2023\/12\/Luba-Birkan7-768x772.jpg 768w, https:\/\/aifonline.net\/wp-content\/uploads\/2023\/12\/Luba-Birkan7.jpg 1030w\" sizes=\"(max-width: 1019px) 100vw, 1019px\" \/><\/a><figcaption class=\"wp-element-caption\">La derni\u00e8re photo de Luba&nbsp;en mai 1978 : ici pr\u00e8s de Menton avec son fils Marcel et son petit-fils Jacques-Olivier n\u00e9 le 14 janvier 1976, avec la maman de Rosette, H\u00e9l\u00e8ne Drzazga<\/figcaption><\/figure>\n<\/figure>\n","protected":false},"excerpt":{"rendered":"<p>Par son fils Marcel Birkan Luba (qui a donn\u00e9 le kinui \u00ab\u00a0Lucienne\u00a0\u00bb) Birkan est n\u00e9e \u00e0 Lodz (Pologne) le 23<\/p>\n","protected":false},"author":1,"featured_media":0,"comment_status":"open","ping_status":"open","sticky":false,"template":"","format":"standard","meta":{"_mi_skip_tracking":false,"_exactmetrics_sitenote_active":false,"_exactmetrics_sitenote_note":"","_exactmetrics_sitenote_category":0,"footnotes":""},"categories":[84],"tags":[],"table_tags":[],"_links":{"self":[{"href":"https:\/\/aifonline.net\/index.php?rest_route=\/wp\/v2\/posts\/5051"}],"collection":[{"href":"https:\/\/aifonline.net\/index.php?rest_route=\/wp\/v2\/posts"}],"about":[{"href":"https:\/\/aifonline.net\/index.php?rest_route=\/wp\/v2\/types\/post"}],"author":[{"embeddable":true,"href":"https:\/\/aifonline.net\/index.php?rest_route=\/wp\/v2\/users\/1"}],"replies":[{"embeddable":true,"href":"https:\/\/aifonline.net\/index.php?rest_route=%2Fwp%2Fv2%2Fcomments&post=5051"}],"version-history":[{"count":50,"href":"https:\/\/aifonline.net\/index.php?rest_route=\/wp\/v2\/posts\/5051\/revisions"}],"predecessor-version":[{"id":5146,"href":"https:\/\/aifonline.net\/index.php?rest_route=\/wp\/v2\/posts\/5051\/revisions\/5146"}],"wp:attachment":[{"href":"https:\/\/aifonline.net\/index.php?rest_route=%2Fwp%2Fv2%2Fmedia&parent=5051"}],"wp:term":[{"taxonomy":"category","embeddable":true,"href":"https:\/\/aifonline.net\/index.php?rest_route=%2Fwp%2Fv2%2Fcategories&post=5051"},{"taxonomy":"post_tag","embeddable":true,"href":"https:\/\/aifonline.net\/index.php?rest_route=%2Fwp%2Fv2%2Ftags&post=5051"},{"taxonomy":"table_tags","embeddable":true,"href":"https:\/\/aifonline.net\/index.php?rest_route=%2Fwp%2Fv2%2Ftable_tags&post=5051"}],"curies":[{"name":"wp","href":"https:\/\/api.w.org\/{rel}","templated":true}]}}