{"id":518,"date":"2018-05-28T17:34:22","date_gmt":"2018-05-28T15:34:22","guid":{"rendered":"http:\/\/yamieux.fr\/?p=518"},"modified":"2019-03-16T15:54:36","modified_gmt":"2019-03-16T14:54:36","slug":"tel-clovis-sur-son-pavois","status":"publish","type":"post","link":"https:\/\/aifonline.net\/?p=518","title":{"rendered":"Tel Clovis sur son pavois"},"content":{"rendered":"<p>L\u2019extr\u00eame gauche fran\u00e7aise a organis\u00e9 sa \u00ab\u00a0mar\u00e9e populaire\u00a0\u00bb \u00e0 travers toute la France le 26 mai dernier. Une fois encore, elle a revendiqu\u00e9 un nombre de participants bien plus \u00e9lev\u00e9 que la r\u00e9alit\u00e9 le d\u00e9montrait mais c\u2019est de bonne guerre.<\/p>\n<p>Les images furent celles dont nous sommes d\u00e9j\u00e0 habitu\u00e9s \u00e0 savoir les drapeaux des organisations syndicales flottant devant des drapeaux palestiniens. L\u2019extr\u00eame gauche doit ainsi sa force de mobilisation par le recrutement d\u2019autres forces qui se d\u00e9sint\u00e9ressent totalement du statut des cheminots ou des infirmi\u00e8res mais qui sont l\u00e0 pour contaminer le gros du cort\u00e8ge de leur venin antis\u00e9mite.<\/p>\n<p>La question est de comprendre le syst\u00e8me organisationnel de ces manifestations, quand et comment les dirigeants politiques d\u2019extr\u00eame gauche d\u00e9cident de gonfler leurs rangs avec des personnes \u00e9ructant leur haine d\u2019Isra\u00ebl, tr\u00e8s souvent \u00e0 visage dissimul\u00e9.<\/p>\n<p>Pouvons-nous ainsi \u00e9viter d\u2019acter une relation fusionnelle entre l\u2019extr\u00eame gauche et l\u2019antis\u00e9mitisme de nos jours en France\u00a0? La r\u00e9ponse est indubitablement non.<\/p>\n<p>La France insoumise se sustente d\u2019antis\u00e9mitisme \u00e0 des fins \u00e9lectoralistes, elle sait qu\u2019elle pr\u00e9sentera des candidats l\u2019an prochain aux \u00e9lections europ\u00e9ennes et la haine d\u2019Isra\u00ebl figurera sans doute dans son programme.<\/p>\n<p>Les militants de la France insoumise ne manqueront pas d\u2019observer chaque fait et gestes des dirigeants isra\u00e9liens ainsi, des slogans appelant \u00e0 la haine du peuple juif qu\u2019ils consomment aujourd\u2019hui avec exc\u00e8s, demain ils en feront bombance.<\/p>\n<p>Jean-Luc M\u00e9lenchon a donc une lourde responsabilit\u00e9 quand il mesure son \u00e9quation personnelle de popularit\u00e9 \u00e0 la faveur de manifestations v\u00e9hiculant la haine.<\/p>\n<p>Hautement install\u00e9 sur les estrades, tel Clovis sur son pavois, il n\u2019est pas \u00e0 cela pr\u00e8s.<\/p>\n<p>Mais l\u2019homme cultiv\u00e9 qu\u2019il demeure devrait savoir que les pogroms d\u2019avant-guerre avaient eu pour facteurs d\u00e9clenchants harangues et philippiques.<\/p>\n<p>Il nous appartient d\u00e9sormais d\u2019expliquer \u00e0 nos coreligionnaires qui auraient toujours une pens\u00e9e bienveillante pour l\u2019extr\u00eame gauche, par conviction ou par tradition familiale, que celle-ci n\u2019a plus rien \u00e0 voir avec celle d\u2019antan qui d\u00e9fendait une cause sans m\u00e9lange des genres, avec de vrais militants, force est de le reconna\u00eetre au-del\u00e0 de toute consid\u00e9ration politique.<\/p>\n<p>Aujourd\u2019hui, cette extr\u00eame gauche et m\u00eame une certaine gauche extr\u00eame, entretient habilement de mauvaises fr\u00e9quentations et ses dirigeants, \u00e9lus de la nation, sont pass\u00e9s ma\u00eetres dans l\u2019art de manipuler les foules, prenant surtout bien soin d\u2019assurer l\u2019avenir de leurs pr\u00e9bendes et de leurs sin\u00e9cures.<\/p>\n<p>Aussi, il ne s\u2019agit pas de prendre ces meneurs de troupes pour des histrions de l\u2019expression d\u00e9mocratique, ce sont des citoyens mena\u00e7ant la paix civile et dont la perniciosit\u00e9 est un danger pour la communaut\u00e9 juive de France, sa s\u00e9curit\u00e9 et son avenir.<\/p>\n<p><strong>Alain Kaminski<\/strong><\/p>\n","protected":false},"excerpt":{"rendered":"<p>L\u2019extr\u00eame gauche fran\u00e7aise a organis\u00e9 sa \u00ab\u00a0mar\u00e9e populaire\u00a0\u00bb \u00e0 travers toute la France le 26 mai dernier. Une fois encore,<\/p>\n","protected":false},"author":2,"featured_media":0,"comment_status":"open","ping_status":"open","sticky":false,"template":"","format":"standard","meta":{"_mi_skip_tracking":false,"_exactmetrics_sitenote_active":false,"_exactmetrics_sitenote_note":"","_exactmetrics_sitenote_category":0,"footnotes":""},"categories":[4],"tags":[],"table_tags":[],"_links":{"self":[{"href":"https:\/\/aifonline.net\/index.php?rest_route=\/wp\/v2\/posts\/518"}],"collection":[{"href":"https:\/\/aifonline.net\/index.php?rest_route=\/wp\/v2\/posts"}],"about":[{"href":"https:\/\/aifonline.net\/index.php?rest_route=\/wp\/v2\/types\/post"}],"author":[{"embeddable":true,"href":"https:\/\/aifonline.net\/index.php?rest_route=\/wp\/v2\/users\/2"}],"replies":[{"embeddable":true,"href":"https:\/\/aifonline.net\/index.php?rest_route=%2Fwp%2Fv2%2Fcomments&post=518"}],"version-history":[{"count":1,"href":"https:\/\/aifonline.net\/index.php?rest_route=\/wp\/v2\/posts\/518\/revisions"}],"predecessor-version":[{"id":598,"href":"https:\/\/aifonline.net\/index.php?rest_route=\/wp\/v2\/posts\/518\/revisions\/598"}],"wp:attachment":[{"href":"https:\/\/aifonline.net\/index.php?rest_route=%2Fwp%2Fv2%2Fmedia&parent=518"}],"wp:term":[{"taxonomy":"category","embeddable":true,"href":"https:\/\/aifonline.net\/index.php?rest_route=%2Fwp%2Fv2%2Fcategories&post=518"},{"taxonomy":"post_tag","embeddable":true,"href":"https:\/\/aifonline.net\/index.php?rest_route=%2Fwp%2Fv2%2Ftags&post=518"},{"taxonomy":"table_tags","embeddable":true,"href":"https:\/\/aifonline.net\/index.php?rest_route=%2Fwp%2Fv2%2Ftable_tags&post=518"}],"curies":[{"name":"wp","href":"https:\/\/api.w.org\/{rel}","templated":true}]}}