{"id":522,"date":"2018-12-26T17:36:19","date_gmt":"2018-12-26T16:36:19","guid":{"rendered":"http:\/\/yamieux.fr\/?p=522"},"modified":"2019-03-16T15:53:04","modified_gmt":"2019-03-16T14:53:04","slug":"gaz-a-tous-les-etages","status":"publish","type":"post","link":"https:\/\/aifonline.net\/?p=522","title":{"rendered":"Gaz \u00e0 tous les \u00e9tages"},"content":{"rendered":"<p>Il y a quelques semaines, je disais \u00e0 des amis que le mouvement de ces gilets jaunes qui hurlent avec des loups assoiff\u00e9s d\u2019antis\u00e9mitisme allait mal finir.<\/p>\n<p>Ils ne me croyaient pas, et pourtant.<\/p>\n<p>Je leur disais qu\u2019\u00e0 chaque carrefour, \u00e0 chaque rond-point, on \u00e9ructait que \u00ab\u00a0le pr\u00e9sident\u00a0\u00bb \u00e9tait \u00e9lu pour les riches mais que sur les pancartes il se mouvait lentement mais s\u00fbrement en pr\u00e9sident \u00e9lu par la finance c\u2019est-\u00e0-dire\u2026.par les juifs.<\/p>\n<p>Ils ne me croyaient pas, et pourtant.<\/p>\n<p>Je leur disais qu\u2019il y avait en ce moment une extr\u00eame droite et une ultragauche fonci\u00e8rement antis\u00e9mites dans chaque groupe de manifestants comme il y a du gaz \u00e0 tous les \u00e9tages.<\/p>\n<p>Ils me r\u00e9pondirent que les gilets jaunes se chargeaient d\u2019\u00e9liminer les racistes et les antis\u00e9mites voire que ces derniers s\u2019excluraient d\u2019eux-m\u00eames du mouvement. Bah voyons\u00a0!<\/p>\n<p>Je ne les croyais pas et en m\u00eame temps.<\/p>\n<p>Ce qui devait arriver est bel et bien arriv\u00e9, les slogans antis\u00e9mites ont fleuri sur les ronds-points, sur les vitrines, dans les rues, partout.<\/p>\n<p>On sait ce que les in\u00e9galit\u00e9s ont g\u00e9n\u00e9r\u00e9 en 1929 et comment cela s\u2019est termin\u00e9, mais nos politiciens sont-ils assez vigilants pour ne pas que \u00e7a recommence. On a quand m\u00eame l\u2019impression qu\u2019ils s\u2019en moquent\u2026 jupit\u00e8rement.<\/p>\n<p>L\u2019agression d\u2019une vieille dame juive dans le m\u00e9tro n\u2019a d\u00e9rang\u00e9 personne, pas m\u00eame la RATP,<\/p>\n<p>visiblement.<\/p>\n<p>Il n\u2019est plus supportable d\u2019assister \u00e0 l\u2019insupportable et de constater que notre pays sanctionne les d\u00e9lits par un rappel \u00e0 la loi, c\u2019est-\u00e0-dire gare \u00e0 vous la prochaine fois.<\/p>\n<p>Cette impunit\u00e9 qui laisse en libert\u00e9 les voyous professionnels et les d\u00e9linquants occasionnels est une honte. Une interpellation ou une garde \u00e0 vue devient un simple contr\u00f4le d\u2019identit\u00e9 prolong\u00e9.<\/p>\n<p>L\u2019extr\u00eame gauche se gargarise et surfe sur ce qui pourrait la favoriser \u00e9lectoralement et \u00e0 n\u2019importe quel prix, au prix d\u2019un rouge brun qu\u2019elle ne compte pas c\u00e9der ou brader tellement ces couleurs lui semblent ind\u00e9modables.<\/p>\n<p>En m\u00eame temps, un Ministre de l\u2019Int\u00e9rieur, pas seul puisque toujours flanqu\u00e9 d\u2019un Secr\u00e9taire d\u2019Etat aupr\u00e8s du Ministre de l\u2019Int\u00e9rieur et comprenne qui voudra, appelle \u00e0 la responsabilit\u00e9 de chacun. Mais tout le monde se marre en entendant cela.<\/p>\n<p>Et pourtant. Je reste profond\u00e9ment attach\u00e9 \u00e0 la d\u00e9mocratie, \u00e0 nos institutions, \u00e0 notre R\u00e9publique et je ne suis pas partisan d\u2019un d\u00e9gagisme. Mais je suis tr\u00e8s favorable \u00e0 un \u00ab\u00a0d\u00e9m\u00e9nagisme\u00a0\u00bb car il est temps que ce gouvernement d\u00e9m\u00e9nage pour revenir gouverner sur une autre plan\u00e8te qui s\u2019appelle la plan\u00e8te Terre. On y trouve des beaux pays comme la France, une culture magnifique comme la n\u00f4tre, des institutions comme la justice ou d\u2019autres comme la police qui est l\u00e0 pour garantir notre s\u00e9curit\u00e9 et elle le fait autant que faire se peut.<\/p>\n<p>Mais si nos gouvernants ne d\u00e9m\u00e9nagent pas rapidement pour revenir sur terre, ils pourraient bien \u00e9crire une page d\u2019Histoire o\u00f9 2019 rimerait avec 1929.<\/p>\n<p><strong>Alain KAMINSKI<\/strong><\/p>\n","protected":false},"excerpt":{"rendered":"<p>Il y a quelques semaines, je disais \u00e0 des amis que le mouvement de ces gilets jaunes qui hurlent avec<\/p>\n","protected":false},"author":2,"featured_media":0,"comment_status":"open","ping_status":"open","sticky":false,"template":"","format":"standard","meta":{"_mi_skip_tracking":false,"_exactmetrics_sitenote_active":false,"_exactmetrics_sitenote_note":"","_exactmetrics_sitenote_category":0,"footnotes":""},"categories":[4],"tags":[],"table_tags":[],"_links":{"self":[{"href":"https:\/\/aifonline.net\/index.php?rest_route=\/wp\/v2\/posts\/522"}],"collection":[{"href":"https:\/\/aifonline.net\/index.php?rest_route=\/wp\/v2\/posts"}],"about":[{"href":"https:\/\/aifonline.net\/index.php?rest_route=\/wp\/v2\/types\/post"}],"author":[{"embeddable":true,"href":"https:\/\/aifonline.net\/index.php?rest_route=\/wp\/v2\/users\/2"}],"replies":[{"embeddable":true,"href":"https:\/\/aifonline.net\/index.php?rest_route=%2Fwp%2Fv2%2Fcomments&post=522"}],"version-history":[{"count":1,"href":"https:\/\/aifonline.net\/index.php?rest_route=\/wp\/v2\/posts\/522\/revisions"}],"predecessor-version":[{"id":597,"href":"https:\/\/aifonline.net\/index.php?rest_route=\/wp\/v2\/posts\/522\/revisions\/597"}],"wp:attachment":[{"href":"https:\/\/aifonline.net\/index.php?rest_route=%2Fwp%2Fv2%2Fmedia&parent=522"}],"wp:term":[{"taxonomy":"category","embeddable":true,"href":"https:\/\/aifonline.net\/index.php?rest_route=%2Fwp%2Fv2%2Fcategories&post=522"},{"taxonomy":"post_tag","embeddable":true,"href":"https:\/\/aifonline.net\/index.php?rest_route=%2Fwp%2Fv2%2Ftags&post=522"},{"taxonomy":"table_tags","embeddable":true,"href":"https:\/\/aifonline.net\/index.php?rest_route=%2Fwp%2Fv2%2Ftable_tags&post=522"}],"curies":[{"name":"wp","href":"https:\/\/api.w.org\/{rel}","templated":true}]}}