{"id":5225,"date":"2024-01-14T09:04:00","date_gmt":"2024-01-14T08:04:00","guid":{"rendered":"https:\/\/aifonline.net\/?p=5225"},"modified":"2024-01-14T09:16:44","modified_gmt":"2024-01-14T08:16:44","slug":"livre-ne-juif-le-prix-de-la-coupure","status":"publish","type":"post","link":"https:\/\/aifonline.net\/?p=5225","title":{"rendered":"Livre\u00a0: N\u00e9 juif\u00a0: le prix de la coupure"},"content":{"rendered":"\n<p><em><strong>Par Alain Kaminski<\/strong><\/em><\/p>\n\n\n\n<p>Ce livre, un de plus, de Robert Samacher est un r\u00e9gal.<br>J&#8217;avais quelques craintes qu&#8217;il n&#8217;eut pas \u00e9t\u00e9 \u00e0 la port\u00e9e de chacun r\u00e9duisant peu ou prou son lectorat. Il n&#8217;en est rien, Robert Samacher, directeur de l&#8217;Ecole freudienne, reste captivant, il peut l&#8217;\u00eatre et le d\u00e9montre que le psychanalyste peut l&#8217;\u00eatre, n&#8217;imaginez pas le contraire syst\u00e9matiquement. Ce livre m&#8217;a fait voyager au plus profond d&#8217;une question souvent trait\u00e9e mais jamais suffisamment voire explicitement. Les r\u00e9f\u00e9rences \u00e0 Sartre ou Anna Harendt, l&#8217;antijuda\u00efsme chr\u00e9tien et l&#8217;antis\u00e9mitisme musulman, le n\u00e9gationnisme et le r\u00e9visionnisme, le processus de d\u00e9sinformation jamais autant \u00e0 l&#8217;ordre du jour, tout y est, rien n&#8217;est oubli\u00e9 et ce livre est, comme pourrait dire une g\u00e9n\u00e9ration qui n&#8217;est pas la mienne, un &#8221;&nbsp;must have&nbsp;&#8220;, le livre que l&#8217;on se doit de poss\u00e9der.<\/p>\n\n\n\n<p><em>N\u00e9 juif&nbsp;: Le prix de la coupure, Lecture freudienne de l&#8217;indicible<\/em> <br>Auteur&nbsp;: Robert Samacher<br>354 pages<br>Etditions&nbsp;: MJW<\/p>\n\n\n<div class=\"wp-block-image\">\n<figure class=\"aligncenter size-full\"><img decoding=\"async\" loading=\"lazy\" width=\"362\" height=\"500\" src=\"https:\/\/aifonline.net\/wp-content\/uploads\/2024\/01\/9782491494964-475x500-1.jpeg\" alt=\"\" class=\"wp-image-5227\" srcset=\"https:\/\/aifonline.net\/wp-content\/uploads\/2024\/01\/9782491494964-475x500-1.jpeg 362w, https:\/\/aifonline.net\/wp-content\/uploads\/2024\/01\/9782491494964-475x500-1-217x300.jpeg 217w\" sizes=\"(max-width: 362px) 100vw, 362px\" \/><figcaption class=\"wp-element-caption\">N\u00e9 juif&nbsp;: le prix de la coupure, Lecture freudienne de l&#8217;indicible par Robert Samacher<\/figcaption><\/figure><\/div>","protected":false},"excerpt":{"rendered":"<p>Par Alain Kaminski Ce livre, un de plus, de Robert Samacher est un r\u00e9gal.J&#8217;avais quelques craintes qu&#8217;il n&#8217;eut pas \u00e9t\u00e9<\/p>\n","protected":false},"author":1,"featured_media":0,"comment_status":"open","ping_status":"open","sticky":false,"template":"","format":"standard","meta":{"_mi_skip_tracking":false,"_exactmetrics_sitenote_active":false,"_exactmetrics_sitenote_note":"","_exactmetrics_sitenote_category":0,"footnotes":""},"categories":[36],"tags":[],"table_tags":[],"_links":{"self":[{"href":"https:\/\/aifonline.net\/index.php?rest_route=\/wp\/v2\/posts\/5225"}],"collection":[{"href":"https:\/\/aifonline.net\/index.php?rest_route=\/wp\/v2\/posts"}],"about":[{"href":"https:\/\/aifonline.net\/index.php?rest_route=\/wp\/v2\/types\/post"}],"author":[{"embeddable":true,"href":"https:\/\/aifonline.net\/index.php?rest_route=\/wp\/v2\/users\/1"}],"replies":[{"embeddable":true,"href":"https:\/\/aifonline.net\/index.php?rest_route=%2Fwp%2Fv2%2Fcomments&post=5225"}],"version-history":[{"count":4,"href":"https:\/\/aifonline.net\/index.php?rest_route=\/wp\/v2\/posts\/5225\/revisions"}],"predecessor-version":[{"id":5243,"href":"https:\/\/aifonline.net\/index.php?rest_route=\/wp\/v2\/posts\/5225\/revisions\/5243"}],"wp:attachment":[{"href":"https:\/\/aifonline.net\/index.php?rest_route=%2Fwp%2Fv2%2Fmedia&parent=5225"}],"wp:term":[{"taxonomy":"category","embeddable":true,"href":"https:\/\/aifonline.net\/index.php?rest_route=%2Fwp%2Fv2%2Fcategories&post=5225"},{"taxonomy":"post_tag","embeddable":true,"href":"https:\/\/aifonline.net\/index.php?rest_route=%2Fwp%2Fv2%2Ftags&post=5225"},{"taxonomy":"table_tags","embeddable":true,"href":"https:\/\/aifonline.net\/index.php?rest_route=%2Fwp%2Fv2%2Ftable_tags&post=5225"}],"curies":[{"name":"wp","href":"https:\/\/api.w.org\/{rel}","templated":true}]}}