{"id":524,"date":"2019-01-26T17:37:38","date_gmt":"2019-01-26T16:37:38","guid":{"rendered":"http:\/\/yamieux.fr\/?p=524"},"modified":"2019-03-16T15:52:34","modified_gmt":"2019-03-16T14:52:34","slug":"ils-ne-sont-plus-credibles","status":"publish","type":"post","link":"https:\/\/aifonline.net\/?p=524","title":{"rendered":"Ils ne sont plus cr\u00e9dibles\u2026"},"content":{"rendered":"<p>Les gilets jaunes, les foulards rouges, le peuple est devenu marchand de couleurs.<\/p>\n<p>Ces gilets jaunes avaient commenc\u00e9 par faire la f\u00eate, barbecue ou brasero \u00e0 charbon de bois sur les ronds-points, buvettes am\u00e9nag\u00e9es bref, on finit par se demander si nombre de ces manifestants n\u2019avaient pas trouv\u00e9 un moyen de tuer l\u2019ennui du week-end, de mettre un terme aux samedis devant la t\u00e9l\u00e9, et puis chouette on va monter \u00e0 Paris. Certains n\u2019avaient pas h\u00e9sit\u00e9 \u00e0 dire qu\u2019ils attendaient le samedi pour se retrouver et se faire de nouveaux amis.<\/p>\n<p>Mais quels amis\u00a0? Ceux qui faisaient montre de racisme, d\u2019antis\u00e9mitisme, d\u2019homophobie\u00a0? Ne pas les exclure imm\u00e9diatement des ronds-points avec leurs pancartes aux inscriptions naus\u00e9abondes, c\u2019\u00e9tait les accepter, s\u2019en rendre complice.<\/p>\n<p>Ils ne sont vraiment plus cr\u00e9dibles car incapables de dialoguer sereinement, infichus d\u2019ouvrir les yeux quand ils sont infiltr\u00e9s par des voyous casseurs, inaptes \u00e0 mettre en place un porte-parolat pour afficher un semblant de structure d\u00e9mocratique.<\/p>\n<p>Pis, ceux-l\u00e0 m\u00eames qui voulaient les repr\u00e9senter ont \u00e9t\u00e9 menac\u00e9s, vilipend\u00e9s et exclus \u00e0 commencer bien s\u00fbr par celles et ceux qui avaient pour ambition premi\u00e8re d\u00e8s la naissance du mouvement de faire de la politique. C\u2019est vrai que c\u2019\u00e9tait tentant avec un scrutin \u00e0 la proportionnelle o\u00f9 le premier quidam venu, d\u00e9vor\u00e9 d\u2019ambition et plac\u00e9 gagnant, peut se retrouver sur un autre rond-point \u00e0 Bruxelles avec une situation mat\u00e9rielle r\u00eav\u00e9e et une carte de visite remplie recto verso.<\/p>\n<p>Mais ils ne sont plus cr\u00e9dibles car le grand d\u00e9bat public ne semble pas les concerner m\u00eame si celui-ci s\u2019av\u00e8re n\u2019\u00eatre qu\u2019un caut\u00e8re sur une jambe de bois.<\/p>\n<p>Ils voulaient le dialogue, ils le refusent.<\/p>\n<p>Il appartenait aux gilets jaunes de faire un pas de c\u00f4t\u00e9, de se regarder devant un miroir pour s\u2019apercevoir qu\u2019ils allaient devenir chacun d\u2019entre eux leur pire ennemi.<\/p>\n<p>Force est de l\u2019admettre puisque l\u2019opinion publique ne les suit plus et les rangent d\u00e9sormais dans les rangs de la France insoumise ou du Rassemblement national, c\u2019est-\u00e0-dire blanc bonnet ou bonnet blanc.<\/p>\n<p>Laissons aux \u00e9lus de la R\u00e9publique le soin de donner la parole aux Fran\u00e7ais avec les outils de nos institutions car l\u2019Histoire nous rappelle que le respect de la d\u00e9mocratie est seul garant de nos libert\u00e9s. Un gouvernement est en place, laissons-le travailler quitte \u00e0 revenir sur ses erreurs et bien souvent la perspective des urnes est l\u00e0 pour les lui rappeler.<\/p>\n<p>Cependant, nul ne disconviendra que ces \u00e9lus ont du pain sur la planche avant que celle-ci ne soit parfaitement burin\u00e9e.<\/p>\n<p>Enfin, esp\u00e9rons que l\u2019ordre public soit en passe d\u2019\u00eatre r\u00e9tabli, puissent nos gouvernants s\u2019inspirer de notre sagesse juive qui dit\u00a0\u00ab\u00a0\u00a0Mis\u00e9rable est la ville dont le m\u00e9decin est podagre et le chirurgien borgne\u00a0\u00bb<\/p>\n<p><strong>Alain Kaminski<\/strong><\/p>\n","protected":false},"excerpt":{"rendered":"<p>Les gilets jaunes, les foulards rouges, le peuple est devenu marchand de couleurs. Ces gilets jaunes avaient commenc\u00e9 par faire<\/p>\n","protected":false},"author":2,"featured_media":0,"comment_status":"open","ping_status":"open","sticky":false,"template":"","format":"standard","meta":{"_mi_skip_tracking":false,"_exactmetrics_sitenote_active":false,"_exactmetrics_sitenote_note":"","_exactmetrics_sitenote_category":0,"footnotes":""},"categories":[4],"tags":[],"table_tags":[],"_links":{"self":[{"href":"https:\/\/aifonline.net\/index.php?rest_route=\/wp\/v2\/posts\/524"}],"collection":[{"href":"https:\/\/aifonline.net\/index.php?rest_route=\/wp\/v2\/posts"}],"about":[{"href":"https:\/\/aifonline.net\/index.php?rest_route=\/wp\/v2\/types\/post"}],"author":[{"embeddable":true,"href":"https:\/\/aifonline.net\/index.php?rest_route=\/wp\/v2\/users\/2"}],"replies":[{"embeddable":true,"href":"https:\/\/aifonline.net\/index.php?rest_route=%2Fwp%2Fv2%2Fcomments&post=524"}],"version-history":[{"count":1,"href":"https:\/\/aifonline.net\/index.php?rest_route=\/wp\/v2\/posts\/524\/revisions"}],"predecessor-version":[{"id":596,"href":"https:\/\/aifonline.net\/index.php?rest_route=\/wp\/v2\/posts\/524\/revisions\/596"}],"wp:attachment":[{"href":"https:\/\/aifonline.net\/index.php?rest_route=%2Fwp%2Fv2%2Fmedia&parent=524"}],"wp:term":[{"taxonomy":"category","embeddable":true,"href":"https:\/\/aifonline.net\/index.php?rest_route=%2Fwp%2Fv2%2Fcategories&post=524"},{"taxonomy":"post_tag","embeddable":true,"href":"https:\/\/aifonline.net\/index.php?rest_route=%2Fwp%2Fv2%2Ftags&post=524"},{"taxonomy":"table_tags","embeddable":true,"href":"https:\/\/aifonline.net\/index.php?rest_route=%2Fwp%2Fv2%2Ftable_tags&post=524"}],"curies":[{"name":"wp","href":"https:\/\/api.w.org\/{rel}","templated":true}]}}