{"id":526,"date":"2019-02-14T17:38:36","date_gmt":"2019-02-14T16:38:36","guid":{"rendered":"http:\/\/yamieux.fr\/?p=526"},"modified":"2019-03-16T15:52:14","modified_gmt":"2019-03-16T14:52:14","slug":"la-colere-salutaire-de-francois-berleand","status":"publish","type":"post","link":"https:\/\/aifonline.net\/?p=526","title":{"rendered":"La col\u00e8re (salutaire) de Fran\u00e7ois Berl\u00e9and"},"content":{"rendered":"<p>Le tag antis\u00e9mite sur la vitrine d\u2019une enseigne de restauration rapide Bagelstein est \u00e9pouvantable.<\/p>\n<p>D\u2019aucuns diront qu\u2019il rappelle de bien mauvais souvenirs.<\/p>\n<p>Ne souhaitant pas \u00e9voquer une \u00e9poque que je n\u2019ai pas connue, je troquerai avec clairvoyance ces souvenirs sombres contre un avenir triste et si l\u2019avenir reste toujours incertain parce que parfois lointain, le devenir lui, bien plus proche par d\u00e9finition, laisse poindre un antis\u00e9mitisme tol\u00e9r\u00e9 dans une soci\u00e9t\u00e9 incontr\u00f4lable, peu ou prou indiff\u00e9rente.<\/p>\n<p>Force est d\u2019admettre que ces gilets jaunes ont ouvert un boulevard \u00e0 tout ce qu\u2019il y a de plus naus\u00e9abond, le racisme, l\u2019antis\u00e9mitisme, l\u2019homophobie. Et pour cr\u00e9er la saveur tel un ma\u00eetre saucier dans la brigade d\u2019un chef \u00e9toil\u00e9, on y ajoute l\u2019intimidation, les menaces de mort \u00e0 l\u2019endroit des quelques gilets jaunes sinc\u00e8res d\u00e9sirant s\u2019exprimer librement, l\u2019incendie volontaire des \u00e9difices publics et des biens personnels des \u00e9lus de la nation.<\/p>\n<p>Qui pourrait dire comment cela se terminera, \u00e0 tout le moins comment cela se poursuivra\u00a0?<\/p>\n<p>Les fauteurs de troubles sont trop peu interpell\u00e9s et lorsqu\u2019ils le sont, qui pourrait dire ce qu\u2019il advient du travail de la justice, des peines encourues, prononc\u00e9es, trop souvent non ex\u00e9cut\u00e9es ? Les cha\u00eenes d\u2019information en continu font bombance de sensationnel mais pour la suite des \u00e9v\u00e8nements et des condamnations inflig\u00e9es \u00e0 ceux-l\u00e0 m\u00eames qui ont fait leurs choux gras, elles observent un silence telle une bernique sur son rocher breton.<\/p>\n<p>Je n\u2019attends rien des timides indignations de ces politiciens de tous bords pour esp\u00e9rer un antidote \u00e0 cet antis\u00e9mitisme sorti parfois de venelles pour cro\u00eetre sur les ronds-points. Les gilets jaunes se d\u00e9clarent apolitiques mais partagent leur bout de gras avec les soutiens ind\u00e9fectibles de Marine le Pen et les fid\u00e8les janissaires de Jean-Luc M\u00e9lenchon.<\/p>\n<p>Reste le monde des intellectuels, du spectacle et de ceux qu\u2019on appelle parfois les people.<\/p>\n<p>Ils me semblent bien timor\u00e9s ces derniers temps et, par\u00e9s d\u2019une frilosit\u00e9 surprenante, ils ne s\u2019expriment gu\u00e8re pr\u00e9f\u00e9rant se r\u00e9fugier dans leur cocooning comme s\u2019il ne se passait rien en France depuis trois mois.<\/p>\n<p>Alors bravo \u00e0 Monsieur Fran\u00e7ois Berl\u00e9and qui est sorti de ses gonds pour dire \u00ab\u00a0 ils me font chier les gilets jaunes\u00a0\u00bb. Cet homme de th\u00e9\u00e2tre au talent reconnu ne saurait \u00eatre accus\u00e9 de retomber en enfance ou d\u2019\u00eatre devenu g\u00e2teux, il est parfaitement lucide, dans le mitan de sa vie, et a tenu \u00e0 exprimer courageusement sa col\u00e8re quand bien d\u2019autres de sa profession ont pr\u00e9f\u00e9r\u00e9 la pleutrerie.<\/p>\n<p>Respect\u00a0!<\/p>\n<p><strong>Alain Kaminski<\/strong><\/p>\n","protected":false},"excerpt":{"rendered":"<p>Le tag antis\u00e9mite sur la vitrine d\u2019une enseigne de restauration rapide Bagelstein est \u00e9pouvantable. D\u2019aucuns diront qu\u2019il rappelle de bien<\/p>\n","protected":false},"author":2,"featured_media":0,"comment_status":"open","ping_status":"open","sticky":false,"template":"","format":"standard","meta":{"_mi_skip_tracking":false,"_exactmetrics_sitenote_active":false,"_exactmetrics_sitenote_note":"","_exactmetrics_sitenote_category":0,"footnotes":""},"categories":[4],"tags":[],"table_tags":[],"_links":{"self":[{"href":"https:\/\/aifonline.net\/index.php?rest_route=\/wp\/v2\/posts\/526"}],"collection":[{"href":"https:\/\/aifonline.net\/index.php?rest_route=\/wp\/v2\/posts"}],"about":[{"href":"https:\/\/aifonline.net\/index.php?rest_route=\/wp\/v2\/types\/post"}],"author":[{"embeddable":true,"href":"https:\/\/aifonline.net\/index.php?rest_route=\/wp\/v2\/users\/2"}],"replies":[{"embeddable":true,"href":"https:\/\/aifonline.net\/index.php?rest_route=%2Fwp%2Fv2%2Fcomments&post=526"}],"version-history":[{"count":1,"href":"https:\/\/aifonline.net\/index.php?rest_route=\/wp\/v2\/posts\/526\/revisions"}],"predecessor-version":[{"id":595,"href":"https:\/\/aifonline.net\/index.php?rest_route=\/wp\/v2\/posts\/526\/revisions\/595"}],"wp:attachment":[{"href":"https:\/\/aifonline.net\/index.php?rest_route=%2Fwp%2Fv2%2Fmedia&parent=526"}],"wp:term":[{"taxonomy":"category","embeddable":true,"href":"https:\/\/aifonline.net\/index.php?rest_route=%2Fwp%2Fv2%2Fcategories&post=526"},{"taxonomy":"post_tag","embeddable":true,"href":"https:\/\/aifonline.net\/index.php?rest_route=%2Fwp%2Fv2%2Ftags&post=526"},{"taxonomy":"table_tags","embeddable":true,"href":"https:\/\/aifonline.net\/index.php?rest_route=%2Fwp%2Fv2%2Ftable_tags&post=526"}],"curies":[{"name":"wp","href":"https:\/\/api.w.org\/{rel}","templated":true}]}}