{"id":528,"date":"2019-02-16T17:53:27","date_gmt":"2019-02-16T16:53:27","guid":{"rendered":"http:\/\/yamieux.fr\/?p=528"},"modified":"2019-03-26T21:32:18","modified_gmt":"2019-03-26T20:32:18","slug":"deces-de-clara-fouks","status":"publish","type":"post","link":"https:\/\/aifonline.net\/?p=528","title":{"rendered":"D\u00e9c\u00e8s de Clara Fouks"},"content":{"rendered":"<p>Nous avons appris avec tristesse le d\u00e9c\u00e8s de notre soci\u00e9taire Madame Clara FOUKS n\u00e9e Katz survenu le 21 janvier 2019 \u00e0 Dijon \u00e0 l&#8217;\u00e2ge de 95 ans. Nous adressons nos sinc\u00e8res condol\u00e9ances \u00e0 sa famille.<\/p>\n","protected":false},"excerpt":{"rendered":"<p>Nous avons appris avec tristesse le d\u00e9c\u00e8s de notre soci\u00e9taire Madame Clara FOUKS n\u00e9e Katz survenu le 21 janvier 2019<\/p>\n","protected":false},"author":2,"featured_media":0,"comment_status":"open","ping_status":"open","sticky":false,"template":"","format":"standard","meta":{"_mi_skip_tracking":false,"_exactmetrics_sitenote_active":false,"_exactmetrics_sitenote_note":"","_exactmetrics_sitenote_category":0,"footnotes":""},"categories":[5,31],"tags":[18],"table_tags":[],"_links":{"self":[{"href":"https:\/\/aifonline.net\/index.php?rest_route=\/wp\/v2\/posts\/528"}],"collection":[{"href":"https:\/\/aifonline.net\/index.php?rest_route=\/wp\/v2\/posts"}],"about":[{"href":"https:\/\/aifonline.net\/index.php?rest_route=\/wp\/v2\/types\/post"}],"author":[{"embeddable":true,"href":"https:\/\/aifonline.net\/index.php?rest_route=\/wp\/v2\/users\/2"}],"replies":[{"embeddable":true,"href":"https:\/\/aifonline.net\/index.php?rest_route=%2Fwp%2Fv2%2Fcomments&post=528"}],"version-history":[{"count":1,"href":"https:\/\/aifonline.net\/index.php?rest_route=\/wp\/v2\/posts\/528\/revisions"}],"predecessor-version":[{"id":667,"href":"https:\/\/aifonline.net\/index.php?rest_route=\/wp\/v2\/posts\/528\/revisions\/667"}],"wp:attachment":[{"href":"https:\/\/aifonline.net\/index.php?rest_route=%2Fwp%2Fv2%2Fmedia&parent=528"}],"wp:term":[{"taxonomy":"category","embeddable":true,"href":"https:\/\/aifonline.net\/index.php?rest_route=%2Fwp%2Fv2%2Fcategories&post=528"},{"taxonomy":"post_tag","embeddable":true,"href":"https:\/\/aifonline.net\/index.php?rest_route=%2Fwp%2Fv2%2Ftags&post=528"},{"taxonomy":"table_tags","embeddable":true,"href":"https:\/\/aifonline.net\/index.php?rest_route=%2Fwp%2Fv2%2Ftable_tags&post=528"}],"curies":[{"name":"wp","href":"https:\/\/api.w.org\/{rel}","templated":true}]}}