{"id":5533,"date":"2024-04-25T17:18:28","date_gmt":"2024-04-25T15:18:28","guid":{"rendered":"https:\/\/aifonline.net\/?p=5533"},"modified":"2024-04-28T16:27:59","modified_gmt":"2024-04-28T14:27:59","slug":"culture-sacre-sound-festival","status":"publish","type":"post","link":"https:\/\/aifonline.net\/?p=5533","title":{"rendered":"Culture : Sacr\u00e9 Sound Festival"},"content":{"rendered":"\n<p><strong><em>Par Laurence Haziza<\/em><\/strong><\/p>\n\n\n\n<p><strong>Sacr\u00e9 Sound Festival<br><\/strong>Du 02 au 18 mai\u00a02024 \u00e0 Paris<br><a href=\"https:\/\/www.sacresoundfestival.com\/\n\">https:\/\/www.sacresoundfestival.com\/<\/a><\/p>\n\n\n\n<p><em>Les pieds dans la tradition, la t\u00eate dans le spirituel, le corps dans les musiques actuelles.<\/em><\/p>\n\n\n\n<p>En revisitant les musiques sacr\u00e9es des grandes traditions religieuses \u00e0 travers des sonorit\u00e9s r\u00e9solument modernes, nous cherchons \u00e0 cr\u00e9er un espace o\u00f9 la\u00a0musique sublime les diff\u00e9rences et nous connecte les uns aux autres d\u2019une mani\u00e8re profonde.<br>C\u2019est dans la rencontre entre musiciens, ailleurs musel\u00e9e, ici favoris\u00e9e, que s\u2019inscrivent les lignes de ce festival qui pr\u00f4ne la fraternit\u00e9. En ces temps o\u00f9 le\u00a0dialogue peut sembler difficile, ce festival nous plonge au c\u0153ur d\u2019une exp\u00e9rience musicale in\u00e9dite o\u00f9 les fronti\u00e8res entre les genres et les croyances\u00a0s\u2019estompent pour laisser place \u00e0 la c\u00e9l\u00e9bration de la diversit\u00e9 et de l\u2019unit\u00e9.<br>La musique devient le territoire du vivre ensemble.\u00a0<\/p>\n\n\n\n<p>Le 2 mai\u00a0pour l\u2019ouverture du festival, nous avons r\u00e9uni sur un m\u00eame plateau 3 femmes exceptionnelles : La chanteuse mezzo soprano franco iranienne\u00a0Ariana\u00a0Vafadari, la chanteuse pop actrice isra\u00e9lo iranienne\u00a0Liraz\u00a0et le Dj de tous les orients\u00a0Sharouh. Nous offrons des s\u00e9ances de maquillage avec Sisi La Paillette,\u00a0des tatouages au henn\u00e9 de Selune et quelques stands des causes que nous d\u00e9fendons, afin de faire de cette soir\u00e9e un moment partag\u00e9 inoubliable.<\/p>\n\n\n\n<p>Laurence Haziza<br>Directrice du Sacr\u00e9 Sound Festival<\/p>\n\n\n\n<p>Pour les associations le tarif sp\u00e9cial est de 18 euros : pour le 2 mai Liraz et le 7 mai Walid Ben Selim<br><a href=\"https:\/\/shotgun.live\/fr\/events\/sacre-sound-festival?ids=655163\n\">https:\/\/shotgun.live\/fr\/events\/sacre-sound-festival?ids=655163<br><\/a>\u00a0<br>Et \u00e9galement un lien vers les personnes qui voudraient soutenir l\u2019\u00e9v\u00e8nement<br><a href=\"https:\/\/www.helloasso.com\/associations\/fonds-de-dotation-judaisme-en-mouvement\/formulaires\/11\n\">https:\/\/www.helloasso.com\/associations\/fonds-de-dotation-judaisme-en-mouvement\/formulaires\/11<\/a><\/p>\n","protected":false},"excerpt":{"rendered":"<p>Par Laurence Haziza Sacr\u00e9 Sound FestivalDu 02 au 18 mai\u00a02024 \u00e0 Parishttps:\/\/www.sacresoundfestival.com\/ Les pieds dans la tradition, la t\u00eate dans<\/p>\n","protected":false},"author":1,"featured_media":0,"comment_status":"open","ping_status":"open","sticky":false,"template":"","format":"standard","meta":{"_mi_skip_tracking":false,"_exactmetrics_sitenote_active":false,"_exactmetrics_sitenote_note":"","_exactmetrics_sitenote_category":0,"footnotes":""},"categories":[29,71],"tags":[],"table_tags":[],"_links":{"self":[{"href":"https:\/\/aifonline.net\/index.php?rest_route=\/wp\/v2\/posts\/5533"}],"collection":[{"href":"https:\/\/aifonline.net\/index.php?rest_route=\/wp\/v2\/posts"}],"about":[{"href":"https:\/\/aifonline.net\/index.php?rest_route=\/wp\/v2\/types\/post"}],"author":[{"embeddable":true,"href":"https:\/\/aifonline.net\/index.php?rest_route=\/wp\/v2\/users\/1"}],"replies":[{"embeddable":true,"href":"https:\/\/aifonline.net\/index.php?rest_route=%2Fwp%2Fv2%2Fcomments&post=5533"}],"version-history":[{"count":5,"href":"https:\/\/aifonline.net\/index.php?rest_route=\/wp\/v2\/posts\/5533\/revisions"}],"predecessor-version":[{"id":5541,"href":"https:\/\/aifonline.net\/index.php?rest_route=\/wp\/v2\/posts\/5533\/revisions\/5541"}],"wp:attachment":[{"href":"https:\/\/aifonline.net\/index.php?rest_route=%2Fwp%2Fv2%2Fmedia&parent=5533"}],"wp:term":[{"taxonomy":"category","embeddable":true,"href":"https:\/\/aifonline.net\/index.php?rest_route=%2Fwp%2Fv2%2Fcategories&post=5533"},{"taxonomy":"post_tag","embeddable":true,"href":"https:\/\/aifonline.net\/index.php?rest_route=%2Fwp%2Fv2%2Ftags&post=5533"},{"taxonomy":"table_tags","embeddable":true,"href":"https:\/\/aifonline.net\/index.php?rest_route=%2Fwp%2Fv2%2Ftable_tags&post=5533"}],"curies":[{"name":"wp","href":"https:\/\/api.w.org\/{rel}","templated":true}]}}