{"id":5544,"date":"2024-05-12T09:57:00","date_gmt":"2024-05-12T07:57:00","guid":{"rendered":"https:\/\/aifonline.net\/?p=5544"},"modified":"2024-05-12T10:33:30","modified_gmt":"2024-05-12T08:33:30","slug":"portrait-elie-schwebel-1914-2003","status":"publish","type":"post","link":"https:\/\/aifonline.net\/?p=5544","title":{"rendered":"Portrait : Elie Schwebel (1914-2003)"},"content":{"rendered":"\n<p><strong><em>Par son fils Guy Schwebel<\/em><\/strong><\/p>\n\n\n\n<div class=\"wp-block-media-text has-media-on-the-right is-stacked-on-mobile is-image-fill has-white-color has-text-color has-background\" style=\"background-color:#7495bc\"><div class=\"wp-block-media-text__content\">\n<p>Elie Schwebel naquit le 15 mai 1914 \u00e0 Zolkiew tout proche de Lvov en Pologne,<br>aujourd\u2019hui Lviv en Ukraine. Il \u00e9tait le fils de Gershon Krauze Schwebel et de Ita Steinbach.<br>Elie \u00e9tait l\u2019a\u00een\u00e9 d\u2019une fratrie de huit enfants, Samuel, Oscar, Abraham, Me\u00efr, Blache, Hulia,<br>Faig\u00e9.<br>La famille, de condition tr\u00e8s modeste, vivait \u00e0 Zolkiew, une banlieue de Lvov, au sein d\u2019une communaut\u00e9 juive forte de 5000 personnes. D\u00e8s l\u2019\u00e2ge de douze ans il dut participer \u00e0 l\u2019\u00e9conomie de la famille, comme beaucoup de juifs \u00e0 cette \u00e9poque, il apprit le m\u00e9tier de la fourrure.<br>Parall\u00e8lement, il milita au sein du mouvement de jeunesse Hachomer Hatsa\u00efr o\u00f9 il sera tr\u00e8s actif. Il int\u00e9gra un \u00ab&nbsp;garin&nbsp;\u00bb litt\u00e9ralement \u00ab&nbsp;noyau&nbsp;\u00bb de jeunes sionistes se destinant \u00e0 \u00e9migrer en Palestine mandataire.<\/p>\n\n\n\n<p class=\"has-text-align-right\">(<em>Elie Schwebel, 1937<\/em>)<\/p>\n<\/div><figure class=\"wp-block-media-text__media\" style=\"background-image:url(https:\/\/aifonline.net\/wp-content\/uploads\/2024\/04\/Elie_schwebel_ret-701x1024.jpg);background-position:50% 36%\"><img decoding=\"async\" loading=\"lazy\" width=\"701\" height=\"1024\" src=\"https:\/\/aifonline.net\/wp-content\/uploads\/2024\/04\/Elie_schwebel_ret-701x1024.jpg\" alt=\"\" class=\"wp-image-5566 size-full\" srcset=\"https:\/\/aifonline.net\/wp-content\/uploads\/2024\/04\/Elie_schwebel_ret-701x1024.jpg 701w, https:\/\/aifonline.net\/wp-content\/uploads\/2024\/04\/Elie_schwebel_ret-205x300.jpg 205w, https:\/\/aifonline.net\/wp-content\/uploads\/2024\/04\/Elie_schwebel_ret-768x1122.jpg 768w, https:\/\/aifonline.net\/wp-content\/uploads\/2024\/04\/Elie_schwebel_ret.jpg 896w\" sizes=\"(max-width: 701px) 100vw, 701px\" \/><\/figure><\/div>\n\n\n\n<div class=\"wp-block-media-text is-stacked-on-mobile is-image-fill has-light-gray-background-color has-background\"><figure class=\"wp-block-media-text__media\" style=\"background-image:url(https:\/\/aifonline.net\/wp-content\/uploads\/2020\/05\/Elie-Schwebel.jpg);background-position:50% 50%\"><img decoding=\"async\" loading=\"lazy\" width=\"639\" height=\"735\" src=\"https:\/\/aifonline.net\/wp-content\/uploads\/2020\/05\/Elie-Schwebel.jpg\" alt=\"\" class=\"wp-image-5610 size-full\" srcset=\"https:\/\/aifonline.net\/wp-content\/uploads\/2020\/05\/Elie-Schwebel.jpg 639w, https:\/\/aifonline.net\/wp-content\/uploads\/2020\/05\/Elie-Schwebel-261x300.jpg 261w\" sizes=\"(max-width: 639px) 100vw, 639px\" \/><\/figure><div class=\"wp-block-media-text__content\">\n<p>Mais la famille \u00e9tait tr\u00e8s pauvre et en 1937, afin de participer d\u2019une mani\u00e8re significative aux besoins de sa famille, il prit la direction de Paris. Mais il sera pr\u00e9cipitamment de retour \u00e0 Zolkiew juste avant la guerre, sa m\u00e8re \u00e9tant tr\u00e8s souffrante.<br>Puis il se retrouve enr\u00f4l\u00e9 de force dans l\u2019arm\u00e9e rouge o\u00f9 il subissait un antis\u00e9mitisme violent qui le conduira avec d\u2019autres camarades juifs \u00e0 d\u00e9serter. Il survit dans les bois entre les arm\u00e9es allemandes et russes au contact de partisans polonais.<br>Il retrouve son fr\u00e8re Oscar dans les camps de r\u00e9fugi\u00e9s en Allemagne, Elie et Oscar seront les seuls rescap\u00e9s parmi les dix membres de la famille.<br>A Zolkiew, seuls soixante-dix membres de la communaut\u00e9 juive survivront \u00e0 la Shoah.<\/p>\n\n\n\n<p><\/p>\n<\/div><\/div>\n\n\n\n<div class=\"wp-block-media-text has-media-on-the-right is-stacked-on-mobile is-image-fill has-white-color has-text-color has-background\" style=\"background-color:#7495bc\"><div class=\"wp-block-media-text__content\">\n<p>Elie Schwebel revient \u00e0 Paris et rencontre une jolie femme, Rose Wachtel, fille de Joseph et Marie Turschwell.<br>Il l\u2019\u00e9pouse le 4 septembre 1947. Leur fille Myriam Ida na\u00eet le 29 juin 1949 mais un drame survient, la famille subit une intoxication au monoxyde de carbone, Myriam Ida meurt le 8&nbsp;mars 1950.<br>Naissance de Guy le 22 d\u00e9cembre 1950, la vie reprend, Elie est naturalis\u00e9 le 11 juillet 1952.<br>Apr\u00e8s avoir r\u00e9sid\u00e9 bri\u00e8vement dans le Xi\u00e8me arrondissement, la famille s\u2019installe rue de Paradis dans le X\u00e8me, le quartier des fourreurs, Elie exercera le m\u00e9tier de fourreur toute sa vie durant.<\/p>\n\n\n\n<p class=\"has-text-align-right\">(<em>Elie Schwebel et son \u00e9pouse Rose lors de leur mariage \u00e0 Paris 11e, 1947<\/em>)<\/p>\n<\/div><figure class=\"wp-block-media-text__media\" style=\"background-image:url(https:\/\/aifonline.net\/wp-content\/uploads\/2024\/04\/Elie-Schwebel9-617x1024.jpg);background-position:52% 30%\"><img decoding=\"async\" loading=\"lazy\" width=\"617\" height=\"1024\" src=\"https:\/\/aifonline.net\/wp-content\/uploads\/2024\/04\/Elie-Schwebel9-617x1024.jpg\" alt=\"\" class=\"wp-image-5553 size-full\" srcset=\"https:\/\/aifonline.net\/wp-content\/uploads\/2024\/04\/Elie-Schwebel9-617x1024.jpg 617w, https:\/\/aifonline.net\/wp-content\/uploads\/2024\/04\/Elie-Schwebel9-181x300.jpg 181w, https:\/\/aifonline.net\/wp-content\/uploads\/2024\/04\/Elie-Schwebel9-768x1276.jpg 768w, https:\/\/aifonline.net\/wp-content\/uploads\/2024\/04\/Elie-Schwebel9.jpg 923w\" sizes=\"(max-width: 617px) 100vw, 617px\" \/><\/figure><\/div>\n\n\n\n<div class=\"wp-block-media-text is-stacked-on-mobile is-image-fill has-light-gray-background-color has-background\"><figure class=\"wp-block-media-text__media\" style=\"background-image:url(https:\/\/aifonline.net\/wp-content\/uploads\/2024\/04\/Elie-Schwebel11-505x1024.jpg);background-position:49% 19%\"><img decoding=\"async\" loading=\"lazy\" width=\"505\" height=\"1024\" src=\"https:\/\/aifonline.net\/wp-content\/uploads\/2024\/04\/Elie-Schwebel11-505x1024.jpg\" alt=\"\" class=\"wp-image-5555 size-full\" srcset=\"https:\/\/aifonline.net\/wp-content\/uploads\/2024\/04\/Elie-Schwebel11-505x1024.jpg 505w, https:\/\/aifonline.net\/wp-content\/uploads\/2024\/04\/Elie-Schwebel11-148x300.jpg 148w, https:\/\/aifonline.net\/wp-content\/uploads\/2024\/04\/Elie-Schwebel11-768x1556.jpg 768w, https:\/\/aifonline.net\/wp-content\/uploads\/2024\/04\/Elie-Schwebel11-758x1536.jpg 758w, https:\/\/aifonline.net\/wp-content\/uploads\/2024\/04\/Elie-Schwebel11.jpg 987w\" sizes=\"(max-width: 505px) 100vw, 505px\" \/><\/figure><div class=\"wp-block-media-text__content\">\n<p>Il participera activement \u00e0 la vie de la communaut\u00e9 juive en tant que membre tr\u00e8s actif au sein de la Soci\u00e9t\u00e9 des Galiciens dont il occupera la fonction de pr\u00e9sident du Comit\u00e9 des F\u00eates, ainsi que celle de tr\u00e9sorier. Son attachement \u00e0 Isra\u00ebl reste ind\u00e9fectible, il collecte des fonds pour le KKL puis pour l\u2019Institut Weizmann qui lui d\u00e9cernera un dipl\u00f4me de reconnaissance. Il se rend en Isra\u00ebl pour la premi\u00e8re fois en 1957 t\u00e9moignant ainsi de son attachement. Il retrouve par ailleurs des membres de sa famille qui avaient \u00e9migr\u00e9 avant la guerre.<br>Elie fut aussi un des acteurs-cl\u00e9 d\u2019un lieu mythique du quartier, rue du Faubourg<br>Poissonni\u00e8re, cet endroit qui a marqu\u00e9 l\u2019histoire d\u2019apr\u00e8s-guerre de la communaut\u00e9 des juifs de Galicie qu\u2019on appelait les \u00ab&nbsp;galitzianer&nbsp;\u00bb, le Caf\u00e9 des Fourreurs.<br>Il ne quittera plus la rue de Paradis jusqu\u2019\u00e0 son dernier souffle, le 17 mars 2003.<\/p>\n\n\n\n<p>(<em>Elie Schwebel, actif au sein de la soci\u00e9t\u00e9 des Galiciens<\/em>)<\/p>\n<\/div><\/div>\n\n\n\n<p><em><strong>Album de famille<\/strong><\/em><br><em>(Cliquez sur les photos pour agrandir)<\/em><\/p>\n\n\n\n<figure class=\"wp-block-gallery has-nested-images columns-default is-cropped wp-block-gallery-1 is-layout-flex wp-block-gallery-is-layout-flex\">\n<figure class=\"wp-block-image size-large\"><a href=\"https:\/\/aifonline.net\/wp-content\/uploads\/2024\/04\/Elie-Schwebel8.jpg\"><img decoding=\"async\" loading=\"lazy\" width=\"776\" height=\"1024\" data-id=\"5552\" src=\"https:\/\/aifonline.net\/wp-content\/uploads\/2024\/04\/Elie-Schwebel8-776x1024.jpg\" alt=\"\" class=\"wp-image-5552\" srcset=\"https:\/\/aifonline.net\/wp-content\/uploads\/2024\/04\/Elie-Schwebel8-776x1024.jpg 776w, https:\/\/aifonline.net\/wp-content\/uploads\/2024\/04\/Elie-Schwebel8-227x300.jpg 227w, https:\/\/aifonline.net\/wp-content\/uploads\/2024\/04\/Elie-Schwebel8-768x1014.jpg 768w, https:\/\/aifonline.net\/wp-content\/uploads\/2024\/04\/Elie-Schwebel8.jpg 1080w\" sizes=\"(max-width: 776px) 100vw, 776px\" \/><\/a><figcaption class=\"wp-element-caption\">Elie Schwebel avec son fils Guy, 1951\/52  <\/figcaption><\/figure>\n\n\n\n<figure class=\"wp-block-image size-large\"><a href=\"https:\/\/aifonline.net\/wp-content\/uploads\/2024\/04\/Elie-Schwebel7.jpg\"><img decoding=\"async\" loading=\"lazy\" width=\"461\" height=\"1024\" data-id=\"5551\" src=\"https:\/\/aifonline.net\/wp-content\/uploads\/2024\/04\/Elie-Schwebel7-461x1024.jpg\" alt=\"\" class=\"wp-image-5551\" srcset=\"https:\/\/aifonline.net\/wp-content\/uploads\/2024\/04\/Elie-Schwebel7-461x1024.jpg 461w, https:\/\/aifonline.net\/wp-content\/uploads\/2024\/04\/Elie-Schwebel7-135x300.jpg 135w, https:\/\/aifonline.net\/wp-content\/uploads\/2024\/04\/Elie-Schwebel7-768x1705.jpg 768w, https:\/\/aifonline.net\/wp-content\/uploads\/2024\/04\/Elie-Schwebel7-692x1536.jpg 692w, https:\/\/aifonline.net\/wp-content\/uploads\/2024\/04\/Elie-Schwebel7.jpg 901w\" sizes=\"(max-width: 461px) 100vw, 461px\" \/><\/a><figcaption class=\"wp-element-caption\">Elie Schwebel, 1955\/57 <\/figcaption><\/figure>\n\n\n\n<figure class=\"wp-block-image size-large\"><a href=\"https:\/\/aifonline.net\/wp-content\/uploads\/2024\/04\/Elie-Schwebel12.jpg\"><img decoding=\"async\" loading=\"lazy\" width=\"1024\" height=\"468\" data-id=\"5556\" src=\"https:\/\/aifonline.net\/wp-content\/uploads\/2024\/04\/Elie-Schwebel12-1024x468.jpg\" alt=\"\" class=\"wp-image-5556\" srcset=\"https:\/\/aifonline.net\/wp-content\/uploads\/2024\/04\/Elie-Schwebel12-1024x468.jpg 1024w, https:\/\/aifonline.net\/wp-content\/uploads\/2024\/04\/Elie-Schwebel12-300x137.jpg 300w, https:\/\/aifonline.net\/wp-content\/uploads\/2024\/04\/Elie-Schwebel12-768x351.jpg 768w, https:\/\/aifonline.net\/wp-content\/uploads\/2024\/04\/Elie-Schwebel12-1536x703.jpg 1536w, https:\/\/aifonline.net\/wp-content\/uploads\/2024\/04\/Elie-Schwebel12.jpg 2000w\" sizes=\"(max-width: 1024px) 100vw, 1024px\" \/><\/a><figcaption class=\"wp-element-caption\">Elie Schwebel est d\u00e9cor\u00e9, entour\u00e9 de Mrs Olbaum. Balsam, Sherter  Mme Widas, 1955\/60<\/figcaption><\/figure>\n\n\n\n<figure class=\"wp-block-image size-large\"><a href=\"https:\/\/aifonline.net\/wp-content\/uploads\/2024\/04\/Elie-Schwebel6.jpg\"><img decoding=\"async\" loading=\"lazy\" width=\"1024\" height=\"794\" data-id=\"5550\" src=\"https:\/\/aifonline.net\/wp-content\/uploads\/2024\/04\/Elie-Schwebel6-1024x794.jpg\" alt=\"\" class=\"wp-image-5550\" srcset=\"https:\/\/aifonline.net\/wp-content\/uploads\/2024\/04\/Elie-Schwebel6-1024x794.jpg 1024w, https:\/\/aifonline.net\/wp-content\/uploads\/2024\/04\/Elie-Schwebel6-300x233.jpg 300w, https:\/\/aifonline.net\/wp-content\/uploads\/2024\/04\/Elie-Schwebel6-768x596.jpg 768w, https:\/\/aifonline.net\/wp-content\/uploads\/2024\/04\/Elie-Schwebel6-1536x1191.jpg 1536w, https:\/\/aifonline.net\/wp-content\/uploads\/2024\/04\/Elie-Schwebel6.jpg 2000w\" sizes=\"(max-width: 1024px) 100vw, 1024px\" \/><\/a><figcaption class=\"wp-element-caption\">Elie Schwebel en activit\u00e9 dans son atelier de fourrure rue de Paradis, 1960 environ<\/figcaption><\/figure>\n\n\n\n<figure class=\"wp-block-image size-large\"><a href=\"https:\/\/aifonline.net\/wp-content\/uploads\/2024\/04\/Elie-Schwebel4.jpg\"><img decoding=\"async\" loading=\"lazy\" width=\"1024\" height=\"690\" data-id=\"5549\" src=\"https:\/\/aifonline.net\/wp-content\/uploads\/2024\/04\/Elie-Schwebel4-1024x690.jpg\" alt=\"\" class=\"wp-image-5549\" srcset=\"https:\/\/aifonline.net\/wp-content\/uploads\/2024\/04\/Elie-Schwebel4-1024x690.jpg 1024w, https:\/\/aifonline.net\/wp-content\/uploads\/2024\/04\/Elie-Schwebel4-300x202.jpg 300w, https:\/\/aifonline.net\/wp-content\/uploads\/2024\/04\/Elie-Schwebel4-768x518.jpg 768w, https:\/\/aifonline.net\/wp-content\/uploads\/2024\/04\/Elie-Schwebel4-1536x1035.jpg 1536w, https:\/\/aifonline.net\/wp-content\/uploads\/2024\/04\/Elie-Schwebel4.jpg 2000w\" sizes=\"(max-width: 1024px) 100vw, 1024px\" \/><\/a><figcaption class=\"wp-element-caption\">Elie Schwebel, en activit\u00e9 dans son atelier de fourrure rue de Paradis<\/figcaption><\/figure>\n\n\n\n<figure class=\"wp-block-image size-large\"><a href=\"https:\/\/aifonline.net\/wp-content\/uploads\/2024\/04\/Elie-Schwebel14.jpg\"><img decoding=\"async\" loading=\"lazy\" width=\"1024\" height=\"950\" data-id=\"5558\" src=\"https:\/\/aifonline.net\/wp-content\/uploads\/2024\/04\/Elie-Schwebel14-1024x950.jpg\" alt=\"\" class=\"wp-image-5558\" srcset=\"https:\/\/aifonline.net\/wp-content\/uploads\/2024\/04\/Elie-Schwebel14-1024x950.jpg 1024w, https:\/\/aifonline.net\/wp-content\/uploads\/2024\/04\/Elie-Schwebel14-300x278.jpg 300w, https:\/\/aifonline.net\/wp-content\/uploads\/2024\/04\/Elie-Schwebel14-768x712.jpg 768w, https:\/\/aifonline.net\/wp-content\/uploads\/2024\/04\/Elie-Schwebel14-1536x1425.jpg 1536w, https:\/\/aifonline.net\/wp-content\/uploads\/2024\/04\/Elie-Schwebel14-2048x1900.jpg 2048w\" sizes=\"(max-width: 1024px) 100vw, 1024px\" \/><\/a><figcaption class=\"wp-element-caption\">Elie Schwebel avec son petit fils David, 1991\/92\n<\/figcaption><\/figure>\n\n\n\n<figure class=\"wp-block-image size-large\"><a href=\"https:\/\/aifonline.net\/wp-content\/uploads\/2024\/04\/Elie-Schwebel13.jpg\"><img decoding=\"async\" loading=\"lazy\" width=\"1024\" height=\"539\" data-id=\"5557\" src=\"https:\/\/aifonline.net\/wp-content\/uploads\/2024\/04\/Elie-Schwebel13-1024x539.jpg\" alt=\"\" class=\"wp-image-5557\" srcset=\"https:\/\/aifonline.net\/wp-content\/uploads\/2024\/04\/Elie-Schwebel13-1024x539.jpg 1024w, https:\/\/aifonline.net\/wp-content\/uploads\/2024\/04\/Elie-Schwebel13-300x158.jpg 300w, https:\/\/aifonline.net\/wp-content\/uploads\/2024\/04\/Elie-Schwebel13-768x404.jpg 768w, https:\/\/aifonline.net\/wp-content\/uploads\/2024\/04\/Elie-Schwebel13-1536x808.jpg 1536w, https:\/\/aifonline.net\/wp-content\/uploads\/2024\/04\/Elie-Schwebel13.jpg 2000w\" sizes=\"(max-width: 1024px) 100vw, 1024px\" \/><\/a><figcaption class=\"wp-element-caption\">Elie Schwebel avec son fr\u00e8re  Oscar les deux survivants de la famille de dix personnes, 1975\/80<\/figcaption><\/figure>\n\n\n\n<figure class=\"wp-block-image size-large\"><a href=\"https:\/\/aifonline.net\/wp-content\/uploads\/2024\/04\/Elie-Schwebel3.jpg\"><img decoding=\"async\" loading=\"lazy\" width=\"1024\" height=\"553\" data-id=\"5548\" src=\"https:\/\/aifonline.net\/wp-content\/uploads\/2024\/04\/Elie-Schwebel3-1024x553.jpg\" alt=\"\" class=\"wp-image-5548\" srcset=\"https:\/\/aifonline.net\/wp-content\/uploads\/2024\/04\/Elie-Schwebel3-1024x553.jpg 1024w, https:\/\/aifonline.net\/wp-content\/uploads\/2024\/04\/Elie-Schwebel3-300x162.jpg 300w, https:\/\/aifonline.net\/wp-content\/uploads\/2024\/04\/Elie-Schwebel3-768x415.jpg 768w, https:\/\/aifonline.net\/wp-content\/uploads\/2024\/04\/Elie-Schwebel3-1536x829.jpg 1536w, https:\/\/aifonline.net\/wp-content\/uploads\/2024\/04\/Elie-Schwebel3.jpg 2000w\" sizes=\"(max-width: 1024px) 100vw, 1024px\" \/><\/a><figcaption class=\"wp-element-caption\">Elie Schwebel avec petits-enfants Estelle Oren, Eyal et Shoshana \u00e9pouse de Guy m\u00e8re des enfants, 1986\/87<\/figcaption><\/figure>\n\n\n\n<figure class=\"wp-block-image size-large\"><a href=\"https:\/\/aifonline.net\/wp-content\/uploads\/2024\/04\/Elie-Schwebel1.jpg\"><img decoding=\"async\" loading=\"lazy\" width=\"1024\" height=\"540\" data-id=\"5546\" src=\"https:\/\/aifonline.net\/wp-content\/uploads\/2024\/04\/Elie-Schwebel1-1024x540.jpg\" alt=\"\" class=\"wp-image-5546\" srcset=\"https:\/\/aifonline.net\/wp-content\/uploads\/2024\/04\/Elie-Schwebel1-1024x540.jpg 1024w, https:\/\/aifonline.net\/wp-content\/uploads\/2024\/04\/Elie-Schwebel1-300x158.jpg 300w, https:\/\/aifonline.net\/wp-content\/uploads\/2024\/04\/Elie-Schwebel1-768x405.jpg 768w, https:\/\/aifonline.net\/wp-content\/uploads\/2024\/04\/Elie-Schwebel1-1536x809.jpg 1536w, https:\/\/aifonline.net\/wp-content\/uploads\/2024\/04\/Elie-Schwebel1.jpg 2000w\" sizes=\"(max-width: 1024px) 100vw, 1024px\" \/><\/a><figcaption class=\"wp-element-caption\">Elie Schwebel avec son \u00e9pouse Rose, ann\u00e9es 2000\n<\/figcaption><\/figure>\n<\/figure>\n","protected":false},"excerpt":{"rendered":"<p>Par son fils Guy Schwebel Elie Schwebel naquit le 15 mai 1914 \u00e0 Zolkiew tout proche de Lvov en Pologne,aujourd\u2019hui<\/p>\n","protected":false},"author":1,"featured_media":0,"comment_status":"open","ping_status":"open","sticky":false,"template":"","format":"standard","meta":{"_mi_skip_tracking":false,"_exactmetrics_sitenote_active":false,"_exactmetrics_sitenote_note":"","_exactmetrics_sitenote_category":0,"footnotes":""},"categories":[1,84],"tags":[],"table_tags":[],"_links":{"self":[{"href":"https:\/\/aifonline.net\/index.php?rest_route=\/wp\/v2\/posts\/5544"}],"collection":[{"href":"https:\/\/aifonline.net\/index.php?rest_route=\/wp\/v2\/posts"}],"about":[{"href":"https:\/\/aifonline.net\/index.php?rest_route=\/wp\/v2\/types\/post"}],"author":[{"embeddable":true,"href":"https:\/\/aifonline.net\/index.php?rest_route=\/wp\/v2\/users\/1"}],"replies":[{"embeddable":true,"href":"https:\/\/aifonline.net\/index.php?rest_route=%2Fwp%2Fv2%2Fcomments&post=5544"}],"version-history":[{"count":30,"href":"https:\/\/aifonline.net\/index.php?rest_route=\/wp\/v2\/posts\/5544\/revisions"}],"predecessor-version":[{"id":5631,"href":"https:\/\/aifonline.net\/index.php?rest_route=\/wp\/v2\/posts\/5544\/revisions\/5631"}],"wp:attachment":[{"href":"https:\/\/aifonline.net\/index.php?rest_route=%2Fwp%2Fv2%2Fmedia&parent=5544"}],"wp:term":[{"taxonomy":"category","embeddable":true,"href":"https:\/\/aifonline.net\/index.php?rest_route=%2Fwp%2Fv2%2Fcategories&post=5544"},{"taxonomy":"post_tag","embeddable":true,"href":"https:\/\/aifonline.net\/index.php?rest_route=%2Fwp%2Fv2%2Ftags&post=5544"},{"taxonomy":"table_tags","embeddable":true,"href":"https:\/\/aifonline.net\/index.php?rest_route=%2Fwp%2Fv2%2Ftable_tags&post=5544"}],"curies":[{"name":"wp","href":"https:\/\/api.w.org\/{rel}","templated":true}]}}