{"id":5569,"date":"2024-05-12T09:59:28","date_gmt":"2024-05-12T07:59:28","guid":{"rendered":"https:\/\/aifonline.net\/?p=5569"},"modified":"2024-05-13T17:31:19","modified_gmt":"2024-05-13T15:31:19","slug":"le-billet-quand-la-france-chavire","status":"publish","type":"post","link":"https:\/\/aifonline.net\/?p=5569","title":{"rendered":"Le billet : Quand la France chavire"},"content":{"rendered":"\n<p><strong><em>Par Alain Kaminski<\/em><\/strong><\/p>\n\n\n\n<p>On croyait l\u2019antis\u00e9mitisme disparu mais il n\u2019\u00e9tait qu\u2019en \u00e9tat d\u2019hibernation. Il ressuscite et<br>change de camp, de forme&#8230; et de fournisseur.<br>Issu des plus lointains textes de la chr\u00e9tient\u00e9, accapar\u00e9 par les courants int\u00e9gristes de<br>l\u2019Eglise puis par l\u2019extr\u00eame droite dont ce n\u2019est plus la priorit\u00e9 mais qui garde sans doute<br>quelques mod\u00e8les douteux en arri\u00e8re-boutique, l\u2019antis\u00e9mitisme est d\u00e9sormais la vitrine de<br>l\u2019extr\u00eame gauche avec pour d\u00e9cor la haine d\u2019Isra\u00ebl, l\u2019apologie du terrorisme et la participation<br>active \u00e0 une guerre de civilisations d\u00e9clench\u00e9e par un islamo gauchisme d\u00e9complex\u00e9 et<br>malheureusement tol\u00e9r\u00e9.<br>Celui-ci sert des int\u00e9r\u00eats particuliers, propose des mandats parlementaires voire<br>alimentaires.<br>En France, d\u00e9sormais, la promesse de jours meilleurs vous impose d\u2019\u00eatre antis\u00e9mite et<br>nombreux sont celles et ceux qui n\u2019h\u00e9sitent pas \u00e0 franchir le pas, le doigt sur la couture du<br>pantalon, insoumis \u00e0 la France mais soumis \u00e0 un conquistador \u00e0 la d\u00e9rive qui n\u2019a que pour<br>ambition de conchier la vie politique de son pays. Pour ce faire, les candidats pavoisent,<br>descendent dans la rue, forcent les \u00e9tudiants \u00e0 bloquer les universit\u00e9s, les syndicats \u00e0<br>cracher leur haine d\u2019Isra\u00ebl en faisant liti\u00e8re de ce pourquoi ils existent, la d\u00e9fense des<br>travailleurs.<br>Cracher sa haine des juifs, cela semble faire du bien pour les uns, cela permet d\u2019exister pour<br>d\u2019autres avec le support des m\u00e9dias qui font de ce venin des gorges chaudes avec pour<br>mission de faire du show, de donner du lustre aux d\u00e9monstrations de d\u00e9sordre jusqu\u2019\u00e0 les<br>l\u00e9gitimer comme c\u2019est d\u00e9j\u00e0 le cas dans les \u00e9coles de journalisme.<br>Ces images de haine, les m\u00e9dias en ont toujours dans leur cambuse car tout cela passe bien<br>mieux en boucle que les rayons du soleil ou le chant des oiseaux.<br>Victor Hugo \u00e9crivait d\u00e9j\u00e0 en son temps que \u00ab\u00a0l\u2019insurrection \u00e9tait parfois une r\u00e9surrection\u00a0\u00bb,<br>mais c\u2019est fois-ci on assiste au XXI\u00e8me si\u00e8cle \u00e0 la r\u00e9surrection de l\u2019antis\u00e9mitisme.<br>Esp\u00e9rons toutefois que notre France, celle des Lumi\u00e8res, ne sombre pas \u00e0 nouveau dans les\u00a0t\u00e9n\u00e8bres d\u2019un rite ancien et malheureusement accept\u00e9, celui de la haine des juifs. Essayons d\u2019\u00eatre optimistes et souhaitons que ces b\u00e9jaunes propalestiniens \u00e0 la petite\u00a0semaine seront scotch\u00e9s devant leurs \u00e9crans pour les jeux olympiques, qu\u2019ils nous\u00a0oublieront un peu pendant que le peuple juif, lui, n\u2019oublie pas ces malheureux otages,\u00a0prisonniers des terroristes et livr\u00e9s \u00e0 \u00ab\u00a0l\u2019indiff\u00e9rence internationale\u00a0\u00bb.<\/p>\n","protected":false},"excerpt":{"rendered":"<p>Par Alain Kaminski On croyait l\u2019antis\u00e9mitisme disparu mais il n\u2019\u00e9tait qu\u2019en \u00e9tat d\u2019hibernation. Il ressuscite etchange de camp, de forme&#8230;<\/p>\n","protected":false},"author":1,"featured_media":0,"comment_status":"open","ping_status":"open","sticky":false,"template":"","format":"standard","meta":{"_mi_skip_tracking":false,"_exactmetrics_sitenote_active":false,"_exactmetrics_sitenote_note":"","_exactmetrics_sitenote_category":0,"footnotes":""},"categories":[4],"tags":[],"table_tags":[],"_links":{"self":[{"href":"https:\/\/aifonline.net\/index.php?rest_route=\/wp\/v2\/posts\/5569"}],"collection":[{"href":"https:\/\/aifonline.net\/index.php?rest_route=\/wp\/v2\/posts"}],"about":[{"href":"https:\/\/aifonline.net\/index.php?rest_route=\/wp\/v2\/types\/post"}],"author":[{"embeddable":true,"href":"https:\/\/aifonline.net\/index.php?rest_route=\/wp\/v2\/users\/1"}],"replies":[{"embeddable":true,"href":"https:\/\/aifonline.net\/index.php?rest_route=%2Fwp%2Fv2%2Fcomments&post=5569"}],"version-history":[{"count":8,"href":"https:\/\/aifonline.net\/index.php?rest_route=\/wp\/v2\/posts\/5569\/revisions"}],"predecessor-version":[{"id":5635,"href":"https:\/\/aifonline.net\/index.php?rest_route=\/wp\/v2\/posts\/5569\/revisions\/5635"}],"wp:attachment":[{"href":"https:\/\/aifonline.net\/index.php?rest_route=%2Fwp%2Fv2%2Fmedia&parent=5569"}],"wp:term":[{"taxonomy":"category","embeddable":true,"href":"https:\/\/aifonline.net\/index.php?rest_route=%2Fwp%2Fv2%2Fcategories&post=5569"},{"taxonomy":"post_tag","embeddable":true,"href":"https:\/\/aifonline.net\/index.php?rest_route=%2Fwp%2Fv2%2Ftags&post=5569"},{"taxonomy":"table_tags","embeddable":true,"href":"https:\/\/aifonline.net\/index.php?rest_route=%2Fwp%2Fv2%2Ftable_tags&post=5569"}],"curies":[{"name":"wp","href":"https:\/\/api.w.org\/{rel}","templated":true}]}}