{"id":5574,"date":"2024-05-07T18:58:59","date_gmt":"2024-05-07T16:58:59","guid":{"rendered":"https:\/\/aifonline.net\/?p=5574"},"modified":"2024-05-08T07:34:31","modified_gmt":"2024-05-08T05:34:31","slug":"carnet-deces-de-madeleine-bergfraind","status":"publish","type":"post","link":"https:\/\/aifonline.net\/?p=5574","title":{"rendered":"Carnet : D\u00e9c\u00e8s de Madeleine Bergfraind"},"content":{"rendered":"\n<p>Nous avons appris avec tristesse le d\u00e9c\u00e8s de notre soci\u00e9taire Madeleine Bergfraind n\u00e9e Manhardt\u00a0survenu \u00e0 Paris 12\u00e8me le 7 mai 2024 \u00e0 l&#8217;\u00e2ge de 103 ans.<br>Madeleine Bergfraind \u00e9tait la soeur de\u00a0Henry Manhardt et d&#8217;Aur\u00e9lie Birencwejg n\u00e9e Manhardt, d\u00e9c\u00e9d\u00e9e\u00a0en 2020 et la belle-soeur de Josette Manhardt n\u00e9e Argiewicz d\u00e9c\u00e9d\u00e9e l&#8217;an pass\u00e9.<br>Madeleine Bergfraind \u00e9tait n\u00e9e le 21 d\u00e9cembre 1920 \u00e0 Budapest (Hongrie), elle avait re\u00e7u \u00e0 plusieurs\u00a0reprises la visite de notre pr\u00e9sident \u00e0 la Fondation Rothschild.<br>Elle \u00e9tait la doyenne des Amis isra\u00e9lites de France, elle c\u00e8de sa place \u00e0 notre soci\u00e9taire Regina Kaminski,\u00a0d\u00e9sormais doyenne des Amis isra\u00e9lites de France, qui f\u00eatera ses 101 ans fin mai.<\/p>\n","protected":false},"excerpt":{"rendered":"<p>Nous avons appris avec tristesse le d\u00e9c\u00e8s de notre soci\u00e9taire Madeleine Bergfraind n\u00e9e Manhardt\u00a0survenu \u00e0 Paris 12\u00e8me le 7 mai<\/p>\n","protected":false},"author":1,"featured_media":0,"comment_status":"open","ping_status":"open","sticky":false,"template":"","format":"standard","meta":{"_mi_skip_tracking":false,"_exactmetrics_sitenote_active":false,"_exactmetrics_sitenote_note":"","_exactmetrics_sitenote_category":0,"footnotes":""},"categories":[5,31],"tags":[],"table_tags":[],"_links":{"self":[{"href":"https:\/\/aifonline.net\/index.php?rest_route=\/wp\/v2\/posts\/5574"}],"collection":[{"href":"https:\/\/aifonline.net\/index.php?rest_route=\/wp\/v2\/posts"}],"about":[{"href":"https:\/\/aifonline.net\/index.php?rest_route=\/wp\/v2\/types\/post"}],"author":[{"embeddable":true,"href":"https:\/\/aifonline.net\/index.php?rest_route=\/wp\/v2\/users\/1"}],"replies":[{"embeddable":true,"href":"https:\/\/aifonline.net\/index.php?rest_route=%2Fwp%2Fv2%2Fcomments&post=5574"}],"version-history":[{"count":2,"href":"https:\/\/aifonline.net\/index.php?rest_route=\/wp\/v2\/posts\/5574\/revisions"}],"predecessor-version":[{"id":5576,"href":"https:\/\/aifonline.net\/index.php?rest_route=\/wp\/v2\/posts\/5574\/revisions\/5576"}],"wp:attachment":[{"href":"https:\/\/aifonline.net\/index.php?rest_route=%2Fwp%2Fv2%2Fmedia&parent=5574"}],"wp:term":[{"taxonomy":"category","embeddable":true,"href":"https:\/\/aifonline.net\/index.php?rest_route=%2Fwp%2Fv2%2Fcategories&post=5574"},{"taxonomy":"post_tag","embeddable":true,"href":"https:\/\/aifonline.net\/index.php?rest_route=%2Fwp%2Fv2%2Ftags&post=5574"},{"taxonomy":"table_tags","embeddable":true,"href":"https:\/\/aifonline.net\/index.php?rest_route=%2Fwp%2Fv2%2Ftable_tags&post=5574"}],"curies":[{"name":"wp","href":"https:\/\/api.w.org\/{rel}","templated":true}]}}