{"id":5641,"date":"2024-06-03T15:04:20","date_gmt":"2024-06-03T13:04:20","guid":{"rendered":"https:\/\/aifonline.net\/?p=5641"},"modified":"2024-06-03T15:04:22","modified_gmt":"2024-06-03T13:04:22","slug":"carnet-notre-nouvelle-doyenne","status":"publish","type":"post","link":"https:\/\/aifonline.net\/?p=5641","title":{"rendered":"Carnet : Notre nouvelle doyenne"},"content":{"rendered":"\n<figure class=\"wp-block-image size-large\"><img decoding=\"async\" loading=\"lazy\" width=\"1024\" height=\"1024\" src=\"https:\/\/aifonline.net\/wp-content\/uploads\/2024\/06\/regine_kaminski_101ans-1024x1024.jpg\" alt=\"\" class=\"wp-image-5643\" srcset=\"https:\/\/aifonline.net\/wp-content\/uploads\/2024\/06\/regine_kaminski_101ans-1024x1024.jpg 1024w, https:\/\/aifonline.net\/wp-content\/uploads\/2024\/06\/regine_kaminski_101ans-300x300.jpg 300w, https:\/\/aifonline.net\/wp-content\/uploads\/2024\/06\/regine_kaminski_101ans-150x150.jpg 150w, https:\/\/aifonline.net\/wp-content\/uploads\/2024\/06\/regine_kaminski_101ans-768x768.jpg 768w, https:\/\/aifonline.net\/wp-content\/uploads\/2024\/06\/regine_kaminski_101ans.jpg 1200w\" sizes=\"(max-width: 1024px) 100vw, 1024px\" \/><figcaption class=\"wp-element-caption\">Regina Kaminski f\u00eate ses 101 ans entour\u00e9e de ses deux fils, le 1 juin 2024.<\/figcaption><\/figure>\n\n\n\n<p>Les Amis isra\u00e9lites de France vous pr\u00e9sentent sa nouvelle doyenne, Regina Kaminski n\u00e9e Letzt, qui vient de f\u00eater ses 101 ans chez elle, entour\u00e9e de ses proches, ses deux fils Michel et Alain, de ses quatre petits-enfants avec leur conjoint, de ses onze arri\u00e8re-petits-enfants.<\/p>\n","protected":false},"excerpt":{"rendered":"<p>Les Amis isra\u00e9lites de France vous pr\u00e9sentent sa nouvelle doyenne, Regina Kaminski n\u00e9e Letzt, qui vient de f\u00eater ses 101<\/p>\n","protected":false},"author":1,"featured_media":0,"comment_status":"open","ping_status":"open","sticky":false,"template":"","format":"standard","meta":{"_mi_skip_tracking":false,"_exactmetrics_sitenote_active":false,"_exactmetrics_sitenote_note":"","_exactmetrics_sitenote_category":0,"footnotes":""},"categories":[5,69],"tags":[],"table_tags":[],"_links":{"self":[{"href":"https:\/\/aifonline.net\/index.php?rest_route=\/wp\/v2\/posts\/5641"}],"collection":[{"href":"https:\/\/aifonline.net\/index.php?rest_route=\/wp\/v2\/posts"}],"about":[{"href":"https:\/\/aifonline.net\/index.php?rest_route=\/wp\/v2\/types\/post"}],"author":[{"embeddable":true,"href":"https:\/\/aifonline.net\/index.php?rest_route=\/wp\/v2\/users\/1"}],"replies":[{"embeddable":true,"href":"https:\/\/aifonline.net\/index.php?rest_route=%2Fwp%2Fv2%2Fcomments&post=5641"}],"version-history":[{"count":2,"href":"https:\/\/aifonline.net\/index.php?rest_route=\/wp\/v2\/posts\/5641\/revisions"}],"predecessor-version":[{"id":5644,"href":"https:\/\/aifonline.net\/index.php?rest_route=\/wp\/v2\/posts\/5641\/revisions\/5644"}],"wp:attachment":[{"href":"https:\/\/aifonline.net\/index.php?rest_route=%2Fwp%2Fv2%2Fmedia&parent=5641"}],"wp:term":[{"taxonomy":"category","embeddable":true,"href":"https:\/\/aifonline.net\/index.php?rest_route=%2Fwp%2Fv2%2Fcategories&post=5641"},{"taxonomy":"post_tag","embeddable":true,"href":"https:\/\/aifonline.net\/index.php?rest_route=%2Fwp%2Fv2%2Ftags&post=5641"},{"taxonomy":"table_tags","embeddable":true,"href":"https:\/\/aifonline.net\/index.php?rest_route=%2Fwp%2Fv2%2Ftable_tags&post=5641"}],"curies":[{"name":"wp","href":"https:\/\/api.w.org\/{rel}","templated":true}]}}