{"id":5663,"date":"2024-06-16T10:21:02","date_gmt":"2024-06-16T08:21:02","guid":{"rendered":"https:\/\/aifonline.net\/?p=5663"},"modified":"2024-06-16T21:53:40","modified_gmt":"2024-06-16T19:53:40","slug":"billet-elections-legislatives-le-grand-louvoiement","status":"publish","type":"post","link":"https:\/\/aifonline.net\/?p=5663","title":{"rendered":"Billet : Elections l\u00e9gislatives, le grand louvoiement"},"content":{"rendered":"\n<p><em><strong>Par Alain Kaminski<\/strong><\/em><\/p>\n\n\n\n<p>Ces \u00e9lections europ\u00e9ennes nous laissent un go\u00fbt amer. Quel spectacle, quelle tristesse. On oscille entre le vaudeville et la tragicom\u00e9die, on dodeline, on louvoie. Des r\u00e9sultats pr\u00e9visibles puis l\u2019impr\u00e9vu qui arrive comme un boulet avec une dissolution de l\u2019Assembl\u00e9e Nationale et une pagaille d&#8217;envergure olympique. Loin de moi l\u2019id\u00e9e de sugg\u00e9rer une quelconque consigne de vote, ce n\u2019est pas dans les dispositions de ma nature mais je m\u2019interroge sur une obligation de vote qui demeure un devoir en tant que citoyen et cette fois-ci en tant qu\u2019\u00e9lecteur juif. Serons-nous confront\u00e9s \u00e0 faire un choix entre la peste et le chol\u00e9ra ? Deux courants sont en campagne permanente et prendre une position peut bel et bien se r\u00e9v\u00e9ler un choix corn\u00e9lien. <br>Un Rassemblement National dont les valeurs donnent la naus\u00e9e, dont les militants de base, souvent hoirs de l\u2019Etat fran\u00e7ais, restent nostalgiques d\u2019une p\u00e9riode que l\u2019on qualifie de page sombre de notre Histoire. Quelle confiance peut-on accorder \u00e0 une telle formation politique sans v\u00e9ritable programme \u00e9conomique au demeurant et dont le programme ne consiste qu\u2019\u00e0 se d\u00e9diaboliser ? Cette droite extr\u00eame n\u2019est-elle pas rest\u00e9e d\u2019extr\u00eame-droite ?<br>A gauche, des \u00e9cologistes qui ont abandonn\u00e9 depuis tr\u00e8s longtemps l\u2019\u00e9cologie pour faire de la politique de bazar en derni\u00e8re d\u00e9marque, des socialistes peu ou prou ressuscit\u00e9s gr\u00e2ce \u00e0 Rapha\u00ebl Glucksmann lui-m\u00eame \u00e9cart\u00e9 dans les minutes qui ont suivi sa performance par les caciques de son parti qui l\u2019ont amen\u00e9 \u00e0 rejoindre une arm\u00e9e d\u2019insurg\u00e9s fous furieux concoct\u00e9e par la France insoumise, sp\u00e9cialis\u00e9e dans les alliances contre nature, dans les mariages de la carpe et du lapin. Ce parti socialiste qui a distribu\u00e9 des esp\u00e9rances pendant la campagne des europ\u00e9ennes a de nouveau vendu son \u00e2me pour un plat de lentilles dans le dos de ses \u00e9lecteurs. La France insoumise a toujours pour mission de balayer d\u2019un revers de manche les fondements de la la\u00efcit\u00e9, de permettre \u00e0 l\u2019antis\u00e9mitisme d\u2019avoir pignon sur rue, un fonds de commerce devenu sa vitesse de croisi\u00e8re et celles et ceux qui la rejoindraient se couvriraient de honte. La subvention morale \u00e0 l\u2019antis\u00e9mitisme, des drapeaux palestiniens dans l\u2019h\u00e9micycle, des accusations de tous les maux \u00e0 l\u2019endroit du peuple juif qualifi\u00e9 de g\u00e9nocidaire, des universit\u00e9s refoulant les \u00e9tudiants juifs, ce n\u2019est pas notre France, celle que nos a\u00efeux avaient choisi pour notre avenir. Enfin, les autres formations, une droite mod\u00e9r\u00e9e ou une gauche frileuse o\u00f9 chacun flirtera avec le diable pour sauver sa propre circonscription ou plus fr\u00e9quemment sa situation personnelle. Alors que faire ? Le dilemme est assur\u00e9ment corn\u00e9lien. La France Insoumise, ses partenaires et ses militants assoiff\u00e9s de haine, d\u00e9guis\u00e9e en Front populaire saison 2, c\u2019est un peu l\u2019antis\u00e9mitisme labellis\u00e9 \u00ab\u00a0Gaz \u00e0 tous les \u00e9tages\u00a0\u00bb, c\u2019est une communaut\u00e9 juive gri\u00e8vement bless\u00e9e et en urgence absolue. Le Rassemblement National c\u2019est indubitablement le produit estampill\u00e9 SGDG, sans garantie du gouvernement, un saut dans l\u2019inconnu sans savoir si le parachute va s\u2019ouvrir.<br>On attendra encore quelques jours et peut-\u00eatre se d\u00e9gagera une force r\u00e9publicaine qui nous permettra de nous positionner dans une s\u00e9r\u00e9nit\u00e9 tant attendue et, pour certains, de ne pas faire un mauvais pas de c\u00f4t\u00e9. Puisse cette force r\u00e9publicaine rassembler ce qui est \u00e9pars.<\/p>\n","protected":false},"excerpt":{"rendered":"<p>Par Alain Kaminski Ces \u00e9lections europ\u00e9ennes nous laissent un go\u00fbt amer. Quel spectacle, quelle tristesse. On oscille entre le vaudeville<\/p>\n","protected":false},"author":1,"featured_media":0,"comment_status":"open","ping_status":"open","sticky":false,"template":"","format":"standard","meta":{"_mi_skip_tracking":false,"_exactmetrics_sitenote_active":false,"_exactmetrics_sitenote_note":"","_exactmetrics_sitenote_category":0,"footnotes":""},"categories":[4],"tags":[],"table_tags":[],"_links":{"self":[{"href":"https:\/\/aifonline.net\/index.php?rest_route=\/wp\/v2\/posts\/5663"}],"collection":[{"href":"https:\/\/aifonline.net\/index.php?rest_route=\/wp\/v2\/posts"}],"about":[{"href":"https:\/\/aifonline.net\/index.php?rest_route=\/wp\/v2\/types\/post"}],"author":[{"embeddable":true,"href":"https:\/\/aifonline.net\/index.php?rest_route=\/wp\/v2\/users\/1"}],"replies":[{"embeddable":true,"href":"https:\/\/aifonline.net\/index.php?rest_route=%2Fwp%2Fv2%2Fcomments&post=5663"}],"version-history":[{"count":14,"href":"https:\/\/aifonline.net\/index.php?rest_route=\/wp\/v2\/posts\/5663\/revisions"}],"predecessor-version":[{"id":5717,"href":"https:\/\/aifonline.net\/index.php?rest_route=\/wp\/v2\/posts\/5663\/revisions\/5717"}],"wp:attachment":[{"href":"https:\/\/aifonline.net\/index.php?rest_route=%2Fwp%2Fv2%2Fmedia&parent=5663"}],"wp:term":[{"taxonomy":"category","embeddable":true,"href":"https:\/\/aifonline.net\/index.php?rest_route=%2Fwp%2Fv2%2Fcategories&post=5663"},{"taxonomy":"post_tag","embeddable":true,"href":"https:\/\/aifonline.net\/index.php?rest_route=%2Fwp%2Fv2%2Ftags&post=5663"},{"taxonomy":"table_tags","embeddable":true,"href":"https:\/\/aifonline.net\/index.php?rest_route=%2Fwp%2Fv2%2Ftable_tags&post=5663"}],"curies":[{"name":"wp","href":"https:\/\/api.w.org\/{rel}","templated":true}]}}