{"id":5726,"date":"2024-07-19T08:32:00","date_gmt":"2024-07-19T06:32:00","guid":{"rendered":"https:\/\/aifonline.net\/?p=5726"},"modified":"2024-07-19T10:22:18","modified_gmt":"2024-07-19T08:22:18","slug":"le-saviez-vous-une-histoire-qui-ne-manque-pas-de-sel","status":"publish","type":"post","link":"https:\/\/aifonline.net\/?p=5726","title":{"rendered":"Le saviez-vous\u00a0: Une histoire qui ne manque pas de sel"},"content":{"rendered":"\n<p><strong><em>Par Daniela Levy-Monatt <\/em><\/strong><\/p>\n\n\n\n<p>Si nous savons qu&#8217;au X\u00e8me si\u00e8cle les moines de l&#8217;abbaye de Land\u00e9vennec, en cr\u00e9ant le prieur\u00e9 de Batz, furent \u00e0 l&#8217;origine du v\u00e9ritable paysage des marais salants de Gu\u00e9rande dont on conna\u00eet bien la fleur de sel, on oublie souvent que cette r\u00e9gion doit son essor et sa prosp\u00e9rit\u00e9 d\u00e8s le Moyen-Age gr\u00e2ce \u00e0 une communaut\u00e9 juive locale qui a ouvert les premi\u00e8res routes commerciales de l&#8217;Europe, un v\u00e9ritable eldorado pour la Bretagne.<br>Ce n&#8217;est qu&#8217;en 2009 que la commune de Gu\u00e9rande actait le r\u00f4le de la communaut\u00e9 juive de Gu\u00e9rande par une plaque comm\u00e9morative.<br>Il \u00e9tait grand temps qu&#8217;un maire de Gu\u00e9rande mette&#8230; son grain de sel.<\/p>\n\n\n<div class=\"wp-block-image\">\n<figure class=\"aligncenter size-full\"><img decoding=\"async\" loading=\"lazy\" width=\"750\" height=\"750\" src=\"https:\/\/aifonline.net\/wp-content\/uploads\/2024\/07\/IMG_7337.jpg\" alt=\"\" class=\"wp-image-5728\" srcset=\"https:\/\/aifonline.net\/wp-content\/uploads\/2024\/07\/IMG_7337.jpg 750w, https:\/\/aifonline.net\/wp-content\/uploads\/2024\/07\/IMG_7337-300x300.jpg 300w, https:\/\/aifonline.net\/wp-content\/uploads\/2024\/07\/IMG_7337-150x150.jpg 150w\" sizes=\"(max-width: 750px) 100vw, 750px\" \/><\/figure><\/div>","protected":false},"excerpt":{"rendered":"<p>Par Daniela Levy-Monatt Si nous savons qu&#8217;au X\u00e8me si\u00e8cle les moines de l&#8217;abbaye de Land\u00e9vennec, en cr\u00e9ant le prieur\u00e9 de<\/p>\n","protected":false},"author":1,"featured_media":0,"comment_status":"open","ping_status":"open","sticky":false,"template":"","format":"standard","meta":{"_mi_skip_tracking":false,"_exactmetrics_sitenote_active":false,"_exactmetrics_sitenote_note":"","_exactmetrics_sitenote_category":0,"footnotes":""},"categories":[77],"tags":[],"table_tags":[],"_links":{"self":[{"href":"https:\/\/aifonline.net\/index.php?rest_route=\/wp\/v2\/posts\/5726"}],"collection":[{"href":"https:\/\/aifonline.net\/index.php?rest_route=\/wp\/v2\/posts"}],"about":[{"href":"https:\/\/aifonline.net\/index.php?rest_route=\/wp\/v2\/types\/post"}],"author":[{"embeddable":true,"href":"https:\/\/aifonline.net\/index.php?rest_route=\/wp\/v2\/users\/1"}],"replies":[{"embeddable":true,"href":"https:\/\/aifonline.net\/index.php?rest_route=%2Fwp%2Fv2%2Fcomments&post=5726"}],"version-history":[{"count":3,"href":"https:\/\/aifonline.net\/index.php?rest_route=\/wp\/v2\/posts\/5726\/revisions"}],"predecessor-version":[{"id":5767,"href":"https:\/\/aifonline.net\/index.php?rest_route=\/wp\/v2\/posts\/5726\/revisions\/5767"}],"wp:attachment":[{"href":"https:\/\/aifonline.net\/index.php?rest_route=%2Fwp%2Fv2%2Fmedia&parent=5726"}],"wp:term":[{"taxonomy":"category","embeddable":true,"href":"https:\/\/aifonline.net\/index.php?rest_route=%2Fwp%2Fv2%2Fcategories&post=5726"},{"taxonomy":"post_tag","embeddable":true,"href":"https:\/\/aifonline.net\/index.php?rest_route=%2Fwp%2Fv2%2Ftags&post=5726"},{"taxonomy":"table_tags","embeddable":true,"href":"https:\/\/aifonline.net\/index.php?rest_route=%2Fwp%2Fv2%2Ftable_tags&post=5726"}],"curies":[{"name":"wp","href":"https:\/\/api.w.org\/{rel}","templated":true}]}}