{"id":5781,"date":"2024-08-12T15:02:00","date_gmt":"2024-08-12T13:02:00","guid":{"rendered":"https:\/\/aifonline.net\/?p=5781"},"modified":"2024-08-12T15:50:03","modified_gmt":"2024-08-12T13:50:03","slug":"le-saviez-vous-escale-a-fecamp","status":"publish","type":"post","link":"https:\/\/aifonline.net\/?p=5781","title":{"rendered":"Le saviez-vous : Escale \u00e0 F\u00e9camp"},"content":{"rendered":"\n<p><strong><em>Par Daniela Levy-Monatt<\/em><\/strong><\/p>\n\n\n\n<p>La ville de F\u00e9camp en Normandie est bien connue pour son port de p\u00eache et pour \u00eatre \u00e0 l&#8217;origine de la d\u00e9licieuse b\u00e9n\u00e9dictine. Mais beaucoup moins pour \u00eatre une ville tr\u00e8s engag\u00e9e dans une d\u00e9marche m\u00e9morielle.<br>En 2022, des pav\u00e9s de m\u00e9moire furent incrust\u00e9s dans les trottoirs de la ville pour rappeler les noms des juifs d\u00e9port\u00e9s de F\u00e9camp.<br>Les juifs \u00e9taient d\u00e9j\u00e0 pr\u00e9sents \u00e0 F\u00e9camp d\u00e8s le XI\u00e8me si\u00e8cle. Jean de F\u00e9camp ou Jean de Ravenne dit &#8220;petitjean&#8221;, moine b\u00e9n\u00e9dictin, deuxi\u00e8me abb\u00e9 et prieur de F\u00e9camp, avait effectu\u00e9 \u00e0 la fin de sa vie un p\u00e8lerinage en Terre sainte accompagn\u00e9 de ses proches. L&#8217;un d&#8217;entre eux, de confession juive, se convertit et devint moine de l&#8217;abbaye de F\u00e9camp, participant \u00e0 l&#8217;\u00e9laboration de la b\u00e9n\u00e9dictine.<\/p>\n\n\n<div class=\"wp-block-image\">\n<figure class=\"aligncenter size-large\"><img decoding=\"async\" loading=\"lazy\" width=\"683\" height=\"1024\" src=\"https:\/\/aifonline.net\/wp-content\/uploads\/2024\/08\/fecamp-683x1024.jpg\" alt=\"\" class=\"wp-image-5783\" srcset=\"https:\/\/aifonline.net\/wp-content\/uploads\/2024\/08\/fecamp-683x1024.jpg 683w, https:\/\/aifonline.net\/wp-content\/uploads\/2024\/08\/fecamp-200x300.jpg 200w, https:\/\/aifonline.net\/wp-content\/uploads\/2024\/08\/fecamp-768x1152.jpg 768w, https:\/\/aifonline.net\/wp-content\/uploads\/2024\/08\/fecamp.jpg 1000w\" sizes=\"(max-width: 683px) 100vw, 683px\" \/><figcaption class=\"wp-element-caption\">F\u00e9camp, rue aux juifs<\/figcaption><\/figure><\/div>","protected":false},"excerpt":{"rendered":"<p>Par Daniela Levy-Monatt La ville de F\u00e9camp en Normandie est bien connue pour son port de p\u00eache et pour \u00eatre<\/p>\n","protected":false},"author":1,"featured_media":0,"comment_status":"open","ping_status":"open","sticky":false,"template":"","format":"standard","meta":{"_mi_skip_tracking":false,"_exactmetrics_sitenote_active":false,"_exactmetrics_sitenote_note":"","_exactmetrics_sitenote_category":0,"footnotes":""},"categories":[77],"tags":[],"table_tags":[],"_links":{"self":[{"href":"https:\/\/aifonline.net\/index.php?rest_route=\/wp\/v2\/posts\/5781"}],"collection":[{"href":"https:\/\/aifonline.net\/index.php?rest_route=\/wp\/v2\/posts"}],"about":[{"href":"https:\/\/aifonline.net\/index.php?rest_route=\/wp\/v2\/types\/post"}],"author":[{"embeddable":true,"href":"https:\/\/aifonline.net\/index.php?rest_route=\/wp\/v2\/users\/1"}],"replies":[{"embeddable":true,"href":"https:\/\/aifonline.net\/index.php?rest_route=%2Fwp%2Fv2%2Fcomments&post=5781"}],"version-history":[{"count":2,"href":"https:\/\/aifonline.net\/index.php?rest_route=\/wp\/v2\/posts\/5781\/revisions"}],"predecessor-version":[{"id":5784,"href":"https:\/\/aifonline.net\/index.php?rest_route=\/wp\/v2\/posts\/5781\/revisions\/5784"}],"wp:attachment":[{"href":"https:\/\/aifonline.net\/index.php?rest_route=%2Fwp%2Fv2%2Fmedia&parent=5781"}],"wp:term":[{"taxonomy":"category","embeddable":true,"href":"https:\/\/aifonline.net\/index.php?rest_route=%2Fwp%2Fv2%2Fcategories&post=5781"},{"taxonomy":"post_tag","embeddable":true,"href":"https:\/\/aifonline.net\/index.php?rest_route=%2Fwp%2Fv2%2Ftags&post=5781"},{"taxonomy":"table_tags","embeddable":true,"href":"https:\/\/aifonline.net\/index.php?rest_route=%2Fwp%2Fv2%2Ftable_tags&post=5781"}],"curies":[{"name":"wp","href":"https:\/\/api.w.org\/{rel}","templated":true}]}}