{"id":5785,"date":"2024-08-12T15:05:00","date_gmt":"2024-08-12T13:05:00","guid":{"rendered":"https:\/\/aifonline.net\/?p=5785"},"modified":"2024-08-12T21:35:49","modified_gmt":"2024-08-12T19:35:49","slug":"portrait-michel-roszewitch-1947-2024","status":"publish","type":"post","link":"https:\/\/aifonline.net\/?p=5785","title":{"rendered":"Portrait : Michel Roszewitch (1947-2024)"},"content":{"rendered":"\n<p><strong><em>Par Alain Kaminski<\/em><\/strong><\/p>\n\n\n\n<div class=\"wp-block-media-text has-media-on-the-right is-stacked-on-mobile is-image-fill has-background\" style=\"background-color:#7495bc\"><div class=\"wp-block-media-text__content\">\n<p class=\"has-white-color has-text-color\">Michel \u00e9tait n\u00e9 le 11 septembre 1947 \u00e0 Paris XIX\u00e8me. Il \u00e9tait le fils d\u2019Esther n\u00e9e Cohen, d\u2019origine turque, et de Simon Roszewitch qui fut administrateur des AIF, et le petit-fils de Litman Roszewitch, venu de Pologne, un des dix cofondateurs des AIF en 1930. Les Amis Isra\u00e9lites de France, c\u2019\u00e9tait sa famille, son attachement, son existence m\u00e9morielle. Michel fit ses \u00e9tudes secondaires au lyc\u00e9e Colbert \u00e0 Paris, studieux, Math\u00e9l\u00e8m, bac avec mention. Puis il int\u00e8gre les facs, Panth\u00e9on Sorbonne Paris 1, Dauphine, il en sort avec une ma\u00eetrise d\u2019\u00e9conomie et de gestion. Mais ses \u00e9tudes ne s\u2019arr\u00eateront pas l\u00e0 car il a une autre passion, il sera aussi ing\u00e9nieur en informatique. Les entreprises se l\u2019arrachent, ing\u00e9nieur d\u2019\u00e9tude chez Renault \u00e0 ses d\u00e9buts puis expert software, hardware et logiciels en tous genres sont son jardin secret, il mettra son savoir et son exp\u00e9rience au service de grands groupes et bien plus tard au minist\u00e8re de la Justice puisqu\u2019il fut conseiller du CGLPL, le contr\u00f4leur g\u00e9n\u00e9ral des lieux de privation de libert\u00e9.<\/p>\n\n\n\n<p class=\"has-text-align-right has-white-color has-text-color\"><em>(Michel en 1970)<\/em><\/p>\n\n\n\n<p><\/p>\n<\/div><figure class=\"wp-block-media-text__media\" style=\"background-image:url(https:\/\/aifonline.net\/wp-content\/uploads\/2024\/08\/Michel-Roszewitch3-1024x684.jpg);background-position:73% 35%\"><img decoding=\"async\" loading=\"lazy\" width=\"1024\" height=\"684\" src=\"https:\/\/aifonline.net\/wp-content\/uploads\/2024\/08\/Michel-Roszewitch3-1024x684.jpg\" alt=\"\" class=\"wp-image-5791 size-full\" srcset=\"https:\/\/aifonline.net\/wp-content\/uploads\/2024\/08\/Michel-Roszewitch3-1024x684.jpg 1024w, https:\/\/aifonline.net\/wp-content\/uploads\/2024\/08\/Michel-Roszewitch3-300x200.jpg 300w, https:\/\/aifonline.net\/wp-content\/uploads\/2024\/08\/Michel-Roszewitch3-768x513.jpg 768w, https:\/\/aifonline.net\/wp-content\/uploads\/2024\/08\/Michel-Roszewitch3.jpg 1197w\" sizes=\"(max-width: 1024px) 100vw, 1024px\" \/><\/figure><\/div>\n\n\n\n<div class=\"wp-block-media-text is-stacked-on-mobile is-image-fill has-dark-gray-color has-light-gray-background-color has-text-color has-background\"><figure class=\"wp-block-media-text__media\" style=\"background-image:url(https:\/\/aifonline.net\/wp-content\/uploads\/2024\/08\/Michel-Roszewitch6-1-735x1024.jpg);background-position:48% 30%\"><img decoding=\"async\" loading=\"lazy\" width=\"735\" height=\"1024\" src=\"https:\/\/aifonline.net\/wp-content\/uploads\/2024\/08\/Michel-Roszewitch6-1-735x1024.jpg\" alt=\"\" class=\"wp-image-5798 size-full\" srcset=\"https:\/\/aifonline.net\/wp-content\/uploads\/2024\/08\/Michel-Roszewitch6-1-735x1024.jpg 735w, https:\/\/aifonline.net\/wp-content\/uploads\/2024\/08\/Michel-Roszewitch6-1-215x300.jpg 215w, https:\/\/aifonline.net\/wp-content\/uploads\/2024\/08\/Michel-Roszewitch6-1-768x1069.jpg 768w, https:\/\/aifonline.net\/wp-content\/uploads\/2024\/08\/Michel-Roszewitch6-1-1103x1536.jpg 1103w, https:\/\/aifonline.net\/wp-content\/uploads\/2024\/08\/Michel-Roszewitch6-1.jpg 1193w\" sizes=\"(max-width: 735px) 100vw, 735px\" \/><\/figure><div class=\"wp-block-media-text__content\">\n<h2 class=\"wp-block-heading has-gray-color has-text-color\">Une vie \u00e9maill\u00e9e d&#8217;\u00e9preuves<\/h2>\n\n\n\n<p class=\"has-gray-color has-text-color\">De son premier mariage na\u00eetront St\u00e9phane qui lui donnera deux petits-enfants, Gaspar et Ninon puis na\u00eetra Vanessa. Apr\u00e8s son divorce, il \u00e9pousera en 1993 Claude Cordier, elle-m\u00eame maman de deux enfants issus d\u2019une premi\u00e8re union, Damien et Zelda, qui auront beaucoup d\u2019affection pour Michel, et r\u00e9ciproquement. Mais la vie r\u00e9servera des \u00e9preuves \u00e0 Michel, celles que bien des gens ne surmontent jamais. L\u2019indicible, peut-\u00eatre l\u2019infranchissable. Vanessa \u00e9tait d\u2019une sant\u00e9 fragile, une pathologie mena\u00e7ait son petit c\u0153ur depuis quelques ann\u00e9es. Dans la nuit du 31&nbsp;d\u00e9cembre au 1er&nbsp;janvier 2003, Vanessa rend son dernier soupir \u00e0 l\u2019\u00e2ge de 22&nbsp;ans. Dix ans plus tard, St\u00e9phane quitte ce monde en 2014 \u00e0 l\u2019\u00e2ge de 41&nbsp;ans. Michel est d\u00e9vast\u00e9 comme peut l\u2019\u00eatre un p\u00e8re qui a perdu ses deux enfants. Claude son \u00e9pouse, Damien et Zelda seront l\u00e0 pour le soutenir. Les amis, sa volont\u00e9, sa force, et sa vie qu\u2019il mettra au service des autres aideront Michel \u00e0 surmonter ces \u00e9preuves. <\/p>\n\n\n\n<p class=\"has-gray-color has-text-color\"><em>(Michel Roszewitch en 1985)<\/em><\/p>\n\n\n\n<p><\/p>\n<\/div><\/div>\n\n\n\n<div class=\"wp-block-media-text has-media-on-the-right is-stacked-on-mobile is-image-fill has-white-color has-text-color has-background\" style=\"background-color:#7495bc\"><div class=\"wp-block-media-text__content\">\n<h2 class=\"wp-block-heading has-white-color has-text-color\">Jusqu&#8217;au bout du monde<\/h2>\n\n\n\n<p class=\"has-white-color has-text-color\">Avec Claude, Michel se d\u00e9placera chaque ann\u00e9e pendant plus de vingt ans \u00e0 des milliers de kilom\u00e8tres, au N\u00e9pal. Il y trouvera un autre monde et s\u2019y attachera, l\u2019accueil qu\u2019il recevra l\u2019aidera \u00e0 se reconstruire. Il prend en charge des enfants orphelins, il finance leur \u00e9ducation et plus tard leurs \u00e9tudes. Il se rapproche de l\u2019AET, l\u2019Aide \u00e0 l\u2019Enfance Tib\u00e9taine. D\u2019abord Tenzin qui n\u2019avait que 8&nbsp;ans, petit N\u00e9palais d\u2019origine tib\u00e9taine puis Tema et Nawang, plus jeunes encore, orphelins r\u00e9fugi\u00e9s du Tibet. Ces trois enfants ont aujourd\u2019hui une vie agr\u00e9able, ils ont fait de bonnes \u00e9tudes gr\u00e2ce \u00e0 Michel et son \u00e9pouse.<\/p>\n\n\n\n<p class=\"has-text-align-right\"><em>(Michel au N\u00e9pal)<\/em><\/p>\n\n\n\n<p><\/p>\n<\/div><figure class=\"wp-block-media-text__media\" style=\"background-image:url(https:\/\/aifonline.net\/wp-content\/uploads\/2024\/08\/Michel-Roszewitch7.jpg);background-position:55% 36%\"><img decoding=\"async\" loading=\"lazy\" width=\"574\" height=\"1020\" src=\"https:\/\/aifonline.net\/wp-content\/uploads\/2024\/08\/Michel-Roszewitch7.jpg\" alt=\"\" class=\"wp-image-5795 size-full\" srcset=\"https:\/\/aifonline.net\/wp-content\/uploads\/2024\/08\/Michel-Roszewitch7.jpg 574w, https:\/\/aifonline.net\/wp-content\/uploads\/2024\/08\/Michel-Roszewitch7-169x300.jpg 169w\" sizes=\"(max-width: 574px) 100vw, 574px\" \/><\/figure><\/div>\n\n\n\n<div class=\"wp-block-media-text is-stacked-on-mobile is-image-fill has-dark-gray-color has-light-gray-background-color has-text-color has-background\"><figure class=\"wp-block-media-text__media\" style=\"background-image:url(https:\/\/aifonline.net\/wp-content\/uploads\/2024\/08\/Michel_Roszewitch11-601x1024.jpg);background-position:80% 17%\"><img decoding=\"async\" loading=\"lazy\" width=\"601\" height=\"1024\" src=\"https:\/\/aifonline.net\/wp-content\/uploads\/2024\/08\/Michel_Roszewitch11-601x1024.jpg\" alt=\"\" class=\"wp-image-5817 size-full\" srcset=\"https:\/\/aifonline.net\/wp-content\/uploads\/2024\/08\/Michel_Roszewitch11-601x1024.jpg 601w, https:\/\/aifonline.net\/wp-content\/uploads\/2024\/08\/Michel_Roszewitch11-176x300.jpg 176w, https:\/\/aifonline.net\/wp-content\/uploads\/2024\/08\/Michel_Roszewitch11.jpg 750w\" sizes=\"(max-width: 601px) 100vw, 601px\" \/><\/figure><div class=\"wp-block-media-text__content\">\n<h2 class=\"wp-block-heading has-gray-color has-text-color\">La vie associative, Michel est au service des autres<\/h2>\n\n\n\n<p class=\"has-gray-color has-text-color\">Michel et les Amis isra\u00e9lites de France, cette soci\u00e9t\u00e9 de secours mutuels fait partie int\u00e9grante de la famille Roszewitch depuis bient\u00f4t un si\u00e8cle. Il n\u2019a jamais baiss\u00e9 les bras quand il s\u2019agissait d\u2019apporter son aide. Pr\u00e9sent chaque ann\u00e9e au cimeti\u00e8re parisien de Bagneux pour comm\u00e9morer nos chers disparus, pour r\u00e9citer les noms des soci\u00e9taires d\u00e9port\u00e9s, il avait aussi honor\u00e9 la demande de son p\u00e8re qui avait souhait\u00e9 que Michel soit le porte-drapeau des AIF. Aussi l\u2019informaticien n\u2019a pas compt\u00e9 ses heures pour installer le mat\u00e9riel informatique, cr\u00e9er les fichiers Excel, et participer \u00e0 la cr\u00e9ation de la newsletter mensuelle qui est aujourd\u2019hui le lien indispensable entre les soci\u00e9taires, cette lettre qui dynamise la mutuelle. Par ailleurs, Michel n\u2019a pas abandonn\u00e9 une autre institution qui faisait partie de sa vie, la BAI, la Biblioth\u00e8que des Amis de l\u2019Instruction, fond\u00e9e en 1861 \u00e0 Paris, premi\u00e8re biblioth\u00e8que populaire, riche de plus de 20&nbsp;000 ouvrages du XIX\u00e8me si\u00e8cle. Il y a organis\u00e9 moult conf\u00e9rences recevant des chercheurs, des philosophes, des acad\u00e9miciens et d\u2019autres personnalit\u00e9s. Il fut pr\u00e9sident de la BAI de nombreuses ann\u00e9es jusqu\u2019en d\u00e9cembre 2023.<\/p>\n\n\n\n<p class=\"has-gray-color has-text-color\"><em>(Michel en train d&#8217;installer un ordinateur pour les AIF)<\/em><\/p>\n\n\n\n<p><\/p>\n<\/div><\/div>\n\n\n\n<div class=\"wp-block-media-text has-media-on-the-right is-stacked-on-mobile is-image-fill has-gray-color has-text-color has-background\" style=\"background-color:#7495bc\"><div class=\"wp-block-media-text__content\">\n<h2 class=\"wp-block-heading has-white-color has-text-color\">Attach\u00e9 \u00e0 ses origines<\/h2>\n\n\n\n<p class=\"has-white-color has-text-color\">Son attachement au juda\u00efsme lib\u00e9ral s\u2019est concr\u00e9tis\u00e9 lorsqu\u2019il devint administrateur de JEM, Juda\u00efsme en Mouvement, li\u00e9 aux synagogues Copernic et Beaugrenelle. Michel, dont le grand-p\u00e8re maternel venu de Turquie est mort en d\u00e9portation, fut profond\u00e9ment attach\u00e9 au devoir de m\u00e9moire. Avec d\u2019autres soci\u00e9taires des Amis isra\u00e9lites de France, quelquefois avec son fr\u00e8re G\u00e9rard, il s\u2019est rendu successivement \u00e0 Varsovie, \u00e0 Budapest, \u00e0 Thessalonique, \u00e0 Vilnius, \u00e0 Riga, sur les lieux de m\u00e9moire de la Shoah. Michel Roszewitch \u00e9tait un homme exceptionnel, sa gentillesse, sa simplicit\u00e9, sa sinc\u00e9rit\u00e9 font que nous pouvons nous honorer de l\u2019avoir connu. Pour certains, le bonheur d\u2019avoir \u00e9t\u00e9 son ami.<br>Michel nous a quitt\u00e9s le 28\u00a0juillet 2024 \u00e0 l\u2019\u00e2ge de 76\u00a0ans des suites d\u2018une longue maladie. De m\u00e9moire b\u00e9nie, qu\u2019il repose en paix.<\/p>\n\n\n\n<p><\/p>\n<\/div><figure class=\"wp-block-media-text__media\" style=\"background-image:url(https:\/\/aifonline.net\/wp-content\/uploads\/2024\/08\/Michel-Roszewitch1-683x1024.jpg);background-position:67% 33%\"><img decoding=\"async\" loading=\"lazy\" width=\"683\" height=\"1024\" src=\"https:\/\/aifonline.net\/wp-content\/uploads\/2024\/08\/Michel-Roszewitch1-683x1024.jpg\" alt=\"\" class=\"wp-image-5789 size-full\" srcset=\"https:\/\/aifonline.net\/wp-content\/uploads\/2024\/08\/Michel-Roszewitch1-683x1024.jpg 683w, https:\/\/aifonline.net\/wp-content\/uploads\/2024\/08\/Michel-Roszewitch1-200x300.jpg 200w, https:\/\/aifonline.net\/wp-content\/uploads\/2024\/08\/Michel-Roszewitch1-768x1152.jpg 768w, https:\/\/aifonline.net\/wp-content\/uploads\/2024\/08\/Michel-Roszewitch1.jpg 972w\" sizes=\"(max-width: 683px) 100vw, 683px\" \/><\/figure><\/div>\n\n\n\n<div style=\"height:40px\" aria-hidden=\"true\" class=\"wp-block-spacer\"><\/div>\n\n\n\n<h3 class=\"wp-block-heading\">Hommage rendu \u00e0 Michel par son fr\u00e8re G\u00e9rard lors des obs\u00e8ques au cimeti\u00e8re parisien de Bagneux <\/h3>\n\n\n\n<p>Cher(e)s ami(e)s, cher(e)s membres de la famille, Nous sommes r\u00e9unis aujourd&#8217;hui pour rendre&nbsp;hommage \u00e0 Michel, un fr\u00e8re, un p\u00e8re, un grande p\u00e8re, un cousin ou un ami.<br>Un homme dont la vie a \u00e9t\u00e9 marqu\u00e9e \u00e0 la fois par des moments de grande s\u00e9r\u00e9nit\u00e9 et par des&nbsp;\u00e9preuves profondes. Malgr\u00e9 la chance d\u2019avoir v\u00e9cu dans un contexte de paix, Michel n&#8217;a pas&nbsp;\u00e9t\u00e9 \u00e9pargn\u00e9 par les \u00e9preuves personnelles. Il a travers\u00e9 l&#8217;\u00e9preuve la plus difficile qu&#8217;un parent&nbsp;puisse endurer : la perte de ses enfants. La disparition de Vanessa, puis de St\u00e9phane, a laiss\u00e9&nbsp;en lui des cicatrices profondes et durables. Ces trag\u00e9dies personnelles, d&#8217;une intensit\u00e9&nbsp;\u00e9motionnelle inimaginable, auraient pu an\u00e9antir n&#8217;importe qui, mais Michel a trouv\u00e9 en lui la&nbsp;force de continuer, de se reconstruire et de retrouver des raisons de sourire. L&#8217;existence de&nbsp;Michel est un m\u00e9lange complexe de paix et de trag\u00e9die. Il a su profiter des fruits de la paix tout&nbsp;en affrontant les grandes douleurs que la vie peut infliger. Sa capacit\u00e9 \u00e0 surmonter ces&nbsp;\u00e9preuves avec une dignit\u00e9 et une r\u00e9silience exemplaires est un t\u00e9moignage de sa force&nbsp;int\u00e9rieure. En c\u00e9l\u00e9brant la vie de Michel aujourd&#8217;hui, nous rendons hommage non seulement \u00e0&nbsp;l&#8217;homme qui a su vivre en paix, mais aussi \u00e0 celui qui a su transcender les grandes douleurs de&nbsp;la vie. Michel nous laisse un h\u00e9ritage de courage et de dignit\u00e9, un exemple inspirant de la&nbsp;capacit\u00e9 humaine \u00e0 surmonter les \u00e9preuves les plus difficiles.&nbsp;&nbsp;<br>Michel \u00e9tait plus qu&#8217;un fr\u00e8re pour moi. Il \u00e9tait un compagnon de vie, un confident et un pilier sur&nbsp;lequel j&#8217;ai souvent pu m&#8217;appuyer. Son influence et son soutien inconditionnel ont \u00e9t\u00e9 constants&nbsp;tout au long de ma vie. Je suis profond\u00e9ment reconnaissant d&#8217;avoir eu un fr\u00e8re comme lui.&nbsp;<br>Michel, ton parcours nous rappelle que la vie, malgr\u00e9 ses \u00e9preuves, vaut la peine d&#8217;\u00eatre v\u00e9cue&nbsp;avec courage et d\u00e9termination. Tu nous as montr\u00e9 qu&#8217;il est possible de trouver de la joie et de&nbsp;la paix m\u00eame apr\u00e8s les moments les plus douloureux. En ce jour de deuil, nous nous&nbsp;souvenons de toi avec amour et admiration. Que ton \u00e2me repose en paix, cher fr\u00e8re.&nbsp;<br>Ta m\u00e9moire restera \u00e0 jamais vivante dans nos c\u0153urs, et ton exemple continuera \u00e0 nous&nbsp;inspirer. <br>Adieu, Michel.<br>Merci.<\/p>\n\n\n\n<hr class=\"wp-block-separator has-text-color has-light-gray-color has-alpha-channel-opacity has-light-gray-background-color has-background is-style-wide\"\/>\n\n\n\n<p><strong>Album de famille<br><\/strong><em>(Cliquez sur les photos pour agrandir)<\/em><\/p>\n\n\n\n<figure class=\"wp-block-gallery has-nested-images columns-default is-cropped wp-block-gallery-1 is-layout-flex wp-block-gallery-is-layout-flex\">\n<figure class=\"wp-block-image size-large\"><a href=\"https:\/\/aifonline.net\/wp-content\/uploads\/2023\/08\/isabelle_roszewitch7.jpg\"><img decoding=\"async\" loading=\"lazy\" width=\"746\" height=\"1024\" data-id=\"4556\" src=\"https:\/\/aifonline.net\/wp-content\/uploads\/2023\/08\/isabelle_roszewitch7-746x1024.jpg\" alt=\"\" class=\"wp-image-4556\" srcset=\"https:\/\/aifonline.net\/wp-content\/uploads\/2023\/08\/isabelle_roszewitch7-746x1024.jpg 746w, https:\/\/aifonline.net\/wp-content\/uploads\/2023\/08\/isabelle_roszewitch7-219x300.jpg 219w, https:\/\/aifonline.net\/wp-content\/uploads\/2023\/08\/isabelle_roszewitch7-768x1054.jpg 768w, https:\/\/aifonline.net\/wp-content\/uploads\/2023\/08\/isabelle_roszewitch7-1119x1536.jpg 1119w, https:\/\/aifonline.net\/wp-content\/uploads\/2023\/08\/isabelle_roszewitch7.jpg 1457w\" sizes=\"(max-width: 746px) 100vw, 746px\" \/><\/a><figcaption class=\"wp-element-caption\">Miche et Isabelle Roszewitch, 1948<\/figcaption><\/figure>\n\n\n\n<figure class=\"wp-block-image size-large\"><a href=\"https:\/\/aifonline.net\/wp-content\/uploads\/2023\/08\/Isabelle_roszewitch.jpg\"><img decoding=\"async\" loading=\"lazy\" width=\"933\" height=\"616\" data-id=\"4550\" src=\"https:\/\/aifonline.net\/wp-content\/uploads\/2023\/08\/Isabelle_roszewitch.jpg\" alt=\"\" class=\"wp-image-4550\" srcset=\"https:\/\/aifonline.net\/wp-content\/uploads\/2023\/08\/Isabelle_roszewitch.jpg 933w, https:\/\/aifonline.net\/wp-content\/uploads\/2023\/08\/Isabelle_roszewitch-300x198.jpg 300w, https:\/\/aifonline.net\/wp-content\/uploads\/2023\/08\/Isabelle_roszewitch-768x507.jpg 768w\" sizes=\"(max-width: 933px) 100vw, 933px\" \/><\/a><figcaption class=\"wp-element-caption\">Michel et Isabelle Roszewitch, rue de la chapelle, 1947<\/figcaption><\/figure>\n\n\n\n<figure class=\"wp-block-image size-large\"><a href=\"https:\/\/aifonline.net\/wp-content\/uploads\/2024\/08\/Michel-Roszewitch5.jpg\"><img decoding=\"async\" loading=\"lazy\" width=\"1024\" height=\"683\" data-id=\"5793\" src=\"https:\/\/aifonline.net\/wp-content\/uploads\/2024\/08\/Michel-Roszewitch5-1024x683.jpg\" alt=\"\" class=\"wp-image-5793\" srcset=\"https:\/\/aifonline.net\/wp-content\/uploads\/2024\/08\/Michel-Roszewitch5-1024x683.jpg 1024w, https:\/\/aifonline.net\/wp-content\/uploads\/2024\/08\/Michel-Roszewitch5-300x200.jpg 300w, https:\/\/aifonline.net\/wp-content\/uploads\/2024\/08\/Michel-Roszewitch5-768x512.jpg 768w, https:\/\/aifonline.net\/wp-content\/uploads\/2024\/08\/Michel-Roszewitch5.jpg 1415w\" sizes=\"(max-width: 1024px) 100vw, 1024px\" \/><\/a><figcaption class=\"wp-element-caption\">Michel et Ge\u0301rard Roszewitch a\u0300 Versailles en 1958<\/figcaption><\/figure>\n\n\n\n<figure class=\"wp-block-image size-large\"><a href=\"https:\/\/aifonline.net\/wp-content\/uploads\/2024\/08\/Michel-Roszewitch9.jpg\"><img decoding=\"async\" loading=\"lazy\" width=\"1024\" height=\"792\" data-id=\"5797\" src=\"https:\/\/aifonline.net\/wp-content\/uploads\/2024\/08\/Michel-Roszewitch9-1024x792.jpg\" alt=\"\" class=\"wp-image-5797\" srcset=\"https:\/\/aifonline.net\/wp-content\/uploads\/2024\/08\/Michel-Roszewitch9-1024x792.jpg 1024w, https:\/\/aifonline.net\/wp-content\/uploads\/2024\/08\/Michel-Roszewitch9-300x232.jpg 300w, https:\/\/aifonline.net\/wp-content\/uploads\/2024\/08\/Michel-Roszewitch9-768x594.jpg 768w, https:\/\/aifonline.net\/wp-content\/uploads\/2024\/08\/Michel-Roszewitch9.jpg 1422w\" sizes=\"(max-width: 1024px) 100vw, 1024px\" \/><\/a><figcaption class=\"wp-element-caption\">Michel et Ge\u0301rard Roszewitch<\/figcaption><\/figure>\n\n\n\n<figure class=\"wp-block-image size-large\"><a href=\"https:\/\/aifonline.net\/wp-content\/uploads\/2024\/08\/Michel-Roszewitch10.jpg\"><img decoding=\"async\" loading=\"lazy\" width=\"768\" height=\"1024\" data-id=\"5818\" src=\"https:\/\/aifonline.net\/wp-content\/uploads\/2024\/08\/Michel-Roszewitch10-768x1024.jpg\" alt=\"\" class=\"wp-image-5818\" srcset=\"https:\/\/aifonline.net\/wp-content\/uploads\/2024\/08\/Michel-Roszewitch10-768x1024.jpg 768w, https:\/\/aifonline.net\/wp-content\/uploads\/2024\/08\/Michel-Roszewitch10-225x300.jpg 225w, https:\/\/aifonline.net\/wp-content\/uploads\/2024\/08\/Michel-Roszewitch10.jpg 1125w\" sizes=\"(max-width: 768px) 100vw, 768px\" \/><\/a><figcaption class=\"wp-element-caption\">Michel Roszewitch, sa m\u00e8re Esther et sa petite ni\u00e8ce-Alicia<\/figcaption><\/figure>\n\n\n\n<figure class=\"wp-block-image size-large\"><a href=\"https:\/\/aifonline.net\/wp-content\/uploads\/2024\/08\/Michel-Roszewitch12.jpg\"><img decoding=\"async\" loading=\"lazy\" width=\"1024\" height=\"768\" data-id=\"5883\" src=\"https:\/\/aifonline.net\/wp-content\/uploads\/2024\/08\/Michel-Roszewitch12-1024x768.jpg\" alt=\"\" class=\"wp-image-5883\" srcset=\"https:\/\/aifonline.net\/wp-content\/uploads\/2024\/08\/Michel-Roszewitch12-1024x768.jpg 1024w, https:\/\/aifonline.net\/wp-content\/uploads\/2024\/08\/Michel-Roszewitch12-300x225.jpg 300w, https:\/\/aifonline.net\/wp-content\/uploads\/2024\/08\/Michel-Roszewitch12-768x576.jpg 768w, https:\/\/aifonline.net\/wp-content\/uploads\/2024\/08\/Michel-Roszewitch12-1536x1152.jpg 1536w, https:\/\/aifonline.net\/wp-content\/uploads\/2024\/08\/Michel-Roszewitch12-600x450.jpg 600w, https:\/\/aifonline.net\/wp-content\/uploads\/2024\/08\/Michel-Roszewitch12.jpg 2000w\" sizes=\"(max-width: 1024px) 100vw, 1024px\" \/><\/a><figcaption class=\"wp-element-caption\">Michel Roszewitch au N\u00e9pal<\/figcaption><\/figure>\n<\/figure>\n","protected":false},"excerpt":{"rendered":"<p>Par Alain Kaminski Michel \u00e9tait n\u00e9 le 11 septembre 1947 \u00e0 Paris XIX\u00e8me. Il \u00e9tait le fils d\u2019Esther n\u00e9e Cohen,<\/p>\n","protected":false},"author":1,"featured_media":0,"comment_status":"open","ping_status":"open","sticky":false,"template":"","format":"standard","meta":{"_mi_skip_tracking":false,"_exactmetrics_sitenote_active":false,"_exactmetrics_sitenote_note":"","_exactmetrics_sitenote_category":0,"footnotes":""},"categories":[84],"tags":[],"table_tags":[],"_links":{"self":[{"href":"https:\/\/aifonline.net\/index.php?rest_route=\/wp\/v2\/posts\/5785"}],"collection":[{"href":"https:\/\/aifonline.net\/index.php?rest_route=\/wp\/v2\/posts"}],"about":[{"href":"https:\/\/aifonline.net\/index.php?rest_route=\/wp\/v2\/types\/post"}],"author":[{"embeddable":true,"href":"https:\/\/aifonline.net\/index.php?rest_route=\/wp\/v2\/users\/1"}],"replies":[{"embeddable":true,"href":"https:\/\/aifonline.net\/index.php?rest_route=%2Fwp%2Fv2%2Fcomments&post=5785"}],"version-history":[{"count":51,"href":"https:\/\/aifonline.net\/index.php?rest_route=\/wp\/v2\/posts\/5785\/revisions"}],"predecessor-version":[{"id":5896,"href":"https:\/\/aifonline.net\/index.php?rest_route=\/wp\/v2\/posts\/5785\/revisions\/5896"}],"wp:attachment":[{"href":"https:\/\/aifonline.net\/index.php?rest_route=%2Fwp%2Fv2%2Fmedia&parent=5785"}],"wp:term":[{"taxonomy":"category","embeddable":true,"href":"https:\/\/aifonline.net\/index.php?rest_route=%2Fwp%2Fv2%2Fcategories&post=5785"},{"taxonomy":"post_tag","embeddable":true,"href":"https:\/\/aifonline.net\/index.php?rest_route=%2Fwp%2Fv2%2Ftags&post=5785"},{"taxonomy":"table_tags","embeddable":true,"href":"https:\/\/aifonline.net\/index.php?rest_route=%2Fwp%2Fv2%2Ftable_tags&post=5785"}],"curies":[{"name":"wp","href":"https:\/\/api.w.org\/{rel}","templated":true}]}}