{"id":5897,"date":"2024-09-12T17:45:00","date_gmt":"2024-09-12T15:45:00","guid":{"rendered":"https:\/\/aifonline.net\/?p=5897"},"modified":"2024-09-12T19:03:44","modified_gmt":"2024-09-12T17:03:44","slug":"les-patronymes-im-not-rappaport","status":"publish","type":"post","link":"https:\/\/aifonline.net\/?p=5897","title":{"rendered":"Les patronymes : I\u2019m not Rappaport"},"content":{"rendered":"\n<p><strong><em>Par Alain Kaminski<\/em><\/strong><\/p>\n\n\n\n<p>Cette magnifique pi\u00e8ce de th\u00e9\u00e2tre d\u2019Herb Gardner avait \u00e9t\u00e9 adapt\u00e9e en fran\u00e7ais <em>Je ne suis pas Rappaport<\/em> elle avait remport\u00e9 de nombreuses distinctions dont le Moli\u00e8re du meilleur acteur.<br>Nombreux \u00e0 cette occasion furent ceux qui d\u00e9couvrirent ce patronyme juif ashk\u00e9naze atypique que l\u2019on retrouve en <strong>Rapaport<\/strong>, <strong>Rapoport<\/strong> ou<strong> Rappoport<\/strong> et parfois m\u00eame en <strong>Praport<\/strong> ou<strong> Proport\u00e9<\/strong>.<br>Ce nom aurait pour origine la ville italienne de Porto Mantovano pr\u00e8s de Mantoue en Lombardie et notre <strong>Rappaport <\/strong>fut sans doute il y a quelques si\u00e8cles le rabbin de cette commune, il en devint le Rapa de Porto puis notre <strong>Rappaport<\/strong>. On les retrouvera plus tard en Europe centrale si bien que tous ces <strong>Rappaport<\/strong> sont aujourd\u2019hui d\u2019origine polonaise, parfois m\u00eame russe. D\u2019aucuns soutiennent que la premi\u00e8re syllabe <em>rap<\/em> pourrait venir de <em>roff\u00e9<\/em> qui signifie m\u00e9decin en h\u00e9breu. Peu probable m\u00eame si certains rabbins \u00e9taient aussi des m\u00e9decins aux XVI\u00e8me et XVII\u00e8me si\u00e8cle.<br>Autre patronyme\u00a0ashk\u00e9naze qui foisonne de d\u00e9riv\u00e9s, <strong>Zajd\u00e9<\/strong>, \u00e0 ne pas confondre avec <em>zayd\u00e9<\/em> le grand-p\u00e8re en yiddish. <em>Zajd\u00e9<\/em> signifie la soie et nous rappelle ceux qui en faisaient commerce, les <strong>Zaydman <\/strong>ou<strong> Zajdner<\/strong>, les <strong>Zajd<\/strong> et les<strong> Zajdeman<\/strong>,\u00a0et en allemand la soie \u00e9tant <em>seide<\/em>, on aura des<strong> Seiderman<\/strong> ou des <strong>Seidel<\/strong> voire des <strong>Seidlin<\/strong> et m\u00eame des <strong>Seidelman<\/strong>.<br>On aura une pens\u00e9e pour cet immense serviteur de l\u2019Etat, juif de famille d\u2019Alsace-Lorraine du c\u00f4t\u00e9 paternel, grand humaniste, assassin\u00e9 par la Milice en 1944. Il fut un grand ministre de l\u2019Education nationale, on lui doit l\u2019introduction du sport \u00e0 l\u2019\u00e9cole, et bien d\u2019autres r\u00e9formes qui ont modernis\u00e9 l\u2019\u00e9cole. Respect <strong>Monsieur Jean Zay<\/strong>.<\/p>\n","protected":false},"excerpt":{"rendered":"<p>Par Alain Kaminski Cette magnifique pi\u00e8ce de th\u00e9\u00e2tre d\u2019Herb Gardner avait \u00e9t\u00e9 adapt\u00e9e en fran\u00e7ais Je ne suis pas Rappaport<\/p>\n","protected":false},"author":1,"featured_media":0,"comment_status":"open","ping_status":"open","sticky":false,"template":"","format":"standard","meta":{"_mi_skip_tracking":false,"_exactmetrics_sitenote_active":false,"_exactmetrics_sitenote_note":"","_exactmetrics_sitenote_category":0,"footnotes":""},"categories":[79],"tags":[],"table_tags":[],"_links":{"self":[{"href":"https:\/\/aifonline.net\/index.php?rest_route=\/wp\/v2\/posts\/5897"}],"collection":[{"href":"https:\/\/aifonline.net\/index.php?rest_route=\/wp\/v2\/posts"}],"about":[{"href":"https:\/\/aifonline.net\/index.php?rest_route=\/wp\/v2\/types\/post"}],"author":[{"embeddable":true,"href":"https:\/\/aifonline.net\/index.php?rest_route=\/wp\/v2\/users\/1"}],"replies":[{"embeddable":true,"href":"https:\/\/aifonline.net\/index.php?rest_route=%2Fwp%2Fv2%2Fcomments&post=5897"}],"version-history":[{"count":4,"href":"https:\/\/aifonline.net\/index.php?rest_route=\/wp\/v2\/posts\/5897\/revisions"}],"predecessor-version":[{"id":5970,"href":"https:\/\/aifonline.net\/index.php?rest_route=\/wp\/v2\/posts\/5897\/revisions\/5970"}],"wp:attachment":[{"href":"https:\/\/aifonline.net\/index.php?rest_route=%2Fwp%2Fv2%2Fmedia&parent=5897"}],"wp:term":[{"taxonomy":"category","embeddable":true,"href":"https:\/\/aifonline.net\/index.php?rest_route=%2Fwp%2Fv2%2Fcategories&post=5897"},{"taxonomy":"post_tag","embeddable":true,"href":"https:\/\/aifonline.net\/index.php?rest_route=%2Fwp%2Fv2%2Ftags&post=5897"},{"taxonomy":"table_tags","embeddable":true,"href":"https:\/\/aifonline.net\/index.php?rest_route=%2Fwp%2Fv2%2Ftable_tags&post=5897"}],"curies":[{"name":"wp","href":"https:\/\/api.w.org\/{rel}","templated":true}]}}