{"id":5899,"date":"2024-09-12T17:41:00","date_gmt":"2024-09-12T15:41:00","guid":{"rendered":"https:\/\/aifonline.net\/?p=5899"},"modified":"2024-09-12T19:07:56","modified_gmt":"2024-09-12T17:07:56","slug":"le-saviez-vous-une-ville-pavee-de-bonnes-intentions","status":"publish","type":"post","link":"https:\/\/aifonline.net\/?p=5899","title":{"rendered":"Le saviez-vous : Une ville pav\u00e9e de bonnes intentions"},"content":{"rendered":"\n<p><strong><em>Par Daniela Levy-Monatt<\/em><\/strong><\/p>\n\n\n\n<p>La ville de Dijon est une ville charg\u00e9e d&#8217;Histoire, ce ne sont pas les Ducs de Bourgogne qui auraient d\u00e9j\u00e0 dit \u00e0 leur \u00e9poque le contraire.<br>La ville de Dijon par sa beaut\u00e9, sa riche culture, m\u00e9rite le d\u00e9tour et c&#8217;est au hasard de ce d\u00e9tour que j&#8217;ai d\u00e9couvert ces pav\u00e9s de m\u00e9moire.<br>Inaugur\u00e9s par l&#8217;actuel maire Fran\u00e7ois Rebsamen, excellent premier magistrat de la ville au demeurant et aux dires des Dijonnais, j&#8217;appris que le devoir de m\u00e9moire avait aussi son importance \u00e0 Dijon.<br>Onze pav\u00e9s portant les noms, la date d&#8217;arrestation et de d\u00e9portation, sont incrust\u00e9s dans le sol, l\u00e0 o\u00f9 demeuraient les juifs d\u00e9port\u00e9s de Dijon.<br>Respect Monsieur le Maire.<\/p>\n\n\n\n<figure class=\"wp-block-image size-large\"><img decoding=\"async\" loading=\"lazy\" width=\"1024\" height=\"1024\" src=\"https:\/\/aifonline.net\/wp-content\/uploads\/2024\/08\/dijon_pave_memoire-1024x1024.jpg\" alt=\"\" class=\"wp-image-5901\" srcset=\"https:\/\/aifonline.net\/wp-content\/uploads\/2024\/08\/dijon_pave_memoire-1024x1024.jpg 1024w, https:\/\/aifonline.net\/wp-content\/uploads\/2024\/08\/dijon_pave_memoire-300x300.jpg 300w, https:\/\/aifonline.net\/wp-content\/uploads\/2024\/08\/dijon_pave_memoire-150x150.jpg 150w, https:\/\/aifonline.net\/wp-content\/uploads\/2024\/08\/dijon_pave_memoire-768x768.jpg 768w, https:\/\/aifonline.net\/wp-content\/uploads\/2024\/08\/dijon_pave_memoire.jpg 1500w\" sizes=\"(max-width: 1024px) 100vw, 1024px\" \/><figcaption class=\"wp-element-caption\">Pav\u00e9 en m\u00e9moire des juifs d\u00e9port\u00e9s \u00e0 Dijon<\/figcaption><\/figure>\n","protected":false},"excerpt":{"rendered":"<p>Par Daniela Levy-Monatt La ville de Dijon est une ville charg\u00e9e d&#8217;Histoire, ce ne sont pas les Ducs de Bourgogne<\/p>\n","protected":false},"author":1,"featured_media":0,"comment_status":"open","ping_status":"open","sticky":false,"template":"","format":"standard","meta":{"_mi_skip_tracking":false,"_exactmetrics_sitenote_active":false,"_exactmetrics_sitenote_note":"","_exactmetrics_sitenote_category":0,"footnotes":""},"categories":[77],"tags":[],"table_tags":[],"_links":{"self":[{"href":"https:\/\/aifonline.net\/index.php?rest_route=\/wp\/v2\/posts\/5899"}],"collection":[{"href":"https:\/\/aifonline.net\/index.php?rest_route=\/wp\/v2\/posts"}],"about":[{"href":"https:\/\/aifonline.net\/index.php?rest_route=\/wp\/v2\/types\/post"}],"author":[{"embeddable":true,"href":"https:\/\/aifonline.net\/index.php?rest_route=\/wp\/v2\/users\/1"}],"replies":[{"embeddable":true,"href":"https:\/\/aifonline.net\/index.php?rest_route=%2Fwp%2Fv2%2Fcomments&post=5899"}],"version-history":[{"count":4,"href":"https:\/\/aifonline.net\/index.php?rest_route=\/wp\/v2\/posts\/5899\/revisions"}],"predecessor-version":[{"id":5971,"href":"https:\/\/aifonline.net\/index.php?rest_route=\/wp\/v2\/posts\/5899\/revisions\/5971"}],"wp:attachment":[{"href":"https:\/\/aifonline.net\/index.php?rest_route=%2Fwp%2Fv2%2Fmedia&parent=5899"}],"wp:term":[{"taxonomy":"category","embeddable":true,"href":"https:\/\/aifonline.net\/index.php?rest_route=%2Fwp%2Fv2%2Fcategories&post=5899"},{"taxonomy":"post_tag","embeddable":true,"href":"https:\/\/aifonline.net\/index.php?rest_route=%2Fwp%2Fv2%2Ftags&post=5899"},{"taxonomy":"table_tags","embeddable":true,"href":"https:\/\/aifonline.net\/index.php?rest_route=%2Fwp%2Fv2%2Ftable_tags&post=5899"}],"curies":[{"name":"wp","href":"https:\/\/api.w.org\/{rel}","templated":true}]}}