{"id":5931,"date":"2024-09-12T17:46:44","date_gmt":"2024-09-12T15:46:44","guid":{"rendered":"https:\/\/aifonline.net\/?p=5931"},"modified":"2024-09-12T19:00:42","modified_gmt":"2024-09-12T17:00:42","slug":"billet-un-choix-rassurant","status":"publish","type":"post","link":"https:\/\/aifonline.net\/?p=5931","title":{"rendered":"Billet : Un choix rassurant"},"content":{"rendered":"\n<p><strong><em>Par Alain Kaminski<\/em><\/strong><\/p>\n\n\n\n<p>Un\u00a0 peu d\u00e9\u00e7u mais tellement rassur\u00e9. Cette fois-ci on a bien un premier ministre, la composition du gouvernement ne saurait tarder, \u00e7a doit grenouiller de toutes parts, louvoyer sans compter. Loin de moi l\u2019id\u00e9e d\u2019aborder toute d\u00e9marche politique, le sujet est toujours f\u00e2cheux. <br>J\u2019ai le plus grand respect pour Michel Barnier et je m\u2019empresse, aussi paradoxal que pourrait \u00eatre mon propos, de dire que je suis d\u00e9\u00e7u mais tellement rassur\u00e9. <br>D\u00e9\u00e7u, pour pas grand-chose me direz-vous, mais je reste surpris de la d\u00e9signation d\u2019un homme entr\u00e9 en politique d\u00e8s l\u2019adolescence, d\u00e9j\u00e0 \u00e9lu \u00e0 22\u00a0ans, d\u00e9put\u00e9 peu de temps apr\u00e8s, puis s\u00e9nateur, d\u00e9put\u00e9 europ\u00e9en, commissaire europ\u00e9en, plusieurs fois ministre, bref un homme qui n\u2019a jamais connu ni de pr\u00e8s ni de loin le monde du travail, qu\u2019il l\u2019a sans doute aper\u00e7u comme moi j\u2019ai aper\u00e7u les \u00eeles Galapagos. Le style est un peu am\u00e9ricain, le septuag\u00e9naire semble porter beau malgr\u00e9 ses vestes trop petites aux manches trop courtes mais il se relookera rapidement pendant que ses adversaires lui tailleront un \u00ab\u00a0costard sur mesure\u00a0\u00bb. <br>Sa d\u00e9signation, li\u00e9e \u00e0 son statut d\u2019homme qui n\u2019a pas trop d\u2019ennemis, laisse quand m\u00eame imaginer une mission difficile et nous ne sommes pas \u00e0 l\u2019abri d\u2019une situation politique chaotique. Mais l\u2019homme ne se laissera gu\u00e8re influencer, il a au cours de sa longue carri\u00e8re politique su faire montre qu\u2019il ne se voulait point ma\u00eetre de la volte et de la virevolte. Et sa d\u00e9signation me rassure pleinement car r\u00e9elle fut ma crainte de voir l\u2019\u00e9g\u00e9rie de Monsieur M\u00e9lenchon devenir Premi\u00e8re Ministre ou \u00e9ventuellement une personne de substitution qui n\u2019aurait fait que reprendre son programme. L&#8217;\u00e9narque en question, qui s\u2019est mise en disponibilit\u00e9 pour recevoir sa sportule d\u2019ailleurs mais la France est bien bonne et le contribuable encore plus, a d\u00e9clar\u00e9 que l\u2019antis\u00e9mitisme grandissant en France n\u2019\u00e9tait pas un sujet. En m\u00eame temps, son mentor d\u00e9clarait que l\u2019incendie de la synagogue de la Grande Motte \u00e9tait\u2026 une atteinte \u00e0 la la\u00efcit\u00e9. A vomir quand m\u00eame. Elle a sillonn\u00e9 la France avec posture comme si elle \u00e9tait d\u00e9j\u00e0 \u00e0 la t\u00eate du gouvernement et s\u2019est adress\u00e9e aux fran\u00e7ais sans aucune l\u00e9gitimit\u00e9.<br>Finalement, elle aura donn\u00e9 du splendide \u00e0 son \u00e9chec en sachant que sa victoire n\u2019\u00e9tait qu\u2019un mirage. <br>Ses amis politiques acceptent un antis\u00e9mitisme violent apr\u00e8s l\u2019avoir d\u00e9complex\u00e9, ils cherchent \u00e0 le \u00ab\u00a0l\u00e9galiser\u00a0\u00bb en l\u2019installant sur la voie publique. Ses amis ont import\u00e9 en France le conflit isra\u00e9lo-palestinien jusque dans l\u2019h\u00e9micycle. Ils vont d\u00e9sormais chercher les 400\u00a0000 voix qu\u2019ils leur manquaient aux derni\u00e8res \u00e9lections pr\u00e9sidentielles pour arriver au second tour chez les ados des quartiers populaires qui seront majeurs en 2027. Path\u00e9tique, pitoyable, lamentable et dangereux. <br>Quant \u00e0 l\u2019extr\u00eame-droite dont on ne conna\u00eet pas vraiment les projets ni les dirigeants \u00e0 part quelques personnalit\u00e9s m\u00e9diatiques, un blanc-seing me para\u00eet impensable. <br>Finalement, le Barnier nouveau nous r\u00e9servera peut-\u00eatre des surprises, en attendant il nous permet d\u2019\u00e9viter le pire et c\u2019est d\u00e9j\u00e0 \u00e7a. <br>Je suis donc rassur\u00e9 et j\u2019esp\u00e8re qu\u2019il saura, pendant que son sup\u00e9rieur hi\u00e9rarchique si\u00e8ge au banc de l\u2019\u00e9loquence, tenir le burin.\u00a0 \u00a0 \u00a0<\/p>\n","protected":false},"excerpt":{"rendered":"<p>Par Alain Kaminski Un\u00a0 peu d\u00e9\u00e7u mais tellement rassur\u00e9. Cette fois-ci on a bien un premier ministre, la composition du<\/p>\n","protected":false},"author":1,"featured_media":0,"comment_status":"open","ping_status":"open","sticky":false,"template":"","format":"standard","meta":{"_mi_skip_tracking":false,"_exactmetrics_sitenote_active":false,"_exactmetrics_sitenote_note":"","_exactmetrics_sitenote_category":0,"footnotes":""},"categories":[4],"tags":[],"table_tags":[],"_links":{"self":[{"href":"https:\/\/aifonline.net\/index.php?rest_route=\/wp\/v2\/posts\/5931"}],"collection":[{"href":"https:\/\/aifonline.net\/index.php?rest_route=\/wp\/v2\/posts"}],"about":[{"href":"https:\/\/aifonline.net\/index.php?rest_route=\/wp\/v2\/types\/post"}],"author":[{"embeddable":true,"href":"https:\/\/aifonline.net\/index.php?rest_route=\/wp\/v2\/users\/1"}],"replies":[{"embeddable":true,"href":"https:\/\/aifonline.net\/index.php?rest_route=%2Fwp%2Fv2%2Fcomments&post=5931"}],"version-history":[{"count":7,"href":"https:\/\/aifonline.net\/index.php?rest_route=\/wp\/v2\/posts\/5931\/revisions"}],"predecessor-version":[{"id":5968,"href":"https:\/\/aifonline.net\/index.php?rest_route=\/wp\/v2\/posts\/5931\/revisions\/5968"}],"wp:attachment":[{"href":"https:\/\/aifonline.net\/index.php?rest_route=%2Fwp%2Fv2%2Fmedia&parent=5931"}],"wp:term":[{"taxonomy":"category","embeddable":true,"href":"https:\/\/aifonline.net\/index.php?rest_route=%2Fwp%2Fv2%2Fcategories&post=5931"},{"taxonomy":"post_tag","embeddable":true,"href":"https:\/\/aifonline.net\/index.php?rest_route=%2Fwp%2Fv2%2Ftags&post=5931"},{"taxonomy":"table_tags","embeddable":true,"href":"https:\/\/aifonline.net\/index.php?rest_route=%2Fwp%2Fv2%2Ftable_tags&post=5931"}],"curies":[{"name":"wp","href":"https:\/\/api.w.org\/{rel}","templated":true}]}}