{"id":5974,"date":"2024-09-30T06:59:00","date_gmt":"2024-09-30T04:59:00","guid":{"rendered":"https:\/\/aifonline.net\/?p=5974"},"modified":"2024-09-30T21:44:35","modified_gmt":"2024-09-30T19:44:35","slug":"patronymes-au-coeur-de-varsovie","status":"publish","type":"post","link":"https:\/\/aifonline.net\/?p=5974","title":{"rendered":"Patronymes : Au c\u0153ur de Varsovie"},"content":{"rendered":"\n<p><strong><em>Par Alain Kaminski<\/em><\/strong><\/p>\n\n\n\n<p>Mon d\u00e9funt p\u00e8re me racontait que dans sa Varsovie natale, de la rue \u017belazna, le fer en polonais, \u00e0 la rue Grzybowska, le champignon, en passant par sa rue Ciep\u0142a, la chaude, ils \u00e9taient fiers de porter des patronymes se r\u00e9f\u00e9rant \u00e0 la choule, la synagogue en yiddish. Et m\u00eame presqu\u2019aussi fiers que les <strong>Katz<\/strong>, acronyme de Cohen Tsad\u00e9 ou les <strong>Segal<\/strong>, de Sgan Levi. Il y avait des <strong>Szulgasser<\/strong>, de gass la rue en yiddish, celui qui habitait dans la rue de la synagogue mais aussi <strong>Szulzycer<\/strong>, du yiddish zetz\u2019n s\u2019asseoir, celui qui est tout le temps assis \u00e0 la choule. Mais aussi <strong>Szulrichter<\/strong> le juge \u00e0 la synagogue, <strong>Szulmajster<\/strong>, celui qui y enseigne et le plus fier avec un nom plus fr\u00e9quent \u00e9tait <strong>Szulklaper<\/strong>, celui qui appelle \u00e0 la synagogue, il frappe de ses mains, il \u00ab klap !\u00bb. Fier aussi <strong>Szulzinger<\/strong>, celui qui chante, et m\u00eame<strong> Szulkleyder<\/strong>, de klayd\u00e9, la robe en yiddish.<br>Au 19 de la rue Ciep\u0142a o\u00f9 demeurait mon p\u00e8re, il y avait un vieux monsieur tr\u00e8s gentil, c\u2019\u00e9tait <strong>Szulszleper<\/strong>, litt\u00e9ralement le mendiant de la synagogue. Mon p\u00e8re qui r\u00eavait de me voir naviguer en yiddish et en polonais m\u2019expliquait qu\u2019il ne fallait pas confondre avec <strong>Szulenszlepner<\/strong> du yiddish aynchlouf\u2019n, s\u2019endormir, et donc celui qui s\u2019endort tout le temps \u00e0 la synagogue. D\u2019ailleurs, dixit mon p\u00e8re, il y en avait un autre au coin de la rue Ch\u0142odna, la fra\u00eeche, et de la rue Bia\u0142a, la blanche. Ces patronymes li\u00e9s \u00e0 la synagogue sont savoureux \u00e0 condition de bien noter que le sz se prononce ch comme chat, le cz tch comme le tchoulent et le szcz lui se prononce chtch comme la ville de Szczecin. Prononcez tout simplement\u2026 chtchetchin.<\/p>\n","protected":false},"excerpt":{"rendered":"<p>Par Alain Kaminski Mon d\u00e9funt p\u00e8re me racontait que dans sa Varsovie natale, de la rue \u017belazna, le fer en<\/p>\n","protected":false},"author":1,"featured_media":0,"comment_status":"open","ping_status":"open","sticky":false,"template":"","format":"standard","meta":{"_mi_skip_tracking":false,"_exactmetrics_sitenote_active":false,"_exactmetrics_sitenote_note":"","_exactmetrics_sitenote_category":0,"footnotes":""},"categories":[79],"tags":[],"table_tags":[],"_links":{"self":[{"href":"https:\/\/aifonline.net\/index.php?rest_route=\/wp\/v2\/posts\/5974"}],"collection":[{"href":"https:\/\/aifonline.net\/index.php?rest_route=\/wp\/v2\/posts"}],"about":[{"href":"https:\/\/aifonline.net\/index.php?rest_route=\/wp\/v2\/types\/post"}],"author":[{"embeddable":true,"href":"https:\/\/aifonline.net\/index.php?rest_route=\/wp\/v2\/users\/1"}],"replies":[{"embeddable":true,"href":"https:\/\/aifonline.net\/index.php?rest_route=%2Fwp%2Fv2%2Fcomments&post=5974"}],"version-history":[{"count":2,"href":"https:\/\/aifonline.net\/index.php?rest_route=\/wp\/v2\/posts\/5974\/revisions"}],"predecessor-version":[{"id":6105,"href":"https:\/\/aifonline.net\/index.php?rest_route=\/wp\/v2\/posts\/5974\/revisions\/6105"}],"wp:attachment":[{"href":"https:\/\/aifonline.net\/index.php?rest_route=%2Fwp%2Fv2%2Fmedia&parent=5974"}],"wp:term":[{"taxonomy":"category","embeddable":true,"href":"https:\/\/aifonline.net\/index.php?rest_route=%2Fwp%2Fv2%2Fcategories&post=5974"},{"taxonomy":"post_tag","embeddable":true,"href":"https:\/\/aifonline.net\/index.php?rest_route=%2Fwp%2Fv2%2Ftags&post=5974"},{"taxonomy":"table_tags","embeddable":true,"href":"https:\/\/aifonline.net\/index.php?rest_route=%2Fwp%2Fv2%2Ftable_tags&post=5974"}],"curies":[{"name":"wp","href":"https:\/\/api.w.org\/{rel}","templated":true}]}}