{"id":5980,"date":"2024-09-30T07:01:00","date_gmt":"2024-09-30T05:01:00","guid":{"rendered":"https:\/\/aifonline.net\/?p=5980"},"modified":"2024-11-01T19:59:46","modified_gmt":"2024-11-01T18:59:46","slug":"portrait-isaac-israel-regenman-1896-1972","status":"publish","type":"post","link":"https:\/\/aifonline.net\/?p=5980","title":{"rendered":"Portrait : Isaac Isra\u00ebl Regenman (1896-1972)"},"content":{"rendered":"\n<p><strong><em>Par sa petite-fille Laurence Benbassat<\/em><\/strong><\/p>\n\n\n\n<div class=\"wp-block-media-text has-media-on-the-right is-stacked-on-mobile is-image-fill has-white-color has-text-color has-background\" style=\"background-color:#7495bc\"><div class=\"wp-block-media-text__content\">\n<p>Mon grand-p\u00e8re Isaac Isra\u00ebl Regenman naquit \u00e0 Varsovie en 1896, il est le cinqui\u00e8me enfant d&#8217;une fratrie de huit, quatre gar\u00e7ons et&nbsp;quatre filles.<br>Tout le monde l&#8217;avait toujours appel\u00e9 Itch\u00e9. Il \u00e9tait bourrelier, il travaillait le cuir, fabriquait et r\u00e9parait des pi\u00e8ces d&#8217;attelage&nbsp;pour les chevaux.<br>En 1918 il \u00e9pouse Syma Frydman, ma grand-m\u00e8re. Ma m\u00e8re Haya devenue H\u00e9l\u00e8ne nait \u00e0 Varsovie en mars 1920. Ils&nbsp;d\u00e9cid\u00e8rent de venir \u00e0 Paris.&nbsp;<br>Itch\u00e9 part le premier, il travaille comme ouvrier sellier chez Renault, \u00e0 une \u00e9poque o\u00f9 les si\u00e8ges des voitures \u00e9taient en&nbsp;cuir. Il fait venir sa femme et sa fille, ma m\u00e8re, trois ans plus tard.<\/p>\n\n\n\n<p class=\"has-text-align-right\"><em>(Isaac Isra\u00ebl Regenman en 1921)<\/em><\/p>\n\n\n\n<p><\/p>\n<\/div><figure class=\"wp-block-media-text__media\" style=\"background-image:url(https:\/\/aifonline.net\/wp-content\/uploads\/2024\/09\/isaac_regenman5-632x1024.jpg);background-position:49% 19%\"><img decoding=\"async\" loading=\"lazy\" width=\"632\" height=\"1024\" src=\"https:\/\/aifonline.net\/wp-content\/uploads\/2024\/09\/isaac_regenman5-632x1024.jpg\" alt=\"\" class=\"wp-image-5987 size-full\" srcset=\"https:\/\/aifonline.net\/wp-content\/uploads\/2024\/09\/isaac_regenman5-632x1024.jpg 632w, https:\/\/aifonline.net\/wp-content\/uploads\/2024\/09\/isaac_regenman5-185x300.jpg 185w, https:\/\/aifonline.net\/wp-content\/uploads\/2024\/09\/isaac_regenman5-768x1243.jpg 768w, https:\/\/aifonline.net\/wp-content\/uploads\/2024\/09\/isaac_regenman5-949x1536.jpg 949w, https:\/\/aifonline.net\/wp-content\/uploads\/2024\/09\/isaac_regenman5.jpg 1000w\" sizes=\"(max-width: 632px) 100vw, 632px\" \/><\/figure><\/div>\n\n\n\n<div class=\"wp-block-media-text is-stacked-on-mobile is-image-fill has-dark-gray-color has-light-gray-background-color has-text-color has-background\"><figure class=\"wp-block-media-text__media\" style=\"background-image:url(https:\/\/aifonline.net\/wp-content\/uploads\/2024\/09\/isaac_regenman9-631x1024.jpg);background-position:48% 35%\"><img decoding=\"async\" loading=\"lazy\" width=\"631\" height=\"1024\" src=\"https:\/\/aifonline.net\/wp-content\/uploads\/2024\/09\/isaac_regenman9-631x1024.jpg\" alt=\"\" class=\"wp-image-5991 size-full\" srcset=\"https:\/\/aifonline.net\/wp-content\/uploads\/2024\/09\/isaac_regenman9-631x1024.jpg 631w, https:\/\/aifonline.net\/wp-content\/uploads\/2024\/09\/isaac_regenman9-185x300.jpg 185w, https:\/\/aifonline.net\/wp-content\/uploads\/2024\/09\/isaac_regenman9-768x1247.jpg 768w, https:\/\/aifonline.net\/wp-content\/uploads\/2024\/09\/isaac_regenman9-946x1536.jpg 946w, https:\/\/aifonline.net\/wp-content\/uploads\/2024\/09\/isaac_regenman9.jpg 1000w\" sizes=\"(max-width: 631px) 100vw, 631px\" \/><\/figure><div class=\"wp-block-media-text__content\">\n<h2 class=\"wp-block-heading has-dark-gray-color has-text-color\">Une vie de commer\u00e7ants<\/h2>\n\n\n\n<p>Mes grands-parents ouvrent alors une \u00e9picerie rue des Amandiers, \u00e0 Paris XX\u00e8me.<br>Ma m\u00e8re a d\u00e9crit cette \u00e9picerie dans ses souvenirs&nbsp;: il y avait de la charcuterie dans des grands plats, ma grand-m\u00e8re&nbsp;pr\u00e9parant elle- m\u00eame le pickel. On trouvait des tonneaux de cornichons, des tonneaux de harengs, et dans un bassin, des&nbsp;carpes vivantes destin\u00e9es \u00e0 la pr\u00e9paration du gefilte fish pour le vendredi soir.<br>Mon grand-p\u00e8re partait vers 5h du matin faire les achats aux Halles, et ma grand-m\u00e8re ouvrait la boutique vers 6h jusqu&#8217;\u00e0&nbsp;21\/22h le soir. c&#8217;\u00e9tait ouvert tous les jours, ne fermant que le jour de Kippour<br>Ma m\u00e8re m&#8217;a racont\u00e9 qu&#8217;\u00e0 Pessah, mon grand-p\u00e8re livrait les clients \u00e0 domicile \u00e0 l&#8217;aide d&#8217;une voiture \u00e0 bras, de grandes&nbsp;quantit\u00e9s de matsot, de matse mehl, d&#8217;oeufs, d&#8217;huile et de vins.<br>Naissance de ma tante Suzanne en 1928.<br>Mes grands-parents ont \u00e9t\u00e9 naturalis\u00e9s en 1933, ainsi que ma m\u00e8re.<br>En 1935, ils vendent cette boutique et en ach\u00e8tent une plus grande, avec une vitrine rue d&#8217;Avron, toujours dans le XX\u00e8me.<\/p>\n\n\n\n<p><em>(Isaac et Syma Regenman en 1923)<\/em><\/p>\n\n\n\n<p><\/p>\n<\/div><\/div>\n\n\n\n<div class=\"wp-block-media-text has-media-on-the-right is-stacked-on-mobile is-image-fill has-white-color has-text-color has-background\" style=\"background-color:#7495bc\"><div class=\"wp-block-media-text__content\">\n<h2 class=\"wp-block-heading\">Les ann\u00e9es de guerre<\/h2>\n\n\n\n<p>Lors de la d\u00e9claration de guerre en septembre 1939, Itch\u00e9 est donc mobilisable, mais en raison de son \u00e2ge il est&nbsp;d\u00e9mobilis\u00e9 en d\u00e9cembre 1939.<br>En mai 40, \u00e0 la suite de l&#8217;invasion de la Belgique, ma m\u00e8re et mon grand-p\u00e8re ont pens\u00e9 qu&#8217;il leur fallait un point de chute,&nbsp;au cas o\u00f9 il faudrait fuir. Mais alors o\u00f9 ? Au sud de la Loire ? Une aiguille plant\u00e9e sur une carte indique Rocamadour.&nbsp;Itch\u00e9 est parti le soir m\u00eame en train puis est revenu 24 h plus tard, ayant lou\u00e9 une maison. En juin 40 ils partent \u00e0&nbsp;Rocamadour en train.<br>Finalement mon grand-p\u00e8re est revenu \u00e0 Paris courant juillet, et puis toute la famille est rentr\u00e9e \u00e0 Paris.<br>Ils ont alors \u00e9t\u00e9 confront\u00e9s aux lois anti-juives : le magasin a \u00e9t\u00e9 &#8220;aryanis\u00e9&#8221;. Les rafles ont commenc\u00e9 (ao\u00fbt 41, d\u00e9cembre&nbsp;41) et les trois fr\u00e8res de mon grand-p\u00e8re ont \u00e9t\u00e9 arr\u00eat\u00e9s. Ma m\u00e8re, inqui\u00e8te, a trouv\u00e9 un passeur pour faire traverser la&nbsp;ligne de d\u00e9marcation \u00e0 Itch\u00e9.<br>Et apr\u00e8s la rafle du 16 juillet ils ont tous r\u00e9ussi \u00e0 partir \u00e0 Rocamadour. Ils ont v\u00e9cu dans un vieux couvent jusqu&#8217;en&nbsp;septembre 1944.<br>Quand ils sont rentr\u00e9s, leur appartement \u00e9tait occup\u00e9&#8230; par un flic&nbsp;! Il leur a fallu dix mois pour que l&#8217;appartement leur f\u00fbt rendu.<br>Mes grands-parents ont alors repris l&#8217;\u00e9picerie.<\/p>\n\n\n\n<p class=\"has-text-align-right\"><em>(Isaac Isra\u00ebl Regenman mobilis\u00e9, en 1940)<\/em><\/p>\n\n\n\n<p><\/p>\n<\/div><figure class=\"wp-block-media-text__media\" style=\"background-image:url(https:\/\/aifonline.net\/wp-content\/uploads\/2024\/09\/isaac_regenman4-693x1024.jpg);background-position:51% 18%\"><img decoding=\"async\" loading=\"lazy\" width=\"693\" height=\"1024\" src=\"https:\/\/aifonline.net\/wp-content\/uploads\/2024\/09\/isaac_regenman4-693x1024.jpg\" alt=\"\" class=\"wp-image-5986 size-full\" srcset=\"https:\/\/aifonline.net\/wp-content\/uploads\/2024\/09\/isaac_regenman4-693x1024.jpg 693w, https:\/\/aifonline.net\/wp-content\/uploads\/2024\/09\/isaac_regenman4-203x300.jpg 203w, https:\/\/aifonline.net\/wp-content\/uploads\/2024\/09\/isaac_regenman4-768x1135.jpg 768w, https:\/\/aifonline.net\/wp-content\/uploads\/2024\/09\/isaac_regenman4.jpg 1015w\" sizes=\"(max-width: 693px) 100vw, 693px\" \/><\/figure><\/div>\n\n\n\n<div class=\"wp-block-media-text is-stacked-on-mobile is-image-fill has-dark-gray-color has-light-gray-background-color has-text-color has-background\"><figure class=\"wp-block-media-text__media\" style=\"background-image:url(https:\/\/aifonline.net\/wp-content\/uploads\/2024\/09\/isaac_regenman2-1021x1024.jpg);background-position:77% 24%\"><img decoding=\"async\" loading=\"lazy\" width=\"1021\" height=\"1024\" src=\"https:\/\/aifonline.net\/wp-content\/uploads\/2024\/09\/isaac_regenman2-1021x1024.jpg\" alt=\"\" class=\"wp-image-5984 size-full\" srcset=\"https:\/\/aifonline.net\/wp-content\/uploads\/2024\/09\/isaac_regenman2-1021x1024.jpg 1021w, https:\/\/aifonline.net\/wp-content\/uploads\/2024\/09\/isaac_regenman2-300x300.jpg 300w, https:\/\/aifonline.net\/wp-content\/uploads\/2024\/09\/isaac_regenman2-150x150.jpg 150w, https:\/\/aifonline.net\/wp-content\/uploads\/2024\/09\/isaac_regenman2-768x770.jpg 768w, https:\/\/aifonline.net\/wp-content\/uploads\/2024\/09\/isaac_regenman2.jpg 1500w\" sizes=\"(max-width: 1021px) 100vw, 1021px\" \/><\/figure><div class=\"wp-block-media-text__content\">\n<h2 class=\"wp-block-heading has-dark-gray-color has-text-color\">Une nouvelle aventure<\/h2>\n\n\n\n<p>Un jour, un ami demandait \u00e0 ma grand-m\u00e8re de participer \u00e0 la pr\u00e9paration du mariage de sa fille. Mon grand-p\u00e8re eu&nbsp;l&#8217;id\u00e9e de devenir traiteur.<br>Au d\u00e9but ils pr\u00e9paraient chez des particuliers, puis ils ont lou\u00e9 des salles, tant\u00f4t l\u00e0, tant\u00f4t ailleurs. Puis ils ont conclu un&nbsp;accord avec le propri\u00e9taire du Pavillon Dauphine de l&#8217;\u00e9poque et ils y \u00e9taient tous les dimanches (ou presque)&nbsp;pour des mariages ou des bar-mitsva.<br>Ma grand-m\u00e8re faisait presque tout elle-m\u00eame : pickel, langue, foie hach\u00e9, gefilte fish, k\u00e4se kichen, stroudel. Et le d\u00eener \u00e9tait directement pr\u00e9par\u00e9 dans les cuisines du Pavillon Dauphine.&nbsp;Bien entendu ce n&#8217;\u00e9tait pas cacher mais il n&#8217;y avait pas de porc. <br>Par ailleurs La houpa se tenait au salon.<br>Ma grand-m\u00e8re, toujours tr\u00e8s discr\u00e8te, restait en cuisine. Mais mon grand-p\u00e8re \u00e9tait en salle et il lui arrivait de prendre un&nbsp;tambourin et de chanter.<br>En regardant des photos de mariage de parents d&#8217;amis il n&#8217;\u00e9tait pas rare de retrouver mon grand-p\u00e8re sur ces photos.<\/p>\n\n\n\n<p><em>(Isaac Isra\u00ebl Regenman derri\u00e8re un gigantesque buffet au Pavillon Dauphine, en 1954)<\/em><\/p>\n\n\n\n<p><\/p>\n<\/div><\/div>\n\n\n\n<div class=\"wp-block-media-text has-media-on-the-right is-stacked-on-mobile is-image-fill has-white-color has-text-color has-background\" style=\"background-color:#7495bc\"><div class=\"wp-block-media-text__content\">\n<p>Ma bien aim\u00e9e grand-m\u00e8re rendit son dernier soupir en 1962, ce fut la fin d&#8217;un \u00e9poque  et d&#8217;une aventure, l&#8217;affaire a \u00e9t\u00e9 vendue.<br>Itch\u00e9 est d\u00e9c\u00e9d\u00e9 en 1972. il \u00e9tait membre depuis son arriv\u00e9e en France d&#8217;une Soci\u00e9t\u00e9 mutualiste dite&nbsp;<em>Les Amis de&nbsp;Varsovie<\/em>. C&#8217;est le Pr\u00e9sident de ladite Soci\u00e9t\u00e9 lui-m\u00eame, qui \u00e9tait son ami, qui fit un discours \u00e9mouvant le jour de ses obs\u00e8ques. Il a&nbsp;tellement bien \u00e9voqu\u00e9 la vie d\u2019Itch\u00e9, sa personnalit\u00e9, non sans livrer des d\u00e9tails \u00ab&nbsp;succulents&nbsp;\u00bb qui ont jalonn\u00e9 tout son parcours si bien que j&#8217;ai \u00e9clat\u00e9 de rire au cimeti\u00e8re.<\/p>\n\n\n\n<p class=\"has-text-align-right\"><em>(Isaac Isra\u00ebl Regenman en 1954)<\/em><\/p>\n\n\n\n<p><\/p>\n<\/div><figure class=\"wp-block-media-text__media\" style=\"background-image:url(https:\/\/aifonline.net\/wp-content\/uploads\/2024\/09\/isaac_regenman7-767x1024.jpg);background-position:48% 27%\"><img decoding=\"async\" loading=\"lazy\" width=\"767\" height=\"1024\" src=\"https:\/\/aifonline.net\/wp-content\/uploads\/2024\/09\/isaac_regenman7-767x1024.jpg\" alt=\"\" class=\"wp-image-5989 size-full\" srcset=\"https:\/\/aifonline.net\/wp-content\/uploads\/2024\/09\/isaac_regenman7-767x1024.jpg 767w, https:\/\/aifonline.net\/wp-content\/uploads\/2024\/09\/isaac_regenman7-225x300.jpg 225w, https:\/\/aifonline.net\/wp-content\/uploads\/2024\/09\/isaac_regenman7-768x1026.jpg 768w, https:\/\/aifonline.net\/wp-content\/uploads\/2024\/09\/isaac_regenman7.jpg 1123w\" sizes=\"(max-width: 767px) 100vw, 767px\" \/><\/figure><\/div>\n\n\n\n<p><strong>Album de famille<br><\/strong><em>(Cliquez sur les photos pour agrandir)<\/em><\/p>\n\n\n\n<figure class=\"wp-block-gallery has-nested-images columns-default is-cropped wp-block-gallery-1 is-layout-flex wp-block-gallery-is-layout-flex\">\n<figure class=\"wp-block-image size-large\"><a href=\"https:\/\/aifonline.net\/wp-content\/uploads\/2024\/09\/isaac_regenman8.jpg\"><img decoding=\"async\" loading=\"lazy\" width=\"700\" height=\"1024\" data-id=\"5990\" src=\"https:\/\/aifonline.net\/wp-content\/uploads\/2024\/09\/isaac_regenman8-700x1024.jpg\" alt=\"\" class=\"wp-image-5990\" srcset=\"https:\/\/aifonline.net\/wp-content\/uploads\/2024\/09\/isaac_regenman8-700x1024.jpg 700w, https:\/\/aifonline.net\/wp-content\/uploads\/2024\/09\/isaac_regenman8-205x300.jpg 205w, https:\/\/aifonline.net\/wp-content\/uploads\/2024\/09\/isaac_regenman8-768x1124.jpg 768w, https:\/\/aifonline.net\/wp-content\/uploads\/2024\/09\/isaac_regenman8.jpg 1025w\" sizes=\"(max-width: 700px) 100vw, 700px\" \/><\/a><figcaption class=\"wp-element-caption\">Mes grands-parents au mariage de mes parents en 1947<\/figcaption><\/figure>\n\n\n\n<figure class=\"wp-block-image size-large\"><a href=\"https:\/\/aifonline.net\/wp-content\/uploads\/2024\/09\/isaac_regenman6.jpg\"><img decoding=\"async\" loading=\"lazy\" width=\"768\" height=\"1024\" data-id=\"5988\" src=\"https:\/\/aifonline.net\/wp-content\/uploads\/2024\/09\/isaac_regenman6-768x1024.jpg\" alt=\"\" class=\"wp-image-5988\" srcset=\"https:\/\/aifonline.net\/wp-content\/uploads\/2024\/09\/isaac_regenman6-768x1024.jpg 768w, https:\/\/aifonline.net\/wp-content\/uploads\/2024\/09\/isaac_regenman6-225x300.jpg 225w, https:\/\/aifonline.net\/wp-content\/uploads\/2024\/09\/isaac_regenman6.jpg 1125w\" sizes=\"(max-width: 768px) 100vw, 768px\" \/><\/a><figcaption class=\"wp-element-caption\">H\u00e9l\u00e8ne Regenman, en 1925<\/figcaption><\/figure>\n\n\n\n<figure class=\"wp-block-image size-large\"><a href=\"https:\/\/aifonline.net\/wp-content\/uploads\/2024\/09\/isaac_regenman3.jpg\"><img decoding=\"async\" loading=\"lazy\" width=\"612\" height=\"1024\" data-id=\"5985\" src=\"https:\/\/aifonline.net\/wp-content\/uploads\/2024\/09\/isaac_regenman3-612x1024.jpg\" alt=\"\" class=\"wp-image-5985\" srcset=\"https:\/\/aifonline.net\/wp-content\/uploads\/2024\/09\/isaac_regenman3-612x1024.jpg 612w, https:\/\/aifonline.net\/wp-content\/uploads\/2024\/09\/isaac_regenman3-179x300.jpg 179w, https:\/\/aifonline.net\/wp-content\/uploads\/2024\/09\/isaac_regenman3-768x1285.jpg 768w, https:\/\/aifonline.net\/wp-content\/uploads\/2024\/09\/isaac_regenman3-918x1536.jpg 918w, https:\/\/aifonline.net\/wp-content\/uploads\/2024\/09\/isaac_regenman3.jpg 1000w\" sizes=\"(max-width: 612px) 100vw, 612px\" \/><\/a><figcaption class=\"wp-element-caption\">Isaac Isra\u00ebl Regenman avec sa petite fille Laurence, en 1950<\/figcaption><\/figure>\n\n\n\n<figure class=\"wp-block-image size-large\"><a href=\"https:\/\/aifonline.net\/wp-content\/uploads\/2024\/09\/isaac_regenman1.jpg\"><img decoding=\"async\" loading=\"lazy\" width=\"1024\" height=\"1024\" data-id=\"5983\" src=\"https:\/\/aifonline.net\/wp-content\/uploads\/2024\/09\/isaac_regenman1-1024x1024.jpg\" alt=\"\" class=\"wp-image-5983\" srcset=\"https:\/\/aifonline.net\/wp-content\/uploads\/2024\/09\/isaac_regenman1-1024x1024.jpg 1024w, https:\/\/aifonline.net\/wp-content\/uploads\/2024\/09\/isaac_regenman1-300x300.jpg 300w, https:\/\/aifonline.net\/wp-content\/uploads\/2024\/09\/isaac_regenman1-150x150.jpg 150w, https:\/\/aifonline.net\/wp-content\/uploads\/2024\/09\/isaac_regenman1-768x768.jpg 768w, https:\/\/aifonline.net\/wp-content\/uploads\/2024\/09\/isaac_regenman1.jpg 1500w\" sizes=\"(max-width: 1024px) 100vw, 1024px\" \/><\/a><figcaption class=\"wp-element-caption\">Isaac Isra\u00ebl Regenman et ses quatre petits-enfants, en 1965<\/figcaption><\/figure>\n<\/figure>\n","protected":false},"excerpt":{"rendered":"<p>Par sa petite-fille Laurence Benbassat Mon grand-p\u00e8re Isaac Isra\u00ebl Regenman naquit \u00e0 Varsovie en 1896, il est le cinqui\u00e8me enfant<\/p>\n","protected":false},"author":1,"featured_media":0,"comment_status":"open","ping_status":"open","sticky":false,"template":"","format":"standard","meta":{"_mi_skip_tracking":false,"_exactmetrics_sitenote_active":false,"_exactmetrics_sitenote_note":"","_exactmetrics_sitenote_category":0,"footnotes":""},"categories":[84],"tags":[],"table_tags":[],"_links":{"self":[{"href":"https:\/\/aifonline.net\/index.php?rest_route=\/wp\/v2\/posts\/5980"}],"collection":[{"href":"https:\/\/aifonline.net\/index.php?rest_route=\/wp\/v2\/posts"}],"about":[{"href":"https:\/\/aifonline.net\/index.php?rest_route=\/wp\/v2\/types\/post"}],"author":[{"embeddable":true,"href":"https:\/\/aifonline.net\/index.php?rest_route=\/wp\/v2\/users\/1"}],"replies":[{"embeddable":true,"href":"https:\/\/aifonline.net\/index.php?rest_route=%2Fwp%2Fv2%2Fcomments&post=5980"}],"version-history":[{"count":38,"href":"https:\/\/aifonline.net\/index.php?rest_route=\/wp\/v2\/posts\/5980\/revisions"}],"predecessor-version":[{"id":6111,"href":"https:\/\/aifonline.net\/index.php?rest_route=\/wp\/v2\/posts\/5980\/revisions\/6111"}],"wp:attachment":[{"href":"https:\/\/aifonline.net\/index.php?rest_route=%2Fwp%2Fv2%2Fmedia&parent=5980"}],"wp:term":[{"taxonomy":"category","embeddable":true,"href":"https:\/\/aifonline.net\/index.php?rest_route=%2Fwp%2Fv2%2Fcategories&post=5980"},{"taxonomy":"post_tag","embeddable":true,"href":"https:\/\/aifonline.net\/index.php?rest_route=%2Fwp%2Fv2%2Ftags&post=5980"},{"taxonomy":"table_tags","embeddable":true,"href":"https:\/\/aifonline.net\/index.php?rest_route=%2Fwp%2Fv2%2Ftable_tags&post=5980"}],"curies":[{"name":"wp","href":"https:\/\/api.w.org\/{rel}","templated":true}]}}