{"id":6052,"date":"2024-09-30T07:02:07","date_gmt":"2024-09-30T05:02:07","guid":{"rendered":"https:\/\/aifonline.net\/?p=6052"},"modified":"2024-09-30T21:37:13","modified_gmt":"2024-09-30T19:37:13","slug":"billet-en-famille-plus-que-jamais","status":"publish","type":"post","link":"https:\/\/aifonline.net\/?p=6052","title":{"rendered":"Billet : En famille plus que jamais"},"content":{"rendered":"\n<p><strong><em>Par Alain Kaminski<\/em><\/strong><\/p>\n\n\n\n<p>Les f\u00eates de Roch Hachana sont dans nos foyers. Pour la plupart d\u2019entre nous, pour nos familles et pour nos amis tr\u00e8s chers, nous allons nous retrouver pour que cette nouvelle ann\u00e9e du calendrier h\u00e9bra\u00efque nous soit douce.<br>Sur les tables, le fruit du grenadier, symbole d\u2019abondance et de prosp\u00e9rit\u00e9, de fertilit\u00e9, de beaut\u00e9, d\u2019amour. Mais ce fruit, c\u2019est aussi une peau dure et des grains tr\u00e8s serr\u00e9s tels les anneaux parfaitement soud\u00e9s d\u2019une cha\u00eene, celle du peuple juif. Pouvons-nous traverser cette p\u00e9riode de f\u00eates sans penser \u00e0 nos fr\u00e8res et s\u0153urs d\u2019Isra\u00ebl\u00a0?<br>Le pays subit une \u00e9preuve in\u00e9dite dans son histoire, une guerre qui n\u2019en finit plus avec ces familles d\u00e9truites, ces personnes d\u00e9plac\u00e9es du nord au centre et au sud du pays, ces otages dont on ne sait combien sont encore en vie. Cette ann\u00e9e, Roch Hachana nous exige de donner une force suppl\u00e9mentaire \u00e0 nos v\u0153ux ou \u00e0 nos pri\u00e8res mais ne soyons pas g\u00ean\u00e9s de c\u00e9l\u00e9brer cette f\u00eate en une forme accoutum\u00e9e. <br>Roch Hachana doit, plus que jamais cette ann\u00e9e, r\u00e9unir les familles car ce moment doit se manifester comme l\u2019affirmation de l\u2019unit\u00e9 du peuple juif, dans toute sa diversit\u00e9 d\u2019opinions ou d\u2019observance religieuse, fort de cette immuable tradition. Roch Hachana doit, plus que jamais cette ann\u00e9e, faire dispara\u00eetre les diff\u00e9rends, les fadaises et les balivernes, enfantillages et billeves\u00e9es, et tout ce qui peut l\u00e9zarder nos familles.<br>D\u00e9grossissons ensemble nos pierres quand elles sont encore brutes, quand nos pens\u00e9es vont \u00e0 ces enfants de Tel-Aviv, Ha\u00effa, Beer-Shev\u2019a et de tout le pays. Isra\u00ebl s\u2019embrase alors nous embrassons ces enfants encore plus fort. Puisse cette nouvelle ann\u00e9e 5785 \u00eatre douce et que force, sagesse et beaut\u00e9 soient les pr\u00e9mices d\u2019une paix juste et durable. Chana tova \u00e0 tous<\/p>\n","protected":false},"excerpt":{"rendered":"<p>Par Alain Kaminski Les f\u00eates de Roch Hachana sont dans nos foyers. Pour la plupart d\u2019entre nous, pour nos familles<\/p>\n","protected":false},"author":1,"featured_media":0,"comment_status":"open","ping_status":"open","sticky":false,"template":"","format":"standard","meta":{"_mi_skip_tracking":false,"_exactmetrics_sitenote_active":false,"_exactmetrics_sitenote_note":"","_exactmetrics_sitenote_category":0,"footnotes":""},"categories":[4,1],"tags":[],"table_tags":[],"_links":{"self":[{"href":"https:\/\/aifonline.net\/index.php?rest_route=\/wp\/v2\/posts\/6052"}],"collection":[{"href":"https:\/\/aifonline.net\/index.php?rest_route=\/wp\/v2\/posts"}],"about":[{"href":"https:\/\/aifonline.net\/index.php?rest_route=\/wp\/v2\/types\/post"}],"author":[{"embeddable":true,"href":"https:\/\/aifonline.net\/index.php?rest_route=\/wp\/v2\/users\/1"}],"replies":[{"embeddable":true,"href":"https:\/\/aifonline.net\/index.php?rest_route=%2Fwp%2Fv2%2Fcomments&post=6052"}],"version-history":[{"count":7,"href":"https:\/\/aifonline.net\/index.php?rest_route=\/wp\/v2\/posts\/6052\/revisions"}],"predecessor-version":[{"id":6098,"href":"https:\/\/aifonline.net\/index.php?rest_route=\/wp\/v2\/posts\/6052\/revisions\/6098"}],"wp:attachment":[{"href":"https:\/\/aifonline.net\/index.php?rest_route=%2Fwp%2Fv2%2Fmedia&parent=6052"}],"wp:term":[{"taxonomy":"category","embeddable":true,"href":"https:\/\/aifonline.net\/index.php?rest_route=%2Fwp%2Fv2%2Fcategories&post=6052"},{"taxonomy":"post_tag","embeddable":true,"href":"https:\/\/aifonline.net\/index.php?rest_route=%2Fwp%2Fv2%2Ftags&post=6052"},{"taxonomy":"table_tags","embeddable":true,"href":"https:\/\/aifonline.net\/index.php?rest_route=%2Fwp%2Fv2%2Ftable_tags&post=6052"}],"curies":[{"name":"wp","href":"https:\/\/api.w.org\/{rel}","templated":true}]}}