{"id":6133,"date":"2024-11-02T08:06:00","date_gmt":"2024-11-02T07:06:00","guid":{"rendered":"https:\/\/aifonline.net\/?p=6133"},"modified":"2024-11-02T08:56:46","modified_gmt":"2024-11-02T07:56:46","slug":"billet-prime-aux-agresseurs","status":"publish","type":"post","link":"https:\/\/aifonline.net\/?p=6133","title":{"rendered":"Billet : Prime aux agresseurs"},"content":{"rendered":"\n<p><strong><em>Par Alain Kaminski<\/em><\/strong><\/p>\n\n\n\n<p>Quand un gouvernement cherche 60 milliards d\u2019\u00e9conomie, il doit commencer par faire des \u00e9conomies. Pour ce faire, \u00e9viter les d\u00e9penses inutiles. Grignoter les retraites, les aides sociales ? Les pistes sont aussi nombreuses qu\u2019impopulaires. <br>En mati\u00e8re de d\u00e9penses, il y a celles qui heurtent l\u2019opinion publique. La derni\u00e8re en date est la d\u00e9cision d&#8217;octroyer 100 millions d\u2019euros afin d\u2019aider les Libanais d\u00e9plac\u00e9s. On croit r\u00eaver car depuis un an, 60&nbsp;000 isra\u00e9liens sont d\u00e9plac\u00e9s, ont d\u00fb quitter le nord du pays qui subit des attaques de roquettes et de drones chaque jour mais pour le pr\u00e9sident, il ne s\u2019agit pas de d\u00e9plac\u00e9s car l\u2019id\u00e9e c\u2019est que la France doit aider les Libanais, aider en quelque sorte l\u2019agresseur. Le pr\u00e9sident de la R\u00e9publique ne semble pourtant pas ignorer la situation au Liban, pays dont il disait il n\u2019y a pas si longtemps que la corruption avait mit\u00e9 la classe politique. Il veut l\u2019ignorer tout simplement comme il veut ignorer que ces 100&nbsp;millions d\u2019euros seront imm\u00e9diatement d\u00e9tourn\u00e9s par le Hezbollah \u00e0 l\u2019instar des convois humanitaires d\u00e9tourn\u00e9s \u00e0 Gaza par le Hamas qui a organis\u00e9 un march\u00e9 noir \u00e0 ciel ouvert. Le pr\u00e9sident ajoute qu\u2019Isra\u00ebl pr\u00e9f\u00e8re au Liban la barbarie \u00e0 la paix. Le choix du terme barbarie est choquant, il nous interpelle sur le r\u00e9el sentiment du pr\u00e9sident \u00e0 l\u2019endroit du peuple juif en g\u00e9n\u00e9ral, de la communaut\u00e9 juive de France en particulier. L\u2019usage du terme barbarie quand Isra\u00ebl est agress\u00e9 de toutes parts donne de l\u2019insignifiance au 7 octobre, mais il n\u2019en a cure. <br>Mais le pire est sans doute \u00e0 venir dans ce monde politique que l\u2019on d\u00e9couvre chaque jour. L\u2019antis\u00e9mitisme est aujourd\u2019hui d\u00e9complex\u00e9 sur la place publique. Prendra-t-il la m\u00eame forme dans le d\u00e9bat politique&nbsp;? Bernard-Henri L\u00e9vy n\u2019a pas h\u00e9sit\u00e9 \u00e0 pointer un fond naturel et ressurgissant d\u2019antis\u00e9mitisme chez Dominique de Villepin. Les philippiques de Jean-Luc M\u00e9lenchon nous ont donn\u00e9 le \u00ab&nbsp;la&nbsp;\u00bb de sa personnalit\u00e9, ils sont \u00e0 l\u2019origine de la recrudescence des actes antis\u00e9mites. Et si le pr\u00e9sident Macron devait les rejoindre un beau matin ? Nous tomberions de haut, me semble-t-il. Il n\u2019y a rien de plus d\u00e9solant que d\u2019\u00eatre trahis et nous sommes en passe de vivre cette situation face \u00e0 un monarque born\u00e9 dans son pouvoir et qui se hisse dans son arbitraire. Habit\u00e9 de la fureur d\u2019\u00e9tonner, il est \u00e0 craindre que le masque de l\u2019impassible ne tombe tr\u00e8s prochainement. <br>L\u2019antis\u00e9mitisme d\u2019extr\u00eame-gauche a d\u00e9sormais pignon sur rue, l\u2019extr\u00eame-droite ne semble plus en faire son cheval de bataille mais restons prudents, l\u2019arc r\u00e9publicain avec le soutien des m\u00e9dias r\u00e9pand son venin sur Isra\u00ebl. Nous vivons une triste \u00e9poque, celles d\u2019une convergence des haines.&nbsp; &nbsp; &nbsp;<\/p>\n","protected":false},"excerpt":{"rendered":"<p>Par Alain Kaminski Quand un gouvernement cherche 60 milliards d\u2019\u00e9conomie, il doit commencer par faire des \u00e9conomies. Pour ce faire,<\/p>\n","protected":false},"author":1,"featured_media":0,"comment_status":"open","ping_status":"open","sticky":false,"template":"","format":"standard","meta":{"_mi_skip_tracking":false,"_exactmetrics_sitenote_active":false,"_exactmetrics_sitenote_note":"","_exactmetrics_sitenote_category":0,"footnotes":""},"categories":[4],"tags":[],"table_tags":[],"_links":{"self":[{"href":"https:\/\/aifonline.net\/index.php?rest_route=\/wp\/v2\/posts\/6133"}],"collection":[{"href":"https:\/\/aifonline.net\/index.php?rest_route=\/wp\/v2\/posts"}],"about":[{"href":"https:\/\/aifonline.net\/index.php?rest_route=\/wp\/v2\/types\/post"}],"author":[{"embeddable":true,"href":"https:\/\/aifonline.net\/index.php?rest_route=\/wp\/v2\/users\/1"}],"replies":[{"embeddable":true,"href":"https:\/\/aifonline.net\/index.php?rest_route=%2Fwp%2Fv2%2Fcomments&post=6133"}],"version-history":[{"count":6,"href":"https:\/\/aifonline.net\/index.php?rest_route=\/wp\/v2\/posts\/6133\/revisions"}],"predecessor-version":[{"id":6154,"href":"https:\/\/aifonline.net\/index.php?rest_route=\/wp\/v2\/posts\/6133\/revisions\/6154"}],"wp:attachment":[{"href":"https:\/\/aifonline.net\/index.php?rest_route=%2Fwp%2Fv2%2Fmedia&parent=6133"}],"wp:term":[{"taxonomy":"category","embeddable":true,"href":"https:\/\/aifonline.net\/index.php?rest_route=%2Fwp%2Fv2%2Fcategories&post=6133"},{"taxonomy":"post_tag","embeddable":true,"href":"https:\/\/aifonline.net\/index.php?rest_route=%2Fwp%2Fv2%2Ftags&post=6133"},{"taxonomy":"table_tags","embeddable":true,"href":"https:\/\/aifonline.net\/index.php?rest_route=%2Fwp%2Fv2%2Ftable_tags&post=6133"}],"curies":[{"name":"wp","href":"https:\/\/api.w.org\/{rel}","templated":true}]}}