{"id":621,"date":"2019-03-19T08:05:58","date_gmt":"2019-03-19T07:05:58","guid":{"rendered":"http:\/\/aifonline.net\/?p=621"},"modified":"2019-03-19T08:05:58","modified_gmt":"2019-03-19T07:05:58","slug":"quand-lantisemitisme-enfile-un-gilet-jaune","status":"publish","type":"post","link":"https:\/\/aifonline.net\/?p=621","title":{"rendered":"Quand l\u2019antis\u00e9mitisme enfile un gilet jaune"},"content":{"rendered":"<p>Pourquoi un jour, on est aim\u00e9, et pourquoi un jour, ne l\u2019est-on plus\u00a0?<\/p>\n<p>On pourrait attribuer cette interrogation \u00e0 de nombreux mouvements sociaux qui ont travers\u00e9 les d\u00e9cennies de ces deux derniers si\u00e8cles.<\/p>\n<p>D\u00e9sormais un mouvement social, dont on observe chaque jour les dommages collat\u00e9raux, agonise et c\u2019est ce que la Communaut\u00e9 juive pouvait esp\u00e9rer de mieux car il avait pris son \u00e9lan vers le pire et du populisme il en poss\u00e9dait tous les n\u00e9cessaires pr\u00e9requis.<\/p>\n<p>Ce mouvement des gilets jaunes est en train de se draper d\u2019une l\u00e9gende, celle de la haine. C\u2019est bien dommage pour lui car il s\u2019\u00e9tait avanc\u00e9 l\u2019hiver dernier en visiteur surprise et des millions de fran\u00e7ais partageaient le d\u00e9soeuvrement de ceux qui se voulaient sinc\u00e8res.<\/p>\n<p>Il a s\u00e9duit au d\u00e9but mais n\u2019a pas su ajouter du relief \u00e0 sa s\u00e9duction, il a d\u2019embl\u00e9e voulu de sa croissance faire une \u00e9pop\u00e9e.<\/p>\n<p>Mais la gloire au fil du temps s\u2019est d\u00e9rob\u00e9e devant lui, le mouvement s\u2019est laiss\u00e9, sans piper mot, infiltr\u00e9 par les antis\u00e9mites de service dans de pareils rassemblements, et son silence l\u2019a rendu complice.<\/p>\n<p>Les propos antis\u00e9mites tenus par des hommes \u00e0 visage d\u00e9couvert et prof\u00e9r\u00e9s \u00e0 l\u2019endroit d\u2019Alain Finkielkraut ont, certes, donn\u00e9 lieu \u00e0 une r\u00e9probation du chef de l\u2019Etat et \u00e0 l\u2019indignation du ministre de l\u2019Int\u00e9rieur mais les partis politiques n\u2019ont pas r\u00e9agi imm\u00e9diatement comme ils auraient d\u00fb le faire. L\u2019extr\u00eame droite et l\u2019extr\u00eame gauche susurrent\u00a0que l\u2019antis\u00e9mitisme est un fl\u00e9au mais ils s\u2019en accommodent parfaitement.<\/p>\n<p>La faiblesse des gilets jaunes s\u2019affiche d\u00e9sormais au grand jour car ils ne sont m\u00eame pas aguerris \u00e0 l\u2019art de dispara\u00eetre. Pis, ils s\u2019efforcent encore de para\u00eetre quand le c\u0153ur n\u2019y est plus et les quelques meneurs qui ont voulu s\u2019inscrire dans l\u2019Histoire d\u2019une nouvelle r\u00e9volution ont vite appris que leur d\u00e9sir de post\u00e9rit\u00e9 semblait mal parti.<\/p>\n<p>Il fallait s\u2019y attendre car d\u00e8s le d\u00e9but, ce mouvement vaporisait un parfum de haine d\u2019o\u00f9 \u00e9manait une senteur malsaine.<\/p>\n<p>Apr\u00e8s dix-huit semaines de manifestations \u00e9maill\u00e9es par les casseurs et les pillards, le mouvement ne fait qu\u2019entretenir son apparence, il n\u2019est m\u00eame plus ma\u00eetre de son r\u00e9pertoire et son obsolescence non programm\u00e9e le verra indubitablement s\u2019\u00e9chouer au pied des falaises du pouvoir. C\u2019est sans doute la meilleure issue car nous avons la chance de vivre dans un espace r\u00e9publicain.<\/p>\n<p>Mais de cette R\u00e9publique nous attendons quelque chose\u00a0!<\/p>\n<p>Les arsouilles qui ont agress\u00e9 Alain Finkielkraut ont montr\u00e9 leur visage aux cam\u00e9ras, seront-ils rattrap\u00e9s par la justice d\u00e8s lors que les propos antis\u00e9mites tenus sur la voie publique constituent un d\u00e9lit\u00a0?<\/p>\n<p>C\u2019est bien de cela qu\u2019il s\u2019agit\u00a0!<\/p>\n<p>Alain Kaminski<\/p>\n<p>&nbsp;<\/p>\n","protected":false},"excerpt":{"rendered":"<p>Pourquoi un jour, on est aim\u00e9, et pourquoi un jour, ne l\u2019est-on plus\u00a0? On pourrait attribuer cette interrogation \u00e0 de<\/p>\n","protected":false},"author":1,"featured_media":0,"comment_status":"open","ping_status":"open","sticky":false,"template":"","format":"standard","meta":{"_mi_skip_tracking":false,"_exactmetrics_sitenote_active":false,"_exactmetrics_sitenote_note":"","_exactmetrics_sitenote_category":0,"footnotes":""},"categories":[4],"tags":[28],"table_tags":[],"_links":{"self":[{"href":"https:\/\/aifonline.net\/index.php?rest_route=\/wp\/v2\/posts\/621"}],"collection":[{"href":"https:\/\/aifonline.net\/index.php?rest_route=\/wp\/v2\/posts"}],"about":[{"href":"https:\/\/aifonline.net\/index.php?rest_route=\/wp\/v2\/types\/post"}],"author":[{"embeddable":true,"href":"https:\/\/aifonline.net\/index.php?rest_route=\/wp\/v2\/users\/1"}],"replies":[{"embeddable":true,"href":"https:\/\/aifonline.net\/index.php?rest_route=%2Fwp%2Fv2%2Fcomments&post=621"}],"version-history":[{"count":1,"href":"https:\/\/aifonline.net\/index.php?rest_route=\/wp\/v2\/posts\/621\/revisions"}],"predecessor-version":[{"id":622,"href":"https:\/\/aifonline.net\/index.php?rest_route=\/wp\/v2\/posts\/621\/revisions\/622"}],"wp:attachment":[{"href":"https:\/\/aifonline.net\/index.php?rest_route=%2Fwp%2Fv2%2Fmedia&parent=621"}],"wp:term":[{"taxonomy":"category","embeddable":true,"href":"https:\/\/aifonline.net\/index.php?rest_route=%2Fwp%2Fv2%2Fcategories&post=621"},{"taxonomy":"post_tag","embeddable":true,"href":"https:\/\/aifonline.net\/index.php?rest_route=%2Fwp%2Fv2%2Ftags&post=621"},{"taxonomy":"table_tags","embeddable":true,"href":"https:\/\/aifonline.net\/index.php?rest_route=%2Fwp%2Fv2%2Ftable_tags&post=621"}],"curies":[{"name":"wp","href":"https:\/\/api.w.org\/{rel}","templated":true}]}}