{"id":6246,"date":"2024-12-08T11:14:05","date_gmt":"2024-12-08T10:14:05","guid":{"rendered":"https:\/\/aifonline.net\/?p=6246"},"modified":"2024-12-08T12:15:11","modified_gmt":"2024-12-08T11:15:11","slug":"billet-une-place-qui-na-plus-sa-place","status":"publish","type":"post","link":"https:\/\/aifonline.net\/?p=6246","title":{"rendered":"Billet : Une place qui a perdu sa place"},"content":{"rendered":"\n<p><strong><em>Par Alain Kaminski<\/em><\/strong><\/p>\n\n\n\n<p>J\u2019ai toujours aim\u00e9 fl\u00e2ner sur les plus belles places d\u2019Europe. A Thessalonique, la grande place Aristote est \u00e9clatante et grandiose. A Vilnius, la place Lukistas est d\u2019un charme irr\u00e9sistible et \u00e0 Riga, la place de l\u2019H\u00f4tel de Ville est d\u2019une splendeur rare. <br>Qui ne serait pas impressionn\u00e9 par la Plaza Mayor \u00e0 Madrid\u00a0? Ces places sont pavois\u00e9es du drapeau national qui rappelle une certaine fiert\u00e9 des habitants de ces villes dont le respect des institutions force l\u2019admiration. C\u2019est bien le cas \u00e0 Prague sur la place de la vieille ville ou \u00e0 Rome avec sa piazza Venezia domin\u00e9e par le b\u00e2timent Vittoriano, le monument national d\u00e9di\u00e9 \u00e0 Victor Emmanuel II, et ses drapeaux italiens qui flottent au vent avec \u00e9l\u00e9gance et majest\u00e9. Ces lieux magiques sont \u00e0 la fois superbes, s\u00e9duisants et parfois m\u00eame \u00e9poustouflants. La reconstruction de la place du March\u00e9 de la vieille ville \u00e0 Varsovie, salu\u00e9e par l\u2019Unesco, est remarquable. Je n\u2019oublierai pas la place des H\u00e9ros \u00e0 Budapest, magnanime, elle en impose et retrace l\u2019Histoire de la Hongrie. <br>J\u2019avoue que je n\u2019\u00e9tais pas retourn\u00e9 tr\u00e8s souvent depuis ces huit derni\u00e8res ann\u00e9es \u00e0 parcourir l\u2019Europe sur les grandes places de Paris, ma ville natale. C\u2019est vrai, lorsque l\u2019on est natif de Paris, on finit par passer devant la tour Eiffel sans m\u00eame la regarder, au risque de ne pas la respecter. <br>Tout r\u00e9cemment, je traversai la place de la R\u00e9publique et je passai devant ce mythique monument, \u0153uvre de L\u00e9opold Morice, inaugur\u00e9 en 1883. Trois statues ornent son pi\u00e9destal, all\u00e9gories de la Libert\u00e9, de l\u2019Egalit\u00e9, de la Fraternit\u00e9. Et par un dimanche hivernal mais ensoleill\u00e9, j\u2019ai d\u00e9couvert avec stupeur cette magnifique statue drap\u00e9e\u2026 d\u2019un drapeau alg\u00e9rien. Devant elle, des hommes et des femmes brandissaient des pancartes sur lesquelles on pouvait lire sur les unes <em>R\u00e9publique islamique de France<\/em> ou sur une autre <em>Le grand remplacement prochainement<\/em>. Toujours sur cette place qui se veut symbole de fraternit\u00e9, un immense drapeau palestinien accroch\u00e9 entre deux r\u00e9verb\u00e8res et sous celui-ci, des hommes tenaient en toute impunit\u00e9 des pancartes affichant la haine d\u2019Isra\u00ebl. <br>Je me suis alors demand\u00e9 si la R\u00e9publique \u00e0 laquelle je suis tant attach\u00e9 avait encore de beaux jours devant elle et dans quel pays allaient grandir mes petits-enfants. Je me suis pos\u00e9 moultes questions. O\u00f9 \u00e9taient pass\u00e9es la force, la sagesse et la beaut\u00e9 que la France avait toujours su montrer au monde entier ? Pourquoi le drapeau tricolore ne flottait-il pas aux quatre coins de cette place embl\u00e9matique et pourquoi l\u2019ordre public n\u2019interdit-il pas ces manifestations de haine\u00a0? Cette France n\u2019\u00e9tait-elle pas en train de sombrer dans les t\u00e9n\u00e8bres et ne devrait-elle pas se mette au plus t\u00f4t en qu\u00eate de Lumi\u00e8res ?<\/p>\n","protected":false},"excerpt":{"rendered":"<p>Par Alain Kaminski J\u2019ai toujours aim\u00e9 fl\u00e2ner sur les plus belles places d\u2019Europe. A Thessalonique, la grande place Aristote est<\/p>\n","protected":false},"author":1,"featured_media":0,"comment_status":"open","ping_status":"open","sticky":false,"template":"","format":"standard","meta":{"_mi_skip_tracking":false,"_exactmetrics_sitenote_active":false,"_exactmetrics_sitenote_note":"","_exactmetrics_sitenote_category":0,"footnotes":""},"categories":[4],"tags":[],"table_tags":[],"_links":{"self":[{"href":"https:\/\/aifonline.net\/index.php?rest_route=\/wp\/v2\/posts\/6246"}],"collection":[{"href":"https:\/\/aifonline.net\/index.php?rest_route=\/wp\/v2\/posts"}],"about":[{"href":"https:\/\/aifonline.net\/index.php?rest_route=\/wp\/v2\/types\/post"}],"author":[{"embeddable":true,"href":"https:\/\/aifonline.net\/index.php?rest_route=\/wp\/v2\/users\/1"}],"replies":[{"embeddable":true,"href":"https:\/\/aifonline.net\/index.php?rest_route=%2Fwp%2Fv2%2Fcomments&post=6246"}],"version-history":[{"count":6,"href":"https:\/\/aifonline.net\/index.php?rest_route=\/wp\/v2\/posts\/6246\/revisions"}],"predecessor-version":[{"id":6267,"href":"https:\/\/aifonline.net\/index.php?rest_route=\/wp\/v2\/posts\/6246\/revisions\/6267"}],"wp:attachment":[{"href":"https:\/\/aifonline.net\/index.php?rest_route=%2Fwp%2Fv2%2Fmedia&parent=6246"}],"wp:term":[{"taxonomy":"category","embeddable":true,"href":"https:\/\/aifonline.net\/index.php?rest_route=%2Fwp%2Fv2%2Fcategories&post=6246"},{"taxonomy":"post_tag","embeddable":true,"href":"https:\/\/aifonline.net\/index.php?rest_route=%2Fwp%2Fv2%2Ftags&post=6246"},{"taxonomy":"table_tags","embeddable":true,"href":"https:\/\/aifonline.net\/index.php?rest_route=%2Fwp%2Fv2%2Ftable_tags&post=6246"}],"curies":[{"name":"wp","href":"https:\/\/api.w.org\/{rel}","templated":true}]}}