{"id":6283,"date":"2024-12-14T12:44:39","date_gmt":"2024-12-14T11:44:39","guid":{"rendered":"https:\/\/aifonline.net\/?p=6283"},"modified":"2024-12-17T13:18:33","modified_gmt":"2024-12-17T12:18:33","slug":"carnet-deces-de-benjamin-asenhejm","status":"publish","type":"post","link":"https:\/\/aifonline.net\/?p=6283","title":{"rendered":"Carnet : D\u00e9c\u00e8s de Benjamin Asenhejm"},"content":{"rendered":"\n<p>Nous avons appris avec tristesse le d\u00e9c\u00e8s de notre ami Benjamin Asenhejm survenu le vendredi 13 d\u00e9cembre 2024 \u00e0 Paris \u00e0 l&#8217;\u00e2ge de 91 ans.<br>Il \u00e9tait le fils Samuel Asenhejm et de Brandla Asenhejm n\u00e9e Szlamowicz. Il \u00e9tait veuf de Paulette Asenhejm n\u00e9e Tancman.<br>Benjamin, proche d&#8217;Alain Kaminski, \u00e9tait tr\u00e9sorier de la F\u00e9d\u00e9ration des Soci\u00e9t\u00e9s Juives de France, ancien pr\u00e9sident de l&#8217;Amicale dite Les Amis de Varsovie.<br>Il \u00e9tait \u00e9galement un grand militant des Fils et Filles de D\u00e9port\u00e9s Juifs de France aux c\u00f4t\u00e9s de Serge Klarsfeld.<br>Benjamin repr\u00e9sentait la FSJF aux c\u00e9r\u00e9monies comm\u00e9morant la d\u00e9portation des juifs de France.<\/p>\n","protected":false},"excerpt":{"rendered":"<p>Nous avons appris avec tristesse le d\u00e9c\u00e8s de notre ami Benjamin Asenhejm survenu le vendredi 13 d\u00e9cembre 2024 \u00e0 Paris<\/p>\n","protected":false},"author":1,"featured_media":0,"comment_status":"open","ping_status":"open","sticky":false,"template":"","format":"standard","meta":{"_mi_skip_tracking":false,"_exactmetrics_sitenote_active":false,"_exactmetrics_sitenote_note":"","_exactmetrics_sitenote_category":0,"footnotes":""},"categories":[5,31],"tags":[],"table_tags":[],"_links":{"self":[{"href":"https:\/\/aifonline.net\/index.php?rest_route=\/wp\/v2\/posts\/6283"}],"collection":[{"href":"https:\/\/aifonline.net\/index.php?rest_route=\/wp\/v2\/posts"}],"about":[{"href":"https:\/\/aifonline.net\/index.php?rest_route=\/wp\/v2\/types\/post"}],"author":[{"embeddable":true,"href":"https:\/\/aifonline.net\/index.php?rest_route=\/wp\/v2\/users\/1"}],"replies":[{"embeddable":true,"href":"https:\/\/aifonline.net\/index.php?rest_route=%2Fwp%2Fv2%2Fcomments&post=6283"}],"version-history":[{"count":2,"href":"https:\/\/aifonline.net\/index.php?rest_route=\/wp\/v2\/posts\/6283\/revisions"}],"predecessor-version":[{"id":6315,"href":"https:\/\/aifonline.net\/index.php?rest_route=\/wp\/v2\/posts\/6283\/revisions\/6315"}],"wp:attachment":[{"href":"https:\/\/aifonline.net\/index.php?rest_route=%2Fwp%2Fv2%2Fmedia&parent=6283"}],"wp:term":[{"taxonomy":"category","embeddable":true,"href":"https:\/\/aifonline.net\/index.php?rest_route=%2Fwp%2Fv2%2Fcategories&post=6283"},{"taxonomy":"post_tag","embeddable":true,"href":"https:\/\/aifonline.net\/index.php?rest_route=%2Fwp%2Fv2%2Ftags&post=6283"},{"taxonomy":"table_tags","embeddable":true,"href":"https:\/\/aifonline.net\/index.php?rest_route=%2Fwp%2Fv2%2Ftable_tags&post=6283"}],"curies":[{"name":"wp","href":"https:\/\/api.w.org\/{rel}","templated":true}]}}