{"id":6325,"date":"2025-01-08T14:18:00","date_gmt":"2025-01-08T13:18:00","guid":{"rendered":"https:\/\/aifonline.net\/?p=6325"},"modified":"2025-01-08T15:11:37","modified_gmt":"2025-01-08T14:11:37","slug":"patronymes-eternels-ces-diamants","status":"publish","type":"post","link":"https:\/\/aifonline.net\/?p=6325","title":{"rendered":"Patronymes : Eternels ces diamants"},"content":{"rendered":"\n<p><em><strong>Par Alain Kaminski<\/strong><\/em><\/p>\n\n\n\n<p>Je l\u2019avais rencontr\u00e9, il fut le Pr\u00e9sident de l\u2019Association des anciens \u00e9l\u00e8ves de mon si cher lyc\u00e9e Jacques-Decour dans les ann\u00e9es 70. Le cin\u00e9aste <strong>Henri-Diamant Berger<\/strong>, d\u2019origine roumaine, nous \u00e9voque le patronyme <strong>Berger<\/strong> avec la racine germanique <em>berg<\/em>, la montagne, et <strong>Diamant<\/strong>, tr\u00e8s fr\u00e9quent chez les juifs ashk\u00e9nazes, cela \u00e9voque le nom du diamant lui-m\u00eame ou celui qui travaille les pierres pr\u00e9cieuses ou en faisait commerce. On trouvera ainsi des <strong>Diamant<\/strong>, des <strong>Dyamant<\/strong> ou des<strong> Dyament<\/strong>, beaucoup de <strong>Dymant<\/strong> ou <strong>Dyment<\/strong> et m\u00eame des <strong>Dymenstein<\/strong>, la pierre de diamant ou des<strong> Dymenfarb<\/strong>, la couleur du diamant. Parfois des <strong>Diamond<\/strong>, nombreux aussi dans la Communaut\u00e9 juive d\u2019Outre-Manche.<br>Le petit-fils d\u2019Henri Diamant-Berger, mon grand ami Fran\u00e7ois<strong> Lassner<\/strong> me rappelle, dans un autre registre, que <strong>Lass<\/strong> est un d\u00e9riv\u00e9 de <strong>Lazare<\/strong> ou<strong> Eliezer<\/strong>, en h\u00e9breu avec l\u2019aide de Dieu. Ce patronyme nous a donn\u00e9 des <strong>Lazarus<\/strong>, celui de Jacques <strong>Lazarus<\/strong>, install\u00e9 \u00e0 Alger et qui devint le directeur du Congr\u00e8s juif mondial pour l\u2019Afrique du Nord, celui de Pierre <strong>Lazareff<\/strong> qui, avec son \u00e9pouse H\u00e9l\u00e8ne <strong>Gordon-Lazareff<\/strong>, furent respectivement fondateurs de France-Soir et du magazine Elle.<br>Les <strong>Lass<\/strong> ne doivent pas pour autant \u00eatre confondus avec les <strong>Lask<\/strong> avec leurs d\u00e9riv\u00e9s <strong>Less<\/strong> ou<strong> Lessel<\/strong> ou <strong>Lassinger<\/strong> car leur lien est la ville polonaise de \u0141ask ou parfois Laskowicze en Galicie. Et encore moins avec les <strong>Lenczner<\/strong> dont l\u2019origine est la ville polonaise de \u0141\u0119nczna pr\u00e8s de Lublin o\u00f9 une communaut\u00e9 juive s\u2019installa en nombre d\u00e8s le XVI\u00e8me si\u00e8cle comme pourrait nous le confirmer la tr\u00e8s gentille Edith<strong> Lenczner<\/strong>, tr\u00e8s appr\u00e9ci\u00e9e dans la communaut\u00e9 juive de Paris.<\/p>\n","protected":false},"excerpt":{"rendered":"<p>Par Alain Kaminski Je l\u2019avais rencontr\u00e9, il fut le Pr\u00e9sident de l\u2019Association des anciens \u00e9l\u00e8ves de mon si cher lyc\u00e9e<\/p>\n","protected":false},"author":1,"featured_media":0,"comment_status":"open","ping_status":"open","sticky":false,"template":"","format":"standard","meta":{"_mi_skip_tracking":false,"_exactmetrics_sitenote_active":false,"_exactmetrics_sitenote_note":"","_exactmetrics_sitenote_category":0,"footnotes":""},"categories":[79],"tags":[],"table_tags":[],"_links":{"self":[{"href":"https:\/\/aifonline.net\/index.php?rest_route=\/wp\/v2\/posts\/6325"}],"collection":[{"href":"https:\/\/aifonline.net\/index.php?rest_route=\/wp\/v2\/posts"}],"about":[{"href":"https:\/\/aifonline.net\/index.php?rest_route=\/wp\/v2\/types\/post"}],"author":[{"embeddable":true,"href":"https:\/\/aifonline.net\/index.php?rest_route=\/wp\/v2\/users\/1"}],"replies":[{"embeddable":true,"href":"https:\/\/aifonline.net\/index.php?rest_route=%2Fwp%2Fv2%2Fcomments&post=6325"}],"version-history":[{"count":3,"href":"https:\/\/aifonline.net\/index.php?rest_route=\/wp\/v2\/posts\/6325\/revisions"}],"predecessor-version":[{"id":6362,"href":"https:\/\/aifonline.net\/index.php?rest_route=\/wp\/v2\/posts\/6325\/revisions\/6362"}],"wp:attachment":[{"href":"https:\/\/aifonline.net\/index.php?rest_route=%2Fwp%2Fv2%2Fmedia&parent=6325"}],"wp:term":[{"taxonomy":"category","embeddable":true,"href":"https:\/\/aifonline.net\/index.php?rest_route=%2Fwp%2Fv2%2Fcategories&post=6325"},{"taxonomy":"post_tag","embeddable":true,"href":"https:\/\/aifonline.net\/index.php?rest_route=%2Fwp%2Fv2%2Ftags&post=6325"},{"taxonomy":"table_tags","embeddable":true,"href":"https:\/\/aifonline.net\/index.php?rest_route=%2Fwp%2Fv2%2Ftable_tags&post=6325"}],"curies":[{"name":"wp","href":"https:\/\/api.w.org\/{rel}","templated":true}]}}