{"id":6386,"date":"2025-02-06T09:00:00","date_gmt":"2025-02-06T08:00:00","guid":{"rendered":"https:\/\/aifonline.net\/?p=6386"},"modified":"2025-02-06T12:09:06","modified_gmt":"2025-02-06T11:09:06","slug":"le-saviez-vous-leducation-avant-tout","status":"publish","type":"post","link":"https:\/\/aifonline.net\/?p=6386","title":{"rendered":"Le saviez-vous : L&#8217;\u00e9ducation avant tout"},"content":{"rendered":"\n<p><strong><em>Par Daniela Levy-Monatt<\/em><\/strong><\/p>\n\n\n\n<p>Vous \u00eates peut-\u00eatre d\u00e9j\u00e0 pass\u00e9s devant le lyc\u00e9e Camille S\u00e9e \u00e0 Paris 15\u00e8me ou peut-\u00eatre l&#8217;avez-vous fr\u00e9quent\u00e9.<br>Mais qui \u00e9tait Camille S\u00e9e et que la France lui doit-elle ?<br>Fils de Gerson S\u00e9e, Camille Salomon S\u00e9e, natif de Colmar, issu de la grande bourgeoisie juive alsacienne de la fin du XIX\u00e8me si\u00e8cle, fut un haut fonctionnaire mais aussi d\u00e9put\u00e9, sous-pr\u00e9fet et membre du Conseil d&#8217;Etat.<br>Il fut surtout \u00e0 l&#8217;origine d&#8217;une proposition de loi sur l&#8217;enseignement secondaire public pour les jeunes filles \u00e0 l&#8217;\u00e9poque o\u00f9 celui-ci relevait encore de l&#8217;Eglise.<br>C&#8217;est le 14 d\u00e9cembre 1880 qu&#8217;il obtint gain de cause apr\u00e8s des ann\u00e9es de bataille parlementaire et la promulgation de la loi institua les coll\u00e8ges et lyc\u00e9es publics pour les jeunes filles.<br>Camille S\u00e9e \u00e9tait un visionnaire, fortement habit\u00e9 par l&#8217;\u00e9galit\u00e9 des gar\u00e7ons et filles face \u00e0 l&#8217;enseignement.<br>Il a fallu malheureusement attendre la deuxi\u00e8me partie du XX\u00e8me si\u00e8cle pour instituer la mixit\u00e9 dans ces m\u00eames \u00e9tablissements.<\/p>\n","protected":false},"excerpt":{"rendered":"<p>Par Daniela Levy-Monatt Vous \u00eates peut-\u00eatre d\u00e9j\u00e0 pass\u00e9s devant le lyc\u00e9e Camille S\u00e9e \u00e0 Paris 15\u00e8me ou peut-\u00eatre l&#8217;avez-vous fr\u00e9quent\u00e9.Mais<\/p>\n","protected":false},"author":1,"featured_media":0,"comment_status":"open","ping_status":"open","sticky":false,"template":"","format":"standard","meta":{"_mi_skip_tracking":false,"_exactmetrics_sitenote_active":false,"_exactmetrics_sitenote_note":"","_exactmetrics_sitenote_category":0,"footnotes":""},"categories":[77],"tags":[],"table_tags":[],"_links":{"self":[{"href":"https:\/\/aifonline.net\/index.php?rest_route=\/wp\/v2\/posts\/6386"}],"collection":[{"href":"https:\/\/aifonline.net\/index.php?rest_route=\/wp\/v2\/posts"}],"about":[{"href":"https:\/\/aifonline.net\/index.php?rest_route=\/wp\/v2\/types\/post"}],"author":[{"embeddable":true,"href":"https:\/\/aifonline.net\/index.php?rest_route=\/wp\/v2\/users\/1"}],"replies":[{"embeddable":true,"href":"https:\/\/aifonline.net\/index.php?rest_route=%2Fwp%2Fv2%2Fcomments&post=6386"}],"version-history":[{"count":2,"href":"https:\/\/aifonline.net\/index.php?rest_route=\/wp\/v2\/posts\/6386\/revisions"}],"predecessor-version":[{"id":6456,"href":"https:\/\/aifonline.net\/index.php?rest_route=\/wp\/v2\/posts\/6386\/revisions\/6456"}],"wp:attachment":[{"href":"https:\/\/aifonline.net\/index.php?rest_route=%2Fwp%2Fv2%2Fmedia&parent=6386"}],"wp:term":[{"taxonomy":"category","embeddable":true,"href":"https:\/\/aifonline.net\/index.php?rest_route=%2Fwp%2Fv2%2Fcategories&post=6386"},{"taxonomy":"post_tag","embeddable":true,"href":"https:\/\/aifonline.net\/index.php?rest_route=%2Fwp%2Fv2%2Ftags&post=6386"},{"taxonomy":"table_tags","embeddable":true,"href":"https:\/\/aifonline.net\/index.php?rest_route=%2Fwp%2Fv2%2Ftable_tags&post=6386"}],"curies":[{"name":"wp","href":"https:\/\/api.w.org\/{rel}","templated":true}]}}