{"id":6465,"date":"2025-03-07T11:24:00","date_gmt":"2025-03-07T10:24:00","guid":{"rendered":"https:\/\/aifonline.net\/?p=6465"},"modified":"2025-03-07T12:11:20","modified_gmt":"2025-03-07T11:11:20","slug":"le-saviez-vous-un-pilier-de-la-musique-classique","status":"publish","type":"post","link":"https:\/\/aifonline.net\/?p=6465","title":{"rendered":"Le saviez-vous : Un pilier de la musique classique"},"content":{"rendered":"\n<p><strong><em>Par Daniela Levy-Monatt<\/em><\/strong><\/p>\n\n\n\n<p>Les trois c\u00e9l\u00e8bres orchestres cr\u00e9\u00e9s en France au XIX\u00e8me si\u00e8cle furent les concerts Lamoureux, Pasdeloup et Colonne.<br>Fils d&#8217;Abraham Colonna, issu d&#8217;une vieille famille juive portugaise, Judas Colonne devenu Edouard Colonne rendit son orchestre tr\u00e8s c\u00e9l\u00e8bre, une rue \u00e0 Paris porte le nom d&#8217;Edouard Colonne.<br>Les plus grands chefs d&#8217;orchestre du monde se feront conna\u00eetre \u00e0 Paris gr\u00e2ce aux invitations d&#8217;Edouard Colonne.<br>Pendant la deuxi\u00e8me guerre mondiale, les concerts Colonne furent d\u00e9baptis\u00e9s en concerts Piern\u00e9 parce qu&#8217;Edouard Colonne, mort en 1910, \u00e9tait juif. Ils retrouveront leur nom \u00e0 la Lib\u00e9ration.<br>Les concerts Colonne ont f\u00eat\u00e9 en 2024 leur 150\u00e8me anniversaire sous la direction de l&#8217;immense Jean-Claude Casadessus qui y avait fait ses premi\u00e8res armes comme timbalier.<br>Respect Monsieur Colonne.<\/p>\n","protected":false},"excerpt":{"rendered":"<p>Par Daniela Levy-Monatt Les trois c\u00e9l\u00e8bres orchestres cr\u00e9\u00e9s en France au XIX\u00e8me si\u00e8cle furent les concerts Lamoureux, Pasdeloup et Colonne.Fils<\/p>\n","protected":false},"author":1,"featured_media":0,"comment_status":"open","ping_status":"open","sticky":false,"template":"","format":"standard","meta":{"_mi_skip_tracking":false,"_exactmetrics_sitenote_active":false,"_exactmetrics_sitenote_note":"","_exactmetrics_sitenote_category":0,"footnotes":""},"categories":[77],"tags":[],"table_tags":[],"_links":{"self":[{"href":"https:\/\/aifonline.net\/index.php?rest_route=\/wp\/v2\/posts\/6465"}],"collection":[{"href":"https:\/\/aifonline.net\/index.php?rest_route=\/wp\/v2\/posts"}],"about":[{"href":"https:\/\/aifonline.net\/index.php?rest_route=\/wp\/v2\/types\/post"}],"author":[{"embeddable":true,"href":"https:\/\/aifonline.net\/index.php?rest_route=\/wp\/v2\/users\/1"}],"replies":[{"embeddable":true,"href":"https:\/\/aifonline.net\/index.php?rest_route=%2Fwp%2Fv2%2Fcomments&post=6465"}],"version-history":[{"count":2,"href":"https:\/\/aifonline.net\/index.php?rest_route=\/wp\/v2\/posts\/6465\/revisions"}],"predecessor-version":[{"id":6533,"href":"https:\/\/aifonline.net\/index.php?rest_route=\/wp\/v2\/posts\/6465\/revisions\/6533"}],"wp:attachment":[{"href":"https:\/\/aifonline.net\/index.php?rest_route=%2Fwp%2Fv2%2Fmedia&parent=6465"}],"wp:term":[{"taxonomy":"category","embeddable":true,"href":"https:\/\/aifonline.net\/index.php?rest_route=%2Fwp%2Fv2%2Fcategories&post=6465"},{"taxonomy":"post_tag","embeddable":true,"href":"https:\/\/aifonline.net\/index.php?rest_route=%2Fwp%2Fv2%2Ftags&post=6465"},{"taxonomy":"table_tags","embeddable":true,"href":"https:\/\/aifonline.net\/index.php?rest_route=%2Fwp%2Fv2%2Ftable_tags&post=6465"}],"curies":[{"name":"wp","href":"https:\/\/api.w.org\/{rel}","templated":true}]}}