{"id":6467,"date":"2025-02-20T14:05:21","date_gmt":"2025-02-20T13:05:21","guid":{"rendered":"https:\/\/aifonline.net\/?p=6467"},"modified":"2025-03-07T23:01:53","modified_gmt":"2025-03-07T22:01:53","slug":"actualite-projection-du-film-premier-convoi","status":"publish","type":"post","link":"https:\/\/aifonline.net\/?p=6467","title":{"rendered":"Cin\u00e9ma : Projection du film\u00a0Premier Convoi"},"content":{"rendered":"\n<p><em><strong>Par Jacques Bron\u00e8s<\/strong><\/em><\/p>\n\n\n\n<p><strong>Date\u00a0: 31\/03\/2025 <br>Lieu\u00a0: Auditorium de l&#8217;H\u00f4tel de Ville de Paris<\/strong><\/p>\n\n\n\n<p>L\u2019association CONVOI 1 regroupe\u00a0des descendantes et descendants des d\u00e9port\u00e9s du premier convoi parti de Drancy puis de Compi\u00e8gne le 27 mars 1942, \u00e0 destination d&#8217;Auschwitz. Son\u00a0objet est de perp\u00e9tuer le souvenir de ces hommes, leur histoire, leur destin afin de les faire conna\u00eetre \u00e0 un public le plus large possible. Elle est ouverte \u00e0\u00a0tous ceux qui, en tant que citoyennes et citoyens, souhaitent s\u2019y associer. <br>\u00c0 l\u2019occasion de la date anniversaire de ce d\u00e9part, l\u2019association\u00a0CONVOI 1\u00a0organise, sous le patronage de Laurence Patrice, adjointe \u00e0 la Mairie de Paris charg\u00e9e de la M\u00e9moire et du Monde combattant, la projection du film\u00a0<em>Premier Convoi<\/em>\u00a0le\u00a0lundi 31 mars 2025 \u00e0 18h00\u00a0\u00e0 l\u2019Auditorium de l\u2019H\u00f4tel de Ville de Paris. La projection sera suivie d\u2019un \u00e9change auquel participeront le\u00a0r\u00e9alisateur Pierre-Oscar L\u00e9vy et Nicolas Morzelle, doctorant et auteur du m\u00e9moire de master \u00ab Le convoi n\u00b01 du 27 mars 1942 &#8211; Entre pers\u00e9cution et\u00a0repr\u00e9sailles : le premier convoi de d\u00e9portation des Juifs de France \u00bb Universit\u00e9 de Caen.<\/p>\n\n\n<div class=\"wp-block-image\">\n<figure class=\"aligncenter size-full\"><img decoding=\"async\" loading=\"lazy\" width=\"650\" height=\"480\" src=\"https:\/\/aifonline.net\/wp-content\/uploads\/2025\/02\/premier_convoi_film.jpg\" alt=\"\" class=\"wp-image-6473\" srcset=\"https:\/\/aifonline.net\/wp-content\/uploads\/2025\/02\/premier_convoi_film.jpg 650w, https:\/\/aifonline.net\/wp-content\/uploads\/2025\/02\/premier_convoi_film-300x222.jpg 300w\" sizes=\"(max-width: 650px) 100vw, 650px\" \/><figcaption class=\"wp-element-caption\">Premier convoi, film de Pierre-Oscar L\u00e9vy<\/figcaption><\/figure><\/div>","protected":false},"excerpt":{"rendered":"<p>Par Jacques Bron\u00e8s Date\u00a0: 31\/03\/2025 Lieu\u00a0: Auditorium de l&#8217;H\u00f4tel de Ville de Paris L\u2019association CONVOI 1 regroupe\u00a0des descendantes et descendants<\/p>\n","protected":false},"author":1,"featured_media":0,"comment_status":"open","ping_status":"open","sticky":false,"template":"","format":"standard","meta":{"_mi_skip_tracking":false,"_exactmetrics_sitenote_active":false,"_exactmetrics_sitenote_note":"","_exactmetrics_sitenote_category":0,"footnotes":""},"categories":[90],"tags":[],"table_tags":[],"_links":{"self":[{"href":"https:\/\/aifonline.net\/index.php?rest_route=\/wp\/v2\/posts\/6467"}],"collection":[{"href":"https:\/\/aifonline.net\/index.php?rest_route=\/wp\/v2\/posts"}],"about":[{"href":"https:\/\/aifonline.net\/index.php?rest_route=\/wp\/v2\/types\/post"}],"author":[{"embeddable":true,"href":"https:\/\/aifonline.net\/index.php?rest_route=\/wp\/v2\/users\/1"}],"replies":[{"embeddable":true,"href":"https:\/\/aifonline.net\/index.php?rest_route=%2Fwp%2Fv2%2Fcomments&post=6467"}],"version-history":[{"count":10,"href":"https:\/\/aifonline.net\/index.php?rest_route=\/wp\/v2\/posts\/6467\/revisions"}],"predecessor-version":[{"id":6545,"href":"https:\/\/aifonline.net\/index.php?rest_route=\/wp\/v2\/posts\/6467\/revisions\/6545"}],"wp:attachment":[{"href":"https:\/\/aifonline.net\/index.php?rest_route=%2Fwp%2Fv2%2Fmedia&parent=6467"}],"wp:term":[{"taxonomy":"category","embeddable":true,"href":"https:\/\/aifonline.net\/index.php?rest_route=%2Fwp%2Fv2%2Fcategories&post=6467"},{"taxonomy":"post_tag","embeddable":true,"href":"https:\/\/aifonline.net\/index.php?rest_route=%2Fwp%2Fv2%2Ftags&post=6467"},{"taxonomy":"table_tags","embeddable":true,"href":"https:\/\/aifonline.net\/index.php?rest_route=%2Fwp%2Fv2%2Ftable_tags&post=6467"}],"curies":[{"name":"wp","href":"https:\/\/api.w.org\/{rel}","templated":true}]}}