{"id":6509,"date":"2025-03-07T11:30:00","date_gmt":"2025-03-07T10:30:00","guid":{"rendered":"https:\/\/aifonline.net\/?p=6509"},"modified":"2025-03-07T22:25:44","modified_gmt":"2025-03-07T21:25:44","slug":"billet-lagresseur-agresse","status":"publish","type":"post","link":"https:\/\/aifonline.net\/?p=6509","title":{"rendered":"Billet : Attention aux pens\u00e9es s\u00e9lectives"},"content":{"rendered":"\n<p><strong><em>Par Alain Kaminski<\/em><\/strong><\/p>\n\n\n\n<p>Le Pr\u00e9sident de la R\u00e9publique l\u2019a bien rappel\u00e9 au lendemain de l\u2019\u00e9change houleux entre Donald Trump et Volodymyr Zelensky et \u00e0 la faveur de son intervention t\u00e9l\u00e9vis\u00e9e \u00ab\u00a0<em>Dans cette guerre entre la Russie et l\u2019Ukraine, il y a un agresseur<\/em> <em>et un agress\u00e9<\/em>, et d\u2019ajouter quelques jours plus tard, <em>que \u00ab\u00a0la Russie n\u2019est plus digne de confiance, qu\u2019elle est une menace r\u00e9elle pour la paix en Europe\u00a0\u00bb. <\/em>Il a parfaitement raison, nul ne pourrait en disconvenir.<br>Mais sur un air doucereux, il pateline et son propos ne passe plus faute de cr\u00e9dibilit\u00e9, faute d\u2019envergure politique. Quand on s\u2019exprime de la sorte, le discours ne doit pas avoir d\u2019ant\u00e9c\u00e9dents s\u00e9lectifs, la coh\u00e9rence doit toujours \u00eatre au rendez-vous. Le pr\u00e9sident a maintes fois navigu\u00e9, louvoy\u00e9, il avait os\u00e9 d\u2019ailleurs transformer des agresseurs en agress\u00e9s \u00e0 l\u2019instar des criminels palestiniens agresseurs qu\u2019il a consid\u00e9r\u00e9 comme agress\u00e9s en refusant de livrer des armes \u00e0 Isra\u00ebl pour se d\u00e9fendre.<br>Il regrette l\u2019humiliation inflig\u00e9e au pr\u00e9sident ukrainien mais subit lui-m\u00eame celle du gouvernement alg\u00e9rien. Il assiste \u00e0 travers toute la France \u00e0 une d\u00e9ferlante d\u2019antis\u00e9mitisme organis\u00e9e par des groupes parlementaires \u00e0 la solde d\u2019un parti d\u2019extr\u00eame-gauche qui bichonne ses \u00e9lus comme une harde prot\u00e8ge ses z\u00e9breaux, sans proposer la dissolution de cette formation alors qu\u2019elle pr\u00f4ne l\u2019abolition de la loi condamnant le terrorisme, qu\u2019elle crache sa haine des juifs au quotidien. Finalement, il arrive \u00e0 s\u2019\u00e9mouvoir de tout sans ne jamais rien ressentir, un intermittent du c\u0153ur en quelque sorte.<br>Son \u00e9motion, on l\u2019attendait pour r\u00e9agir en voyant le Hamas \u00e9changer des cadavres contre des criminels.<br>Son \u00e9motion, on n\u2019y croit plus pendant que des terroristes d\u00e9tiennent des otages qu\u2019ils laissent mourir ou qu\u2019ils assassinent jusqu\u2019\u00e0 \u00e9trangler des enfants.<br>S\u2019il veut devenir le ma\u00eetre des horloges en Europe, qu\u2019il commence par exiger le jour et l\u2019heure du retour des otages, qu\u2019il le clame haut et fort devant les cam\u00e9ras du monde entier. Les familles des otages ont besoin du soutien des dirigeants du monde entier, c\u2019est le moment ou jamais.<br>Dans cette ar\u00e8ne internationale, le pr\u00e9sident de la R\u00e9publique veut encore guigner un c\u00e9sar du meilleur second r\u00f4le mais il n\u2019est nomin\u00e9 que par lui-m\u00eame et force est de constater que c\u2019est le pr\u00e9sident am\u00e9ricain qui pr\u00e9side le jury. Les USA sont dirig\u00e9s par un homme d\u2019affaires qui dirige son pays en homme d\u2019affaires, sans rien perdre de sa superbe, avec tous les travers imaginables, l\u2019arrogance et le m\u00e9pris en d\u00e9cor de vitrine.<br>La vieille Europe n\u2019arrive m\u00eame pas \u00e0 mettre d\u2019accord ses dirigeants, elle n\u2019arrive m\u00eame pas \u00e0 \u00e9loigner certains de leur sin\u00e9cure et leur pr\u00e9bende pendant que notre vieux continent s\u2019islamise lentement mais s\u00fbrement. Deux guerres menacent l\u2019Europe aujourd\u2019hui, une guerre de territoires avec la Russie et une guerre de civilisations avec l\u2019islamisme.<br>Il ne faudrait pas que les dispositions pr\u00e9conis\u00e9es pour l\u2019une effacent le danger permanent de l\u2019autre.<br>Au banc de l\u2019\u00e9loquence, notre pr\u00e9sident nous apporte ses conclusions mais le discernement reste une priorit\u00e9 quand l\u2019inqui\u00e9tude grandit.<\/p>\n","protected":false},"excerpt":{"rendered":"<p>Par Alain Kaminski Le Pr\u00e9sident de la R\u00e9publique l\u2019a bien rappel\u00e9 au lendemain de l\u2019\u00e9change houleux entre Donald Trump et<\/p>\n","protected":false},"author":1,"featured_media":0,"comment_status":"open","ping_status":"open","sticky":false,"template":"","format":"standard","meta":{"_mi_skip_tracking":false,"_exactmetrics_sitenote_active":false,"_exactmetrics_sitenote_note":"","_exactmetrics_sitenote_category":0,"footnotes":""},"categories":[4],"tags":[],"table_tags":[],"_links":{"self":[{"href":"https:\/\/aifonline.net\/index.php?rest_route=\/wp\/v2\/posts\/6509"}],"collection":[{"href":"https:\/\/aifonline.net\/index.php?rest_route=\/wp\/v2\/posts"}],"about":[{"href":"https:\/\/aifonline.net\/index.php?rest_route=\/wp\/v2\/types\/post"}],"author":[{"embeddable":true,"href":"https:\/\/aifonline.net\/index.php?rest_route=\/wp\/v2\/users\/1"}],"replies":[{"embeddable":true,"href":"https:\/\/aifonline.net\/index.php?rest_route=%2Fwp%2Fv2%2Fcomments&post=6509"}],"version-history":[{"count":8,"href":"https:\/\/aifonline.net\/index.php?rest_route=\/wp\/v2\/posts\/6509\/revisions"}],"predecessor-version":[{"id":6537,"href":"https:\/\/aifonline.net\/index.php?rest_route=\/wp\/v2\/posts\/6509\/revisions\/6537"}],"wp:attachment":[{"href":"https:\/\/aifonline.net\/index.php?rest_route=%2Fwp%2Fv2%2Fmedia&parent=6509"}],"wp:term":[{"taxonomy":"category","embeddable":true,"href":"https:\/\/aifonline.net\/index.php?rest_route=%2Fwp%2Fv2%2Fcategories&post=6509"},{"taxonomy":"post_tag","embeddable":true,"href":"https:\/\/aifonline.net\/index.php?rest_route=%2Fwp%2Fv2%2Ftags&post=6509"},{"taxonomy":"table_tags","embeddable":true,"href":"https:\/\/aifonline.net\/index.php?rest_route=%2Fwp%2Fv2%2Ftable_tags&post=6509"}],"curies":[{"name":"wp","href":"https:\/\/api.w.org\/{rel}","templated":true}]}}