{"id":6512,"date":"2025-03-07T11:21:00","date_gmt":"2025-03-07T10:21:00","guid":{"rendered":"https:\/\/aifonline.net\/?p=6512"},"modified":"2025-03-07T22:52:07","modified_gmt":"2025-03-07T21:52:07","slug":"cinema-the-brutalist","status":"publish","type":"post","link":"https:\/\/aifonline.net\/?p=6512","title":{"rendered":"Cin\u00e9ma : The Brutalist"},"content":{"rendered":"\n<p><strong><em>Par Dany Sebon<\/em><\/strong><\/p>\n\n\n\n<p>Titre&nbsp;: The Brutalist<br>Ann\u00e9e : 2024<br>R\u00e9alisateur&nbsp;: Brady Corbet<br>Dur\u00e9e&nbsp;:&nbsp;3h35<\/p>\n\n\n\n<p>Passionn\u00e9 de cin\u00e9ma et habitu\u00e9 des salles obscures, j\u2019ai pris un infini plaisir en assistant \u00e0 la projection du film r\u00e9cemment sorti, The Brutalist, et qui fait d\u00e9j\u00e0 l\u2019unanimit\u00e9, mais dont la longueur (3 h 35) peut sembler r\u00e9barbative.<br>Pourtant, il ne faut surtout pas que la dur\u00e9e plut\u00f4t longue de ce film vous&nbsp;rebute et soit un handicap vous emp\u00eachant de voir une des plus belles \u0153uvres cin\u00e9matographiques de cette derni\u00e8re d\u00e9cennie.<br>Il convient de pr\u00e9ciser que The Brutalist est projet\u00e9 en deux parties, avec au milieu de la s\u00e9ance un entre acte permettant de souffler un peu.<\/p>\n\n\n<div class=\"wp-block-image\">\n<figure class=\"aligncenter size-large\"><img decoding=\"async\" loading=\"lazy\" width=\"753\" height=\"1024\" src=\"https:\/\/aifonline.net\/wp-content\/uploads\/2025\/03\/the_brutalist-753x1024.jpg\" alt=\"\" class=\"wp-image-6514\" srcset=\"https:\/\/aifonline.net\/wp-content\/uploads\/2025\/03\/the_brutalist-753x1024.jpg 753w, https:\/\/aifonline.net\/wp-content\/uploads\/2025\/03\/the_brutalist-221x300.jpg 221w, https:\/\/aifonline.net\/wp-content\/uploads\/2025\/03\/the_brutalist-768x1044.jpg 768w, https:\/\/aifonline.net\/wp-content\/uploads\/2025\/03\/the_brutalist.jpg 1000w\" sizes=\"(max-width: 753px) 100vw, 753px\" \/><figcaption class=\"wp-element-caption\">The Brutalist<\/figcaption><\/figure><\/div>\n\n\n<p>Il s\u2019agit d\u2019une histoire aux nombreux rebondissements d\u2019un architecte juif hongrois se nommant Laslo Toth, incarn\u00e9 de prodigieuse fa\u00e7on par Adrien Brody qui avait d\u00e9j\u00e0 fait ses preuves d\u2019acteur hors normes pour le film\u00a0<em>Le\u00a0pianiste<\/em>\u00a0(2002), de Roman Polanski et dans lequel de nombreux cin\u00e9philes l\u2019avaient d\u00e9couvert.<br>Il d\u00e9montra\u00a0ainsi\u00a0qu\u2019il \u00e9tait un com\u00e9dien de g\u00e9nie, et apr\u00e8s de nombreux films, il r\u00e9it\u00e8re \u00e0 pr\u00e9sent cet exploit\u00a0en cr\u00e9ant cette performance exceptionnelle vingt-deux ans plus tard dans ce Brutalist qui est un film extr\u00eamement puissant o\u00f9 l\u2019acteur se r\u00e9v\u00e8le une fois de plus exceptionnel, en interpr\u00e9tant le r\u00f4le de cet architecte n\u2019ayant pas r\u00e9ellement\u00a0exist\u00e9.<br>Et pourtant gr\u00e2ce au talent du r\u00e9alisateur Brady Corbet et des sc\u00e9naristes du film, on ressent une grande sinc\u00e9rit\u00e9 dans cette histoire extraordinaire dont les intervenants sont tous irr\u00e9prochables.<br>Brady Corbet et ses auteurs ont imagin\u00e9 un personnage fort qui appara\u00eetrait comme\u00a0une synth\u00e8se de diff\u00e9rents immigr\u00e9s d\u2019origine hongroise, vivant aux Etats Unis \u00e0 l\u2019\u00e9poque et ce dans ce contexte si particulier que fut l\u2019apr\u00e8s-guerre.<br>En effet le film se d\u00e9roule sur une trentaine d\u2019ann\u00e9es, et d\u00e9bute apr\u00e8s la seconde guerre mondiale, o\u00f9 Laslo Toth, ce h\u00e9ros fictif, survivant de l\u2019Holocauste et\u00a0rescap\u00e9 du camp de concentration de Buchenwald, \u00e9migre sans famille aux Etats Unis pour sans doute vivre le r\u00eave am\u00e9ricain.<br>Son \u00e9pouse \u00e9tant quant \u00e0 elle bloqu\u00e9e\u00a0en Europe en raison d\u2019une mauvaise sant\u00e9, Toth arrive \u00e0 s\u2019embarquer sur un navire accostant \u00e0 New York, il la retrouvera quelques temps plus tard, elle \u00e9tait accompagn\u00e9e de sa ni\u00e8ce.<br>Une fois descendu du bateau, il aper\u00e7oit la statue de la Libert\u00e9, puis il\u00a0prit un car pour Philadelphie o\u00f9 r\u00e9sidait un parent, notre h\u00e9ros (on peut l\u2019appeler ainsi), \u00e9tait architecte de formation, disciple de l\u2019\u00e9cole du Bauhaus avant la guerre.<br>Au cours du r\u00e9cit, on ne peut que constater les difficult\u00e9s d\u2019adaptation de Toth sur le sol am\u00e9ricain, se heurtant le plus souvent \u00e0 des propos racistes, voire antis\u00e9mites, et l\u2019on constate que son insertion dans la soci\u00e9t\u00e9 am\u00e9ricaine\u00a0ne fut pas une mince affaire.<br>On comprend assez vite que le parcours de Toth\/Brody fut sem\u00e9 d\u2019emb\u00fbches et qu\u2019il devait\u00a0les surmonter gr\u00e2ce entre autres \u00e0 son talent d\u2019architecte, cependant\u00a0il \u00e9tait victime d\u2019une addiction \u00e0 certaines substances et ceci, de fait, contraria et ralentit manifestement ses projets.<br>Son v\u00e9ritable employeur am\u00e9ricain \u00e9tant de plus un homme au comportement ambigu, dont Toth\/Brody aura bien du mal \u00e0 se d\u00e9faire en ne comprenant pas vraiment la d\u00e9marche et la complexit\u00e9 de celui-ci.<br>L\u2019architecte se servira d\u2019ailleurs de ses comp\u00e9tences professionnelles\u00a0pour \u00e9chafauder des sortes de b\u00e2timents ultramodernes pour l\u2019\u00e9poque, con\u00e7us de telle fa\u00e7on que la lumi\u00e8re du jour brillait \u00e0 des endroits bien pr\u00e9cis et calcul\u00e9s en amont, c\u2019\u00e9tait une petite r\u00e9volution architecturale qui contrastait avec les constructions traditionnelles.<br>Cette technique d\u2019avant-garde fut tr\u00e8s appr\u00e9ci\u00e9e par ses employeurs et il l\u2019avait certainement d\u00e9velopp\u00e9e lors de son internement dans les camps nazis o\u00f9 la lumi\u00e8re du jour \u00e9tait inexistante.<br>Apr\u00e8s un parcours de vie ultra chaotique Toth\/Brody et au cr\u00e9puscule\u00a0de son existence, il se rendra en Isra\u00ebl pour y terminer sa vie.<br>Le r\u00e9alisateur Brady Corbet signe avec The Brutalist une \u0153uvre majeure qui marquera tr\u00e8s certainement le septi\u00e8me art par la justesse et l\u2019ampleur de son propos extr\u00eamement bien ficel\u00e9.<br>Mention sp\u00e9ciale bien \u00e9videment pour\u00a0Adrien Brody qui s\u2019est rem\u00e9mor\u00e9 et inspir\u00e9 de ses origines hongroises pour donner corps et vie \u00e0 son personnage haut en couleurs.<br>Il est une valeur s\u00fbre du cin\u00e9ma am\u00e9ricain, un acteur investi de bout en bout durant ce film, arrivant m\u00eame \u00e0 se transcender pour ce r\u00f4le.<br>Le jury de la C\u00e9r\u00e9monie des Oscars d\u2019ailleurs\u00a0ne s\u2019y est pas tromp\u00e9 en lui d\u00e9cernant\u00a0haut la main l\u2019Oscar du meilleur acteur de l\u2019ann\u00e9e 2024.<br>Ce grand com\u00e9dien\u00a0d\u00e9montre s\u2019il en \u00e9tait besoin l\u2019\u00e9tendue de son immense talent, il cr\u00e8ve l\u2019\u00e9cran dans ce film, il se situe dans la mouvance des monstres sacr\u00e9s hollywoodiens que sont Robert de Niro, Al Pacino, Morgan Freeman ou Jack Nicholson (entres autres g\u00e9ants), et qui ont fait la gloire du cin\u00e9ma\u00a0d\u2019outre Atlantique.<br>J\u2019esp\u00e8re vivement vous avoir donner envie de d\u00e9couvrir ce chef d\u2019\u0153uvre du cin\u00e9ma contemporain, et si j\u2019y suis un peu parvenu, cela suffira \u00e0 ma satisfaction, alors rendez-vous dans les salles pour d\u2019autres aventures. <\/p>\n","protected":false},"excerpt":{"rendered":"<p>Par Dany Sebon Titre&nbsp;: The BrutalistAnn\u00e9e : 2024R\u00e9alisateur&nbsp;: Brady CorbetDur\u00e9e&nbsp;:&nbsp;3h35 Passionn\u00e9 de cin\u00e9ma et habitu\u00e9 des salles obscures, j\u2019ai pris<\/p>\n","protected":false},"author":1,"featured_media":0,"comment_status":"open","ping_status":"open","sticky":false,"template":"","format":"standard","meta":{"_mi_skip_tracking":false,"_exactmetrics_sitenote_active":false,"_exactmetrics_sitenote_note":"","_exactmetrics_sitenote_category":0,"footnotes":""},"categories":[6],"tags":[],"table_tags":[],"_links":{"self":[{"href":"https:\/\/aifonline.net\/index.php?rest_route=\/wp\/v2\/posts\/6512"}],"collection":[{"href":"https:\/\/aifonline.net\/index.php?rest_route=\/wp\/v2\/posts"}],"about":[{"href":"https:\/\/aifonline.net\/index.php?rest_route=\/wp\/v2\/types\/post"}],"author":[{"embeddable":true,"href":"https:\/\/aifonline.net\/index.php?rest_route=\/wp\/v2\/users\/1"}],"replies":[{"embeddable":true,"href":"https:\/\/aifonline.net\/index.php?rest_route=%2Fwp%2Fv2%2Fcomments&post=6512"}],"version-history":[{"count":8,"href":"https:\/\/aifonline.net\/index.php?rest_route=\/wp\/v2\/posts\/6512\/revisions"}],"predecessor-version":[{"id":6542,"href":"https:\/\/aifonline.net\/index.php?rest_route=\/wp\/v2\/posts\/6512\/revisions\/6542"}],"wp:attachment":[{"href":"https:\/\/aifonline.net\/index.php?rest_route=%2Fwp%2Fv2%2Fmedia&parent=6512"}],"wp:term":[{"taxonomy":"category","embeddable":true,"href":"https:\/\/aifonline.net\/index.php?rest_route=%2Fwp%2Fv2%2Fcategories&post=6512"},{"taxonomy":"post_tag","embeddable":true,"href":"https:\/\/aifonline.net\/index.php?rest_route=%2Fwp%2Fv2%2Ftags&post=6512"},{"taxonomy":"table_tags","embeddable":true,"href":"https:\/\/aifonline.net\/index.php?rest_route=%2Fwp%2Fv2%2Ftable_tags&post=6512"}],"curies":[{"name":"wp","href":"https:\/\/api.w.org\/{rel}","templated":true}]}}