{"id":6551,"date":"2025-04-05T09:59:00","date_gmt":"2025-04-05T07:59:00","guid":{"rendered":"https:\/\/aifonline.net\/?p=6551"},"modified":"2025-04-05T10:18:09","modified_gmt":"2025-04-05T08:18:09","slug":"patronymes-prenez-en-de-la-graine","status":"publish","type":"post","link":"https:\/\/aifonline.net\/?p=6551","title":{"rendered":"Patronymes : Prenez-en de la graine"},"content":{"rendered":"\n<p><strong><em>Par Alain Kaminski<\/em><\/strong><\/p>\n\n\n\n<p>C\u2019est vrai qu\u2019il \u00e9tait d\u00e9licieux le g\u00e2teau aux graines de pavot de ma grand-m\u00e8re \u00e0 Menton. Mais peut-\u00eatre d\u2019autres grands-m\u00e8res en pr\u00e9paraient \u00e9galement et ce pavot, nous le retrouvons r\u00e9guli\u00e8rement sur nos tables. Nos amis juifs tunisiens, nos \u00ab&nbsp;tunes&nbsp;\u00bb, comptent beaucoup de <strong>Coskas, <\/strong>de<strong> Koskas<\/strong> ou <strong>Coscas<\/strong> voire des <strong>Koshkash<\/strong> de l\u2019arabe <em>khashkas<\/em> qui signifie le pavot. Autrement dit, pour celles et ceux qui pensaient que le <em>as<\/em> \u00e0 la fin venait du grec ou du lituanien, c\u2019est rat\u00e9. Mais n\u2019oublions pas les autres, <strong>Mak,<\/strong> en polonais le pavot, nous a donn\u00e9 nos <strong>Makowski <\/strong>et des <strong>Makowie\u0107<\/strong>, des <strong>M\u00e0kos<\/strong> chez nos juifs hongrois et des<strong> M\u00e0kovy<\/strong> chez nos juifs tch\u00e8ques et slovaques. Sur le march\u00e9 de Vintimille, un juif italien, un <em>ebreo<\/em> comme il se disait, vendait des g\u00e2teaux et se nommait lui-m\u00eame <strong>Papavero<\/strong>, le pavot en italien. Les graines de pavot se retrouvaient dans de nombreuses p\u00e2tisseries, des familles juives stambouliotes se nomm\u00e8rent <strong>Khaskash<\/strong>, le pavot en turc. On ne confondra pas, bien entendu, avec les <strong>Corcos<\/strong> ou <strong>Karkous<\/strong> qui, eux, ont pour origine la ville espagnole de Corcos dans la province de Valladolid.<br>Alors pourquoi tous ces patronymes li\u00e9s au pavot, me direz-vous&nbsp;? On pourrait imaginer que ces noms furent attribu\u00e9s aux consommateurs d\u2019opium, aux cultivateurs de ces plantes herbac\u00e9es, mais le lien semble plus probable avec les m\u00e9tiers de la p\u00e2tisserie. Si les anciens comme moi se souviennent des paroles de Mouloudji, \u00ab&nbsp;gentils coquelicots mesdames&nbsp;\u00bb, le coquelicot est lui aussi un pavot et on aime bien voir les coquelicots. D\u2019autres penseront \u00e0 Meyer <strong>Koskas<\/strong>, journaliste et r\u00e9dacteur de plusieurs journaux jud\u00e9o-arabes en Tunisie au d\u00e9but du&nbsp;si\u00e8cle dernier.<\/p>\n","protected":false},"excerpt":{"rendered":"<p>Par Alain Kaminski C\u2019est vrai qu\u2019il \u00e9tait d\u00e9licieux le g\u00e2teau aux graines de pavot de ma grand-m\u00e8re \u00e0 Menton. Mais<\/p>\n","protected":false},"author":1,"featured_media":0,"comment_status":"open","ping_status":"open","sticky":false,"template":"","format":"standard","meta":{"_mi_skip_tracking":false,"_exactmetrics_sitenote_active":false,"_exactmetrics_sitenote_note":"","_exactmetrics_sitenote_category":0,"footnotes":""},"categories":[79],"tags":[],"table_tags":[],"_links":{"self":[{"href":"https:\/\/aifonline.net\/index.php?rest_route=\/wp\/v2\/posts\/6551"}],"collection":[{"href":"https:\/\/aifonline.net\/index.php?rest_route=\/wp\/v2\/posts"}],"about":[{"href":"https:\/\/aifonline.net\/index.php?rest_route=\/wp\/v2\/types\/post"}],"author":[{"embeddable":true,"href":"https:\/\/aifonline.net\/index.php?rest_route=\/wp\/v2\/users\/1"}],"replies":[{"embeddable":true,"href":"https:\/\/aifonline.net\/index.php?rest_route=%2Fwp%2Fv2%2Fcomments&post=6551"}],"version-history":[{"count":4,"href":"https:\/\/aifonline.net\/index.php?rest_route=\/wp\/v2\/posts\/6551\/revisions"}],"predecessor-version":[{"id":6555,"href":"https:\/\/aifonline.net\/index.php?rest_route=\/wp\/v2\/posts\/6551\/revisions\/6555"}],"wp:attachment":[{"href":"https:\/\/aifonline.net\/index.php?rest_route=%2Fwp%2Fv2%2Fmedia&parent=6551"}],"wp:term":[{"taxonomy":"category","embeddable":true,"href":"https:\/\/aifonline.net\/index.php?rest_route=%2Fwp%2Fv2%2Fcategories&post=6551"},{"taxonomy":"post_tag","embeddable":true,"href":"https:\/\/aifonline.net\/index.php?rest_route=%2Fwp%2Fv2%2Ftags&post=6551"},{"taxonomy":"table_tags","embeddable":true,"href":"https:\/\/aifonline.net\/index.php?rest_route=%2Fwp%2Fv2%2Ftable_tags&post=6551"}],"curies":[{"name":"wp","href":"https:\/\/api.w.org\/{rel}","templated":true}]}}