{"id":6582,"date":"2025-04-05T10:02:47","date_gmt":"2025-04-05T08:02:47","guid":{"rendered":"https:\/\/aifonline.net\/?p=6582"},"modified":"2025-04-06T09:19:25","modified_gmt":"2025-04-06T07:19:25","slug":"billet-antisemitisme-le-volcan-est-en-eruption","status":"publish","type":"post","link":"https:\/\/aifonline.net\/?p=6582","title":{"rendered":"Billet : Antis\u00e9mitisme, le volcan est en \u00e9ruption"},"content":{"rendered":"\n<p><strong><em>Par Alain Kaminski<\/em><\/strong><\/p>\n\n\n\n<p>Elles s\u2019affichent d\u00e9sormais diff\u00e9remment mais elles crachent toujours le m\u00eame venin qui s\u2019infiltre partout car il lui est permis de le faire et ce qui est inqui\u00e9tant voire pr\u00e9occupant est qu\u2019on l\u2019invite, qu\u2019on le re\u00e7oive et qu\u2019on le constitue, qu\u2019on\u00a0l\u2019accompagne, qu\u2019on l\u2019encourage, qu\u2019on lui fasse honneur.<br>Ce venin, ce poison c\u2019est bien l\u2019antis\u00e9mitisme avec son faux-nez qu\u2019est le soutien au peuple palestinien. Et ce qui \u00e9tait \u00e0 craindre est en train de se produire,\u00a0l\u2019antisionisme dispara\u00eet d\u00e9sormais au profit d\u2019un antis\u00e9mitisme d\u00e9complex\u00e9, celui qui a pignon sur rue et qui profite de chaque manifestation\u00a0pour r\u00e9pandre\u00a0ses effluves. Les drapeaux palestiniens sont au-devant de la sc\u00e8ne et sous les projecteurs avec une haine des juifs au c\u0153ur de ces d\u00e9fil\u00e9s drap\u00e9s dans leur\u00a0f\u00e9tidit\u00e9. On s\u2019oppose \u00e0 une r\u00e9forme des retraites, on d\u00e9fend la cause des femmes, on lutte pour un meilleur pouvoir d\u2019achat\u2026 avec des drapeaux palestiniens.<br>La France Insoumise d\u00e9file pour la d\u00e9fense de la la\u00efcit\u00e9 en permettant \u00e0 ses militants d\u2019aboyer leur haine des juifs, en qualifiant une affiche \u00e0 caract\u00e8re\u00a0antis\u00e9mite de maladresse passag\u00e8re. Nouvelle mission de l\u2019extr\u00eame gauche et des Verts, manifester pour pointer du doigt l\u2019extr\u00eame-droite et graver dans le\u00a0marbre qu\u2019elle serait l\u2019unique d\u00e9positaire de l\u2019antis\u00e9mitisme.<br>La France insoumise nourrit ses militants incr\u00e9dules, elle leur donne le sein.<br>On manifeste d\u00e9sormais contre le r\u00e9chauffement climatique en appelant \u00e0 \u00ab\u00a0l\u2019intifada\u00a0\u00bb \u00e0 Paris et dans toute la France, avec la b\u00e9n\u00e9diction d\u2019\u00e9lus ceints de leur\u00a0\u00e9charpe tricolore.\u00a0<br>Quant aux \u00e9lus d\u2019une gauche r\u00e9publicaine qui est parfaitement respectable, force sera de constater, je ne l\u2019esp\u00e8re cependant pas, qu\u2019ils sauront s\u2019associer et\u00a0s\u2019entendre comme cochon au moment voulu pour sauver des si\u00e8ges de parlementaires, des situations personnelles.<br>Des drapeaux palestiniens pour prot\u00e9ger la plan\u00e8te pourquoi pas, le message de Jean-Luc M\u00e9lenchon est clair, il avait bien dit \u00e0 ses hordes sauvages\u00a0\u00ab\u00a0Accrochez-moi des drapeaux palestiniens partout\u00a0o\u00f9 vous pourrez\u00a0\u00bb. La haine d\u2019Isra\u00ebl doit donc s\u2019afficher partout car il ne s\u2019agit pas de la d\u00e9fense du peuple\u00a0palestinien mais place est faite \u00e0 la haine des juifs qui doit se r\u00e9pandre de la place de la Nation \u00e0 la place de la R\u00e9publique et c\u2019est \u00e0 se demander si cette\u00a0derni\u00e8re se trouve encore \u00e0 Paris. A s\u2019y rendre, \u00e0 s\u2019y trouver, le touriste lambda aurait vraiment l\u2019impression de se tromper de capitale, de ressentir cette\u00a0exhalaison naus\u00e9abonde, j\u2019ai bien pu le constater moi-m\u00eame en m\u2019y rendant en cette fin mars 2025 o\u00f9 les drapeaux palestiniens avaient remplac\u00e9 tous les\u00a0drapeaux tricolores sur les emplacements traditionnels.<br>Pendant ce temps, on disserte toujours sur l\u2019interruption des travaux de l\u2019autoroute Castres-Toulouse, laquelle est class\u00e9e priorit\u00e9\u00a0nationale.<br>Puissent mesdames et messieurs les responsables politiques inscrire la lutte contre l\u2019antis\u00e9mitisme dans notre pacte r\u00e9publicain et en faire \u00e9galement une\u00a0priorit\u00e9 nationale, et en m\u00eame temps, envisager la dissolution d\u2019un parti politique d\u2019extr\u00eame-gauche qui propage la haine de la France en g\u00e9n\u00e9ral et celle des\u00a0juifs en particulier.<br>Du Jean-Luc M\u00e9lenchon, ministre, qui pr\u00e9sidait en juillet 2000 une c\u00e9r\u00e9monie comm\u00e9morative de la rafle du Vel d\u2019Hiv\u2019 au Jean-Luc M\u00e9lenchon qui d\u00e9clarera\u00a0bien plus tard que le pogrom du 7 octobre est un acte de r\u00e9sistance du peuple palestinien, le trac\u00e9 ne semble pas conforme \u00e0 l\u2019esquisse, l\u2019homme semble\u00a0d\u00e9sormais gourmand du culte de la personnalit\u00e9, il semble abuser de son existence politique sans jamais en \u00eatre rassasi\u00e9 quitte \u00e0 devoir un jour maudire son\u00a0destin.<br>Et le peuple fran\u00e7ais, esp\u00e9rons-le, saura lui apporter en 2027 ses conclusions.<\/p>\n","protected":false},"excerpt":{"rendered":"<p>Par Alain Kaminski Elles s\u2019affichent d\u00e9sormais diff\u00e9remment mais elles crachent toujours le m\u00eame venin qui s\u2019infiltre partout car il lui<\/p>\n","protected":false},"author":1,"featured_media":0,"comment_status":"open","ping_status":"open","sticky":false,"template":"","format":"standard","meta":{"_mi_skip_tracking":false,"_exactmetrics_sitenote_active":false,"_exactmetrics_sitenote_note":"","_exactmetrics_sitenote_category":0,"footnotes":""},"categories":[4],"tags":[],"table_tags":[],"_links":{"self":[{"href":"https:\/\/aifonline.net\/index.php?rest_route=\/wp\/v2\/posts\/6582"}],"collection":[{"href":"https:\/\/aifonline.net\/index.php?rest_route=\/wp\/v2\/posts"}],"about":[{"href":"https:\/\/aifonline.net\/index.php?rest_route=\/wp\/v2\/types\/post"}],"author":[{"embeddable":true,"href":"https:\/\/aifonline.net\/index.php?rest_route=\/wp\/v2\/users\/1"}],"replies":[{"embeddable":true,"href":"https:\/\/aifonline.net\/index.php?rest_route=%2Fwp%2Fv2%2Fcomments&post=6582"}],"version-history":[{"count":8,"href":"https:\/\/aifonline.net\/index.php?rest_route=\/wp\/v2\/posts\/6582\/revisions"}],"predecessor-version":[{"id":6641,"href":"https:\/\/aifonline.net\/index.php?rest_route=\/wp\/v2\/posts\/6582\/revisions\/6641"}],"wp:attachment":[{"href":"https:\/\/aifonline.net\/index.php?rest_route=%2Fwp%2Fv2%2Fmedia&parent=6582"}],"wp:term":[{"taxonomy":"category","embeddable":true,"href":"https:\/\/aifonline.net\/index.php?rest_route=%2Fwp%2Fv2%2Fcategories&post=6582"},{"taxonomy":"post_tag","embeddable":true,"href":"https:\/\/aifonline.net\/index.php?rest_route=%2Fwp%2Fv2%2Ftags&post=6582"},{"taxonomy":"table_tags","embeddable":true,"href":"https:\/\/aifonline.net\/index.php?rest_route=%2Fwp%2Fv2%2Ftable_tags&post=6582"}],"curies":[{"name":"wp","href":"https:\/\/api.w.org\/{rel}","templated":true}]}}