{"id":6671,"date":"2025-05-10T13:08:00","date_gmt":"2025-05-10T11:08:00","guid":{"rendered":"https:\/\/aifonline.net\/?p=6671"},"modified":"2025-05-10T13:03:50","modified_gmt":"2025-05-10T11:03:50","slug":"les-patronymes-nous-navons-pas-le-monopole-du-z","status":"publish","type":"post","link":"https:\/\/aifonline.net\/?p=6671","title":{"rendered":"Les patronymes : Nous n&#8217;avons pas le monopole du Z"},"content":{"rendered":"\n<p><strong><em>Par Alain Kaminski<\/em><\/strong><\/p>\n\n\n\n<p>Nombreux sont mes amis s\u00e9farades qui me disent qu\u2019il n\u2019y a que des <strong><em>Z<\/em><\/strong> dans les noms polonais. Je leur dois cet \u00e9clairage qui nous vient de l\u2019autre c\u00f4t\u00e9 de la M\u00e9diterran\u00e9e.<br>Les <strong>Zeitoun<\/strong> ou <strong>Zitoun<\/strong> ou <strong>Zeitouni<\/strong>, l\u2019olive en arabe ou <strong>Zemmour<\/strong>, l\u2019olive en berb\u00e8re.<strong> Zagdoun<\/strong> ou <strong>Zaghdoun<\/strong>, du village de Zaghd\u00fbn pr\u00e8s de Figuig \u00e0 la fronti\u00e8re alg\u00e9ro-marocaine. Et encore <strong>Zvouloun<\/strong> ou <strong>Zebouloun<\/strong> voire <strong>Zebulon<\/strong>, un des fils de Jacob.<br><strong>Zerbib<\/strong> ou<strong> Zorgbibe <\/strong>nous vient de l\u2019arabe <em>azghab<\/em>, petit. <strong>Zerhat<\/strong> ou<strong> Zerate<\/strong> parfois <strong>Aouizerate<\/strong> nous vient de la tribu des Alouad Zerat du c\u00f4t\u00e9 de Marrakech. Les <strong>Znati<\/strong> ou <strong>Zenaty<\/strong> ou <strong>Znaty<\/strong> d\u2019une ethnie berb\u00e8re les znata, <strong>Zermati<\/strong> ou <strong>Zelmati<\/strong> de la tribu des<em> zelamta<\/em> et les<strong> Zelassi <\/strong>ou<strong> Zlassi<\/strong> des zl\u00e2ss en Tunisie. Les <strong>Zouari<\/strong> parfois<strong> Jouari<\/strong> nous viennent des <em>zouara<\/em> \u00e0 l\u2019ouest de Tripoli.<br>Et parfois avec deux <strong><em>Z <\/em><\/strong>comme les<strong> Zanzouri <\/strong>de la ville de Zanz\u00fbr pr\u00e8s de Tripoli. Certains de mes amis vont jusqu\u2019\u00e0 dire, et ils ne sont pas g\u00ean\u00e9s, qu\u2019il y a m\u00eame chez les Polonais des <strong><em>Z<\/em><\/strong> et des <strong><em>K<\/em><\/strong> dans le m\u00eame patronyme. Mais parmi ces chers amis il y a mon ami Philippe <strong>Zarka<\/strong>, le bleu en arabe, et <strong>Zaken<\/strong> le vieux, l\u2019ancien en h\u00e9breu. Et m\u00eame <strong>Zekri<\/strong> qui nous rappelle le proph\u00e8te Zacharie. Sans oublier <strong>Ktorza<\/strong> de l\u2019espagnol <em>catorce<\/em> qui signifie quatorze, curieux patronyme aux dires de certains. Des <strong><em>Z<\/em><\/strong> et des <strong><em>K<\/em><\/strong>, il y en a partout mais je reconnais qu\u2019ils sont bien plus fr\u00e9quents en Europe de l\u2019Est. Au XVII\u00e8me si\u00e8cle, originaire de Palestine, Abraham ben David Yitzhaki fut grand rabbin de J\u00e9rusalem, et auteur d\u2019une grande \u0153uvre, la Descendance d\u2019Abraham. Au XIV\u00e8me si\u00e8cle, originaire d\u2019Espagne et install\u00e9 en Italie, Yossef ben Yehouda Zarka fut l\u2019auteur d\u2019une grammaire de la langue h\u00e9bra\u00efque.&nbsp;<\/p>\n","protected":false},"excerpt":{"rendered":"<p>Par Alain Kaminski Nombreux sont mes amis s\u00e9farades qui me disent qu\u2019il n\u2019y a que des Z dans les noms<\/p>\n","protected":false},"author":1,"featured_media":0,"comment_status":"open","ping_status":"open","sticky":false,"template":"","format":"standard","meta":{"_mi_skip_tracking":false,"_exactmetrics_sitenote_active":false,"_exactmetrics_sitenote_note":"","_exactmetrics_sitenote_category":0,"footnotes":""},"categories":[79],"tags":[],"table_tags":[],"_links":{"self":[{"href":"https:\/\/aifonline.net\/index.php?rest_route=\/wp\/v2\/posts\/6671"}],"collection":[{"href":"https:\/\/aifonline.net\/index.php?rest_route=\/wp\/v2\/posts"}],"about":[{"href":"https:\/\/aifonline.net\/index.php?rest_route=\/wp\/v2\/types\/post"}],"author":[{"embeddable":true,"href":"https:\/\/aifonline.net\/index.php?rest_route=\/wp\/v2\/users\/1"}],"replies":[{"embeddable":true,"href":"https:\/\/aifonline.net\/index.php?rest_route=%2Fwp%2Fv2%2Fcomments&post=6671"}],"version-history":[{"count":2,"href":"https:\/\/aifonline.net\/index.php?rest_route=\/wp\/v2\/posts\/6671\/revisions"}],"predecessor-version":[{"id":6707,"href":"https:\/\/aifonline.net\/index.php?rest_route=\/wp\/v2\/posts\/6671\/revisions\/6707"}],"wp:attachment":[{"href":"https:\/\/aifonline.net\/index.php?rest_route=%2Fwp%2Fv2%2Fmedia&parent=6671"}],"wp:term":[{"taxonomy":"category","embeddable":true,"href":"https:\/\/aifonline.net\/index.php?rest_route=%2Fwp%2Fv2%2Fcategories&post=6671"},{"taxonomy":"post_tag","embeddable":true,"href":"https:\/\/aifonline.net\/index.php?rest_route=%2Fwp%2Fv2%2Ftags&post=6671"},{"taxonomy":"table_tags","embeddable":true,"href":"https:\/\/aifonline.net\/index.php?rest_route=%2Fwp%2Fv2%2Ftable_tags&post=6671"}],"curies":[{"name":"wp","href":"https:\/\/api.w.org\/{rel}","templated":true}]}}