{"id":6703,"date":"2025-05-10T13:10:00","date_gmt":"2025-05-10T11:10:00","guid":{"rendered":"https:\/\/aifonline.net\/?p=6703"},"modified":"2025-05-10T18:48:48","modified_gmt":"2025-05-10T16:48:48","slug":"billet-un-invite-sulfureux","status":"publish","type":"post","link":"https:\/\/aifonline.net\/?p=6703","title":{"rendered":"Billet : Un invit\u00e9 sulfureux"},"content":{"rendered":"\n<p><strong><em>Par Alain Kaminski<\/em><\/strong><\/p>\n\n\n\n<p>Il a os\u00e9 et la France a os\u00e9.<br>Tel un conquistador \u00e0 la d\u00e9rive d\u00e9pass\u00e9 par sa volont\u00e9 de rena\u00eetre, notre pr\u00e9sident a os\u00e9 en recevant un certain Ahmad Al-Charah, anciennement Abou Mohammad Al-Joulani, anciennement sinistre personnage criminel de guerre \u00e0 la t\u00eate d\u2019une arm\u00e9e de tortionnaires, de violeurs, d\u2019assassins toujours en service. L\u2019invit\u00e9 de la France, p\u00e9n\u00e9trant \u00e0 l\u2019Elys\u00e9e sous une haie d\u2019honneur de gardes r\u00e9publicains, apr\u00e8s une chaleureuse et longue poign\u00e9e de main, vient tout juste de fermer les yeux sur le massacre de pr\u00e8s de 2000 personnes, alaouites et druzes, dans cette Syrie dont il ne peut contenir les milices arm\u00e9es et dont il est un ancien alli\u00e9. Le pr\u00e9sident Macron semble chercher \u00e0 n\u2019\u00eatre digne que de la part id\u00e9ale de lui-m\u00eame, la qu\u00eate d\u2019un avenir romanesque. Voulant jouer un r\u00f4le majeur dans la diplomatie internationale, flanqu\u00e9 d\u2019un quai d\u2019Orsay que l\u2019islamisme n\u2019effraie pas, notre pr\u00e9sident semble p\u00e9trifi\u00e9 dans son importance qui ressemble \u00e0 un pacte avec l\u2019imposture. Il n\u2019a toujours pas compris qu\u2019un jour on peut \u00eatre aim\u00e9 et qu\u2019un autre on peut ne plus l\u2019\u00eatre. Il n\u2019a pas compris que la politique est vaine d\u00e8s lors qu\u2019elle pr\u00e9tend lib\u00e9rer l\u2019individu en m\u00e9nageant les ressorts de sa vraie nature. En recevant, venu de Damas, un boucher succ\u00e9dant \u00e0 un autre boucher, il nous confirme qu\u2019il n\u2019a d\u00e9cid\u00e9ment pas les \u00e9paules d\u2019un homme d\u2019Etat. En politique, il est habituel de quitter ses talons pour monter sur ses ergots mais faut-il le faire en recevant n\u2019importe qui et c\u2019est \u00e0 se demander si le Gal de Gaulle aurait re\u00e7u au lendemain de la guerre et sous les ors de la R\u00e9publique des criminels nazis responsables de la mort et de la d\u00e9portation de milliers de juifs, de milliers de r\u00e9sistants, de milliers de hommes, de femmes et d\u2019enfants pers\u00e9cut\u00e9s. Le pr\u00e9sident Macron pourra-t-il avec son interlocuteur ressusciter les morts par la conversation\u00a0? En demandant \u00e0 l\u2019ONU une d\u00e9rogation pour recevoir ce personnage qui faisait l\u2019objet d\u2019une interdiction de voyager, la France a perdu son \u00e2me.<br>Dans la classe politique, les r\u00e9actions furent nombreuses, LFI dont on ne sait plus si cela signifie la France Insoumise ou la France Islamiste se r\u00e9jouit bien entendu de cette visite avec la b\u00e9n\u00e9diction de ses partenaires. L\u2019extr\u00eame-droite s\u2019en inqui\u00e8te opportun\u00e9ment.<br>Quant au clan macroniste, ministres ou parlementaires, une pleutre attitude consiste \u00e0 ne piper mot, on ne va pas se f\u00e2cher, les \u00e9ch\u00e9ances \u00e9lectorales, nationales ou locales, se voient poindre.<br>La France, d\u00e9j\u00e0 humili\u00e9e par l\u2019Alg\u00e9rie, n\u2019avait plus de r\u00f4le principal dans sa politique arabe. Elle vient de perdre l\u2019espoir d\u2019un second r\u00f4le en recevant un homme qui a du sang sur les mains sans attendre que cette h\u00e9moglobine s\u00e8che un peu, sans attendre que la Syrie retrouve son calme pour rassembler ce qui est \u00e9pars, elle ne pourra que d\u00e9sormais se satisfaire d\u2019un r\u00f4le de figurant et encore.<br>Notre pr\u00e9sident devrait se souvenir de cette pens\u00e9e de Cic\u00e9ron dans ses lettres \u00e0 son ami Atticus,\u00a0&#8221;\u00a0<em>nihil inimicius quam sibi ipse<\/em>\u00a0&#8220;, notre pire ennemi, c\u2019est nous-m\u00eames.<\/p>\n","protected":false},"excerpt":{"rendered":"<p>Par Alain Kaminski Il a os\u00e9 et la France a os\u00e9.Tel un conquistador \u00e0 la d\u00e9rive d\u00e9pass\u00e9 par sa volont\u00e9<\/p>\n","protected":false},"author":1,"featured_media":0,"comment_status":"open","ping_status":"open","sticky":false,"template":"","format":"standard","meta":{"_mi_skip_tracking":false,"_exactmetrics_sitenote_active":false,"_exactmetrics_sitenote_note":"","_exactmetrics_sitenote_category":0,"footnotes":""},"categories":[4],"tags":[],"table_tags":[],"_links":{"self":[{"href":"https:\/\/aifonline.net\/index.php?rest_route=\/wp\/v2\/posts\/6703"}],"collection":[{"href":"https:\/\/aifonline.net\/index.php?rest_route=\/wp\/v2\/posts"}],"about":[{"href":"https:\/\/aifonline.net\/index.php?rest_route=\/wp\/v2\/types\/post"}],"author":[{"embeddable":true,"href":"https:\/\/aifonline.net\/index.php?rest_route=\/wp\/v2\/users\/1"}],"replies":[{"embeddable":true,"href":"https:\/\/aifonline.net\/index.php?rest_route=%2Fwp%2Fv2%2Fcomments&post=6703"}],"version-history":[{"count":3,"href":"https:\/\/aifonline.net\/index.php?rest_route=\/wp\/v2\/posts\/6703\/revisions"}],"predecessor-version":[{"id":6721,"href":"https:\/\/aifonline.net\/index.php?rest_route=\/wp\/v2\/posts\/6703\/revisions\/6721"}],"wp:attachment":[{"href":"https:\/\/aifonline.net\/index.php?rest_route=%2Fwp%2Fv2%2Fmedia&parent=6703"}],"wp:term":[{"taxonomy":"category","embeddable":true,"href":"https:\/\/aifonline.net\/index.php?rest_route=%2Fwp%2Fv2%2Fcategories&post=6703"},{"taxonomy":"post_tag","embeddable":true,"href":"https:\/\/aifonline.net\/index.php?rest_route=%2Fwp%2Fv2%2Ftags&post=6703"},{"taxonomy":"table_tags","embeddable":true,"href":"https:\/\/aifonline.net\/index.php?rest_route=%2Fwp%2Fv2%2Ftable_tags&post=6703"}],"curies":[{"name":"wp","href":"https:\/\/api.w.org\/{rel}","templated":true}]}}