{"id":6787,"date":"2025-06-12T13:05:15","date_gmt":"2025-06-12T11:05:15","guid":{"rendered":"https:\/\/aifonline.net\/?p=6787"},"modified":"2025-06-12T15:23:27","modified_gmt":"2025-06-12T13:23:27","slug":"billet-une-ecole-a-limage-du-pays","status":"publish","type":"post","link":"https:\/\/aifonline.net\/?p=6787","title":{"rendered":"Billet : Une \u00e9cole \u00e0 l&#8217;image du pays"},"content":{"rendered":"\n<p><strong><em>Par Alain Kaminski<\/em><\/strong><\/p>\n\n\n\n<p>Mais quelle \u00e9poque vivons-nous\u202f? Qui aurait imagin\u00e9 un jour que nos enfants, nos petits-enfants, ne seraient plus en s\u00e9curit\u00e9 en milieu scolaire\u00a0? Nous \u00e9tions si tranquilles autrefois sachant nos enfants sages comme des images \u00e0 l\u2019\u00e9cole. A tel point qu\u2019\u00e0 la moindre inattention de notre prog\u00e9niture en classe, au moindre comportement inappropri\u00e9, nous \u00e9tions convoqu\u00e9s par le professeur principal qui nous demandait d\u2019\u00eatre vigilants, et l\u2019on s\u2019accordait pour mener \u00e0 bien notre mission \u00e9ducative de parents comme notre interlocuteur s\u2019engageait pour mener \u00e0 bien sa mission instructive d\u2019enseignant. Au risque de passer pour un ringard, j\u2019assume parfaitement pour rappeler que c\u2019\u00e9tait une autre \u00e9poque. Celle-ci a commenc\u00e9 \u00e0 changer il y a une vingtaine d\u2019ann\u00e9es par l\u2019indiff\u00e9rence d\u2019un corps enseignant davantage pr\u00e9occup\u00e9 par un militantisme syndical et par une hi\u00e9rarchie davantage pr\u00e9occup\u00e9e par le carri\u00e9risme.\u00a0<br>Je me souviens il y a 25 ans, j\u2019\u00e9tais membre du conseil d\u2019Administration du lyc\u00e9e Bergson \u00e0 Paris, dans le XIX\u00e8me arrondissement, repr\u00e9sentant une association de parents d\u2019\u00e9l\u00e8ves.\u00a0<br>Suite \u00e0 des attroupements de jeunes non scolaris\u00e9s aux abords de l\u2019\u00e9tablissement tous les matins, j\u2019avais demand\u00e9 l\u2019installation de cam\u00e9ras de surveillance. Le proviseur me r\u00e9pondit qu\u2019il \u00e9tait \u00e0 quinze mois de la retraite et que l\u2019instruction de ce dossier n\u2019\u00e9tait pas une priorit\u00e9 pour lui. J\u2019avais \u00e9galement demand\u00e9 la suppression des distributeurs de boissons et confiseries \u00e0 l\u2019int\u00e9rieur de l\u2019\u00e9tablissement car ces machines \u00e9taient r\u00e9guli\u00e8rement d\u00e9t\u00e9rior\u00e9es, des effractions hebdomadaires pour \u00ab\u00a0voler la caisse\u00a0\u00bb. On m\u2019avait r\u00e9pondu que les syndicats de professeurs \u00e9taient hostiles \u00e0 ces suppressions de distributeurs car leur approvisionnement \u00e9tait cr\u00e9ateur d\u2019emplois. Puis la situation s\u2019est d\u00e9grad\u00e9e au fil des ann\u00e9es, les \u00e9l\u00e8ves perturbateurs n\u2019\u00e9taient plus sanctionn\u00e9s, les exclusions n\u2019\u00e9taient plus prononc\u00e9es parce que \u00ab\u00a0pas de vagues qui nuiraient \u00e0 l\u2019image de marque de l\u2019\u00e9tablissement\u00a0\u00bb. \u00a0<br>Notre \u00e9cole est d\u00e9sormais souffrante, nos coll\u00e8ges sont malades si bien qu\u2019un ph\u00e9nom\u00e8ne nouveau s\u2019est install\u00e9, la violence envers les autres \u00e9l\u00e8ves, envers les professeurs et le personnel accompagnant du milieu scolaire.\u00a0<br>Les r\u00e9cents \u00e9v\u00e8nements sont une horreur, on tue des adolescents, on tue des enseignants, on introduit des armes blanches dans les \u00e9tablissements scolaires.\u00a0<br>Le constat de cette situation est gla\u00e7ant car on prend acte que nos politiques n\u2019ont rien fait depuis des d\u00e9cennies, n\u2019ont rien vu, ils sont rest\u00e9s hors sol sous les ors de la R\u00e9publique.\u00a0<br>Quand un chef de gouvernement qui de surcro\u00eet fut ministre de l\u2019Education nationale propose l\u2019interdiction de la vente de couteaux aux mineurs, il ne se demande m\u00eame pas si la caisse automatique d\u2019un supermarch\u00e9 va demander l\u2019\u00e2ge de l\u2019acheteur au moment de payer. Sans doute n\u2019a-t-il jamais vu une caisse automatique d\u2019un supermarch\u00e9 ou m\u00eame tout simplement un supermarch\u00e9. Mais se rendent-ils compte tous ces politiciens que notre soci\u00e9t\u00e9 vit un ensauvagement, ne craignons pas l\u2019usage du terme, et que l\u2019impunit\u00e9 protectrice de cette d\u00e9linquance est d\u00e9sormais av\u00e9r\u00e9e voire support\u00e9e par une justice politis\u00e9e.\u00a0<br>Pendant qu\u2019une formation politique d\u2019extr\u00eame-droite ne r\u00eave que du pouvoir et qu\u2019une autre d\u2019extr\u00eame-gauche le guigne \u00e0 la faveur d\u2019une idylle avec l\u2019islamisme, nos enfants sont en danger, l\u2019\u00e9ducation nationale part \u00e0 la d\u00e9rive, et le m\u00e9tier d\u2019enseignant n\u2019est plus une vocation. \u00a0<br>Pendant que notre pr\u00e9sident gesticule au milieu d\u2019un sommet international pour sauver les oc\u00e9ans, sommet qui par ailleurs co\u00fbte 50 millions d\u2019euros aux contribuables et qui ne d\u00e9bouchera comme d\u2019habitude sur rien, c\u2019est un oc\u00e9an de violence qui se d\u00e9cha\u00eene dans notre pays avec tous les ingr\u00e9dients, x\u00e9nophobie, antis\u00e9mitisme, haine d\u2019Isra\u00ebl relay\u00e9e par les m\u00e9dias, j\u2019en passe et des meilleures. La qualit\u00e9 premi\u00e8re d\u2019un homme politique est de rassembler ce qui est \u00e9pars comme l\u2019a voulu le Gal de Gaulle \u00e0 la Lib\u00e9ration.\u00a0<br>Mais la France d\u2019aujourd\u2019hui n\u2019a pas encore trouv\u00e9 le talent providentiel de demain, me semble-t-il, et tout porte \u00e0 croire que les futurs dirigeants de demain seront les incomp\u00e9tents d\u2019hier et d&#8217;aujourd&#8217;hui.\u00a0<br>C\u2019est \u00e0 nous, \u00e9lecteurs, d\u2019\u00eatre vigilants si l\u2019on veut entendre \u00e0 nouveau ce que disaient nos a\u00efeux\u2026 qu\u2019il est bon de vivre en France.<\/p>\n","protected":false},"excerpt":{"rendered":"<p>Par Alain Kaminski Mais quelle \u00e9poque vivons-nous\u202f? Qui aurait imagin\u00e9 un jour que nos enfants, nos petits-enfants, ne seraient plus<\/p>\n","protected":false},"author":1,"featured_media":0,"comment_status":"open","ping_status":"open","sticky":false,"template":"","format":"standard","meta":{"_mi_skip_tracking":false,"_exactmetrics_sitenote_active":false,"_exactmetrics_sitenote_note":"","_exactmetrics_sitenote_category":0,"footnotes":""},"categories":[4],"tags":[],"table_tags":[],"_links":{"self":[{"href":"https:\/\/aifonline.net\/index.php?rest_route=\/wp\/v2\/posts\/6787"}],"collection":[{"href":"https:\/\/aifonline.net\/index.php?rest_route=\/wp\/v2\/posts"}],"about":[{"href":"https:\/\/aifonline.net\/index.php?rest_route=\/wp\/v2\/types\/post"}],"author":[{"embeddable":true,"href":"https:\/\/aifonline.net\/index.php?rest_route=\/wp\/v2\/users\/1"}],"replies":[{"embeddable":true,"href":"https:\/\/aifonline.net\/index.php?rest_route=%2Fwp%2Fv2%2Fcomments&post=6787"}],"version-history":[{"count":10,"href":"https:\/\/aifonline.net\/index.php?rest_route=\/wp\/v2\/posts\/6787\/revisions"}],"predecessor-version":[{"id":6824,"href":"https:\/\/aifonline.net\/index.php?rest_route=\/wp\/v2\/posts\/6787\/revisions\/6824"}],"wp:attachment":[{"href":"https:\/\/aifonline.net\/index.php?rest_route=%2Fwp%2Fv2%2Fmedia&parent=6787"}],"wp:term":[{"taxonomy":"category","embeddable":true,"href":"https:\/\/aifonline.net\/index.php?rest_route=%2Fwp%2Fv2%2Fcategories&post=6787"},{"taxonomy":"post_tag","embeddable":true,"href":"https:\/\/aifonline.net\/index.php?rest_route=%2Fwp%2Fv2%2Ftags&post=6787"},{"taxonomy":"table_tags","embeddable":true,"href":"https:\/\/aifonline.net\/index.php?rest_route=%2Fwp%2Fv2%2Ftable_tags&post=6787"}],"curies":[{"name":"wp","href":"https:\/\/api.w.org\/{rel}","templated":true}]}}