{"id":6833,"date":"2025-06-18T22:10:50","date_gmt":"2025-06-18T20:10:50","guid":{"rendered":"https:\/\/aifonline.net\/?p=6833"},"modified":"2025-06-18T22:11:31","modified_gmt":"2025-06-18T20:11:31","slug":"carnet-deces-de-charles-przyswa","status":"publish","type":"post","link":"https:\/\/aifonline.net\/?p=6833","title":{"rendered":"Carnet : D\u00e9c\u00e8s de Charles Przyswa"},"content":{"rendered":"\n<p>Nous avons appris tardivement avec tristesse et stupeur le d\u00e9c\u00e8s de notre soci\u00e9taire Charles Przyswa survenue le 20\u00a0mai 2025 \u00e0 Paris \u00e0 l&#8217;\u00e2ge de 88\u00a0ans.<br>Charles \u00e9tait un \u00eatre formidable, d&#8217;une grande fraternit\u00e9. Il n&#8217;a fait que survivre apr\u00e8s le d\u00e9c\u00e8s de son fils Gilbert l&#8217;an pass\u00e9.<br>Charles Przyswa, n\u00e9 \u00e0 Paris, \u00e9tait issu d&#8217;une famille tr\u00e8s nombreuse venue de Pologne dans les ann\u00e9es 30.\u00a0<br>Sa longue carri\u00e8re professionnelle dans le textile, il avait un commerce rue de Rivoli \u00e0 Paris, l&#8217;avait amen\u00e9 \u00e0 conna\u00eetre tout le monde dans le milieu de la confection de d\u00e9tail dans les ann\u00e9es 60.<br>Charles Przyswa \u00e9tait l&#8217;ami de tous.<br>Nous adressons nos sinc\u00e8res condol\u00e9ances \u00e0 son \u00e9pouse Felicja, \u00e0 son fils Eric, \u00e0 ses proches.\u00a0<br>Au revoir Charles, pour toi une batterie d&#8217;acclamation.<\/p>\n","protected":false},"excerpt":{"rendered":"<p>Nous avons appris tardivement avec tristesse et stupeur le d\u00e9c\u00e8s de notre soci\u00e9taire Charles Przyswa survenue le 20\u00a0mai 2025 \u00e0<\/p>\n","protected":false},"author":1,"featured_media":0,"comment_status":"open","ping_status":"open","sticky":false,"template":"","format":"standard","meta":{"_mi_skip_tracking":false,"_exactmetrics_sitenote_active":false,"_exactmetrics_sitenote_note":"","_exactmetrics_sitenote_category":0,"footnotes":""},"categories":[5,31],"tags":[],"table_tags":[],"_links":{"self":[{"href":"https:\/\/aifonline.net\/index.php?rest_route=\/wp\/v2\/posts\/6833"}],"collection":[{"href":"https:\/\/aifonline.net\/index.php?rest_route=\/wp\/v2\/posts"}],"about":[{"href":"https:\/\/aifonline.net\/index.php?rest_route=\/wp\/v2\/types\/post"}],"author":[{"embeddable":true,"href":"https:\/\/aifonline.net\/index.php?rest_route=\/wp\/v2\/users\/1"}],"replies":[{"embeddable":true,"href":"https:\/\/aifonline.net\/index.php?rest_route=%2Fwp%2Fv2%2Fcomments&post=6833"}],"version-history":[{"count":2,"href":"https:\/\/aifonline.net\/index.php?rest_route=\/wp\/v2\/posts\/6833\/revisions"}],"predecessor-version":[{"id":6836,"href":"https:\/\/aifonline.net\/index.php?rest_route=\/wp\/v2\/posts\/6833\/revisions\/6836"}],"wp:attachment":[{"href":"https:\/\/aifonline.net\/index.php?rest_route=%2Fwp%2Fv2%2Fmedia&parent=6833"}],"wp:term":[{"taxonomy":"category","embeddable":true,"href":"https:\/\/aifonline.net\/index.php?rest_route=%2Fwp%2Fv2%2Fcategories&post=6833"},{"taxonomy":"post_tag","embeddable":true,"href":"https:\/\/aifonline.net\/index.php?rest_route=%2Fwp%2Fv2%2Ftags&post=6833"},{"taxonomy":"table_tags","embeddable":true,"href":"https:\/\/aifonline.net\/index.php?rest_route=%2Fwp%2Fv2%2Ftable_tags&post=6833"}],"curies":[{"name":"wp","href":"https:\/\/api.w.org\/{rel}","templated":true}]}}