{"id":6838,"date":"2025-07-06T11:43:00","date_gmt":"2025-07-06T09:43:00","guid":{"rendered":"https:\/\/aifonline.net\/?p=6838"},"modified":"2025-07-07T09:51:54","modified_gmt":"2025-07-07T07:51:54","slug":"le-saviez-vous-lancetre-de-votre-clavier","status":"publish","type":"post","link":"https:\/\/aifonline.net\/?p=6838","title":{"rendered":"Le saviez-vous : L&#8217;anc\u00eatre de votre clavier"},"content":{"rendered":"\n<p><strong><em>Daniela Levy-Monath<\/em><\/strong><\/p>\n\n\n\n<p>Lorsque je m&#8217;approche de mon clavier, il m&#8217;arrive parfois de me souvenir des machines \u00e0 \u00e9crire de mon enfance.<br>Et c&#8217;est \u00e0 ce moment-l\u00e0 que j&#8217;ai une pens\u00e9e pour cet ing\u00e9nieur de g\u00e9nie que fut Samuel David Camillo Olivetti.<br>Natif en 1868 d&#8217;une famille issue de la bourgeoisie juive de Turin, sa cr\u00e9ation fut une v\u00e9ritable r\u00e9volution, Olivetti reste un nom qui aura marqu\u00e9 l&#8217;industrie italienne.<br>C&#8217;est en 1943 qu&#8217;il rendit son dernier soupir, dans la ville de Bielle dans les contreforts des Alpes, l\u00e0 o\u00f9 il dut se r\u00e9fugier pour fuir les pers\u00e9cutions antis\u00e9mites du r\u00e9gime fasciste italien.<br>Lors de ses fun\u00e9railles, la quasi-totalit\u00e9 des ouvriers de l&#8217;usine \u00e9taient pr\u00e9sents, d\u00e9fiant le gouvernement fasciste de Mussolini.<\/p>\n\n\n\n<div class=\"wp-block-columns are-vertically-aligned-center is-layout-flex wp-container-3 wp-block-columns-is-layout-flex\">\n<div class=\"wp-block-column is-vertically-aligned-center is-layout-flow wp-block-column-is-layout-flow\">\n<figure class=\"wp-block-image size-full is-resized\"><img decoding=\"async\" loading=\"lazy\" width=\"744\" height=\"1005\" src=\"https:\/\/aifonline.net\/wp-content\/uploads\/2025\/06\/Camillo_Olivetti_1920s.jpg\" alt=\"\" class=\"wp-image-6840\" style=\"aspect-ratio:0.7402985074626866;width:428px;height:auto\" srcset=\"https:\/\/aifonline.net\/wp-content\/uploads\/2025\/06\/Camillo_Olivetti_1920s.jpg 744w, https:\/\/aifonline.net\/wp-content\/uploads\/2025\/06\/Camillo_Olivetti_1920s-222x300.jpg 222w\" sizes=\"(max-width: 744px) 100vw, 744px\" \/><figcaption class=\"wp-element-caption\">Samuel David Camillo Olivetti (1868-1943)<\/figcaption><\/figure>\n<\/div>\n\n\n\n<div class=\"wp-block-column is-vertically-aligned-center is-layout-flow wp-block-column-is-layout-flow\">\n<figure class=\"wp-block-image size-large\"><img decoding=\"async\" loading=\"lazy\" width=\"1024\" height=\"1024\" src=\"https:\/\/aifonline.net\/wp-content\/uploads\/2025\/06\/Macchina_per_scrivere_Olivetti_M1-1024x1024.jpg\" alt=\"\" class=\"wp-image-6841\" srcset=\"https:\/\/aifonline.net\/wp-content\/uploads\/2025\/06\/Macchina_per_scrivere_Olivetti_M1-1024x1024.jpg 1024w, https:\/\/aifonline.net\/wp-content\/uploads\/2025\/06\/Macchina_per_scrivere_Olivetti_M1-300x300.jpg 300w, https:\/\/aifonline.net\/wp-content\/uploads\/2025\/06\/Macchina_per_scrivere_Olivetti_M1-150x150.jpg 150w, https:\/\/aifonline.net\/wp-content\/uploads\/2025\/06\/Macchina_per_scrivere_Olivetti_M1-768x769.jpg 768w, https:\/\/aifonline.net\/wp-content\/uploads\/2025\/06\/Macchina_per_scrivere_Olivetti_M1.jpg 1440w\" sizes=\"(max-width: 1024px) 100vw, 1024px\" \/><figcaption class=\"wp-element-caption\">Premi\u00e8re machine \u00e0 \u00e9crire Olivetti, 1911.<\/figcaption><\/figure>\n<\/div>\n<\/div>\n","protected":false},"excerpt":{"rendered":"<p>Daniela Levy-Monath Lorsque je m&#8217;approche de mon clavier, il m&#8217;arrive parfois de me souvenir des machines \u00e0 \u00e9crire de mon<\/p>\n","protected":false},"author":1,"featured_media":0,"comment_status":"open","ping_status":"open","sticky":false,"template":"","format":"standard","meta":{"_mi_skip_tracking":false,"_exactmetrics_sitenote_active":false,"_exactmetrics_sitenote_note":"","_exactmetrics_sitenote_category":0,"footnotes":""},"categories":[77],"tags":[],"table_tags":[],"_links":{"self":[{"href":"https:\/\/aifonline.net\/index.php?rest_route=\/wp\/v2\/posts\/6838"}],"collection":[{"href":"https:\/\/aifonline.net\/index.php?rest_route=\/wp\/v2\/posts"}],"about":[{"href":"https:\/\/aifonline.net\/index.php?rest_route=\/wp\/v2\/types\/post"}],"author":[{"embeddable":true,"href":"https:\/\/aifonline.net\/index.php?rest_route=\/wp\/v2\/users\/1"}],"replies":[{"embeddable":true,"href":"https:\/\/aifonline.net\/index.php?rest_route=%2Fwp%2Fv2%2Fcomments&post=6838"}],"version-history":[{"count":6,"href":"https:\/\/aifonline.net\/index.php?rest_route=\/wp\/v2\/posts\/6838\/revisions"}],"predecessor-version":[{"id":6926,"href":"https:\/\/aifonline.net\/index.php?rest_route=\/wp\/v2\/posts\/6838\/revisions\/6926"}],"wp:attachment":[{"href":"https:\/\/aifonline.net\/index.php?rest_route=%2Fwp%2Fv2%2Fmedia&parent=6838"}],"wp:term":[{"taxonomy":"category","embeddable":true,"href":"https:\/\/aifonline.net\/index.php?rest_route=%2Fwp%2Fv2%2Fcategories&post=6838"},{"taxonomy":"post_tag","embeddable":true,"href":"https:\/\/aifonline.net\/index.php?rest_route=%2Fwp%2Fv2%2Ftags&post=6838"},{"taxonomy":"table_tags","embeddable":true,"href":"https:\/\/aifonline.net\/index.php?rest_route=%2Fwp%2Fv2%2Ftable_tags&post=6838"}],"curies":[{"name":"wp","href":"https:\/\/api.w.org\/{rel}","templated":true}]}}