{"id":6858,"date":"2025-07-06T11:51:00","date_gmt":"2025-07-06T09:51:00","guid":{"rendered":"https:\/\/aifonline.net\/?p=6858"},"modified":"2025-07-06T11:52:18","modified_gmt":"2025-07-06T09:52:18","slug":"billet-quand-lantisemitisme-serige-en-dogme","status":"publish","type":"post","link":"https:\/\/aifonline.net\/?p=6858","title":{"rendered":"Billet : Quand l&#8217;antis\u00e9mitisme s&#8217;\u00e9rige en dogme"},"content":{"rendered":"\n<p><strong><em>Par Alain Kaminski<\/em><\/strong><\/p>\n\n\n\n<p>Chaque ann\u00e9e en ce d\u00e9but de mois de juillet je repense \u00e0 cette comm\u00e9moration de la rafle du Vel d\u2019Hiv et pr\u00e9cis\u00e9ment celle qui se tint le 16 juillet 2000, il y a 25 ans. Le gouvernement d\u2019alors se fit repr\u00e9senter par un de ses membres plac\u00e9 au\u2026 17<sup>\u00e8me<\/sup> rang protocolaire, le ministre d\u00e9l\u00e9gu\u00e9 \u00e0 l\u2019enseignement professionnel, un certain Jean-Luc M\u00e9lenchon.<br>J\u2019\u00e9tais pr\u00e9sent \u00e0 cette c\u00e9r\u00e9monie et je me souviens de ses propos empathiques \u00e0 l\u2019endroit des juifs de France, de cette compassion pour les orphelins de la d\u00e9portation, de cette proximit\u00e9 d\u00e9clar\u00e9e pour la communaut\u00e9 juive. Il se f\u00e9licitait du d\u00e9cret du 14 juillet 2000 \u00e9tablissant r\u00e9parations pour les enfants dont les parents furent d\u00e9port\u00e9s. Il reconnaissait la repr\u00e9sentativit\u00e9 du Crif qu\u2019il consid\u00e9rait comme un interlocuteur tr\u00e8s \u00e9cout\u00e9 par le gouvernement Jospin qu\u2019il repr\u00e9sentait ce jour-l\u00e0. Mon d\u00e9funt p\u00e8re, ancien d\u00e9port\u00e9, \u00e0 mes c\u00f4t\u00e9s ce jour-l\u00e0, se retournerait aujourd\u2019hui dans sa tombe s\u2019il apprenait que le personnage est devenu l\u2019homme qui attise au quotidien la haine des juifs, qui a consid\u00e9r\u00e9 que le pogrom du 7&nbsp;octobre n\u2019\u00e9tait qu\u2019un acte de r\u00e9sistance, qui a dit que l\u2019incendie de la synagogue de la Grande-Motte \u00e9tait une atteinte \u00e0 la libert\u00e9 de croire, qui laisse ses proches affirmer qu\u2019Isra\u00ebl installe des camps de concentration \u00e0 Gaza.<br>Jean-Luc M\u00e9lenchon tient aujourd\u2019hui des discours de haine, la politique a laiss\u00e9 place \u00e0 l\u2019antis\u00e9mitisme qu\u2019il veut dogmatique.<br>Au banc de l\u2019\u00e9loquence, certes, il excelle mais pour graver dans le marbre son propos, son burin forme des guillochis conformes aux sourates auxquelles il s\u2019identifie d\u00e9sormais en une forme contractuelle. Il a donc bris\u00e9 volontairement le miroir devant lequel il se regardait et qui \u00e9tait le seul \u00e0 lui rappeler qu\u2019il pouvait \u00eatre lui-m\u00eame son pire ennemi. L\u2019opportunit\u00e9 s\u2019est substitu\u00e9e aux id\u00e9es alors il ne parle plus il \u00e9ructe, il n\u2019explique plus il clabaude et ses affid\u00e9s courbent l\u2019\u00e9chine pour ne pas perdre leur mandat parlementaire et alimentaire jusqu\u2019\u00e0 un secr\u00e9taire du parti socialiste tout juste reconduit qui a refus\u00e9 de se d\u00e9solidariser d\u2019un programme antis\u00e9mite. On accepte tout, chaque voix est bonne \u00e0 prendre, sa garde rapproch\u00e9e courtisait la marche des fiert\u00e9s o\u00f9 les communaut\u00e9s LGBT d\u00e9filaient avec des drapeaux palestiniens tout en sachant que les homosexuels en territoire palestinien et autres pays musulmans sont pendus sans aucune autre forme de proc\u00e8s. Les militants pr\u00e9f\u00e8rent patauger dans leur fange plut\u00f4t que d\u2019invoquer le droit \u00e0 l\u2019erreur.<br>Mais fort heureusement, il reste des hommes politiques courageux, tr\u00e8s rares certes, mais des hommes pour lesquels l\u2019honneur a une signification, des hommes capables de rassembler ce qui est \u00e9pars. Je citerai le d\u00e9put\u00e9 socialiste J\u00e9r\u00f4me Guedj qui conna\u00eet bien Jean-Luc M\u00e9lenchon puisqu\u2019il fut son assistant parlementaire il y a une trentaine d\u2019ann\u00e9es. L\u2019\u00e9narque, qui a claqu\u00e9 la porte de l\u2019entourage de cette gauche abjecte et r\u00e9pugnante, n\u2019a pas h\u00e9sit\u00e9 \u00e0 qualifier le tribun de \u00ab&nbsp;salopard antis\u00e9mite&nbsp;\u00bb et en guise de regret d\u2019ajouter qu\u2019il s\u2019agissait d\u2019un pl\u00e9onasme.<br>Respect Monsieur Guedj et bravo pour votre parole qui a circul\u00e9 librement. &nbsp;<\/p>\n","protected":false},"excerpt":{"rendered":"<p>Par Alain Kaminski Chaque ann\u00e9e en ce d\u00e9but de mois de juillet je repense \u00e0 cette comm\u00e9moration de la rafle<\/p>\n","protected":false},"author":1,"featured_media":0,"comment_status":"open","ping_status":"open","sticky":false,"template":"","format":"standard","meta":{"_mi_skip_tracking":false,"_exactmetrics_sitenote_active":false,"_exactmetrics_sitenote_note":"","_exactmetrics_sitenote_category":0,"footnotes":""},"categories":[4],"tags":[],"table_tags":[],"_links":{"self":[{"href":"https:\/\/aifonline.net\/index.php?rest_route=\/wp\/v2\/posts\/6858"}],"collection":[{"href":"https:\/\/aifonline.net\/index.php?rest_route=\/wp\/v2\/posts"}],"about":[{"href":"https:\/\/aifonline.net\/index.php?rest_route=\/wp\/v2\/types\/post"}],"author":[{"embeddable":true,"href":"https:\/\/aifonline.net\/index.php?rest_route=\/wp\/v2\/users\/1"}],"replies":[{"embeddable":true,"href":"https:\/\/aifonline.net\/index.php?rest_route=%2Fwp%2Fv2%2Fcomments&post=6858"}],"version-history":[{"count":7,"href":"https:\/\/aifonline.net\/index.php?rest_route=\/wp\/v2\/posts\/6858\/revisions"}],"predecessor-version":[{"id":6877,"href":"https:\/\/aifonline.net\/index.php?rest_route=\/wp\/v2\/posts\/6858\/revisions\/6877"}],"wp:attachment":[{"href":"https:\/\/aifonline.net\/index.php?rest_route=%2Fwp%2Fv2%2Fmedia&parent=6858"}],"wp:term":[{"taxonomy":"category","embeddable":true,"href":"https:\/\/aifonline.net\/index.php?rest_route=%2Fwp%2Fv2%2Fcategories&post=6858"},{"taxonomy":"post_tag","embeddable":true,"href":"https:\/\/aifonline.net\/index.php?rest_route=%2Fwp%2Fv2%2Ftags&post=6858"},{"taxonomy":"table_tags","embeddable":true,"href":"https:\/\/aifonline.net\/index.php?rest_route=%2Fwp%2Fv2%2Ftable_tags&post=6858"}],"curies":[{"name":"wp","href":"https:\/\/api.w.org\/{rel}","templated":true}]}}