{"id":6945,"date":"2025-08-01T14:10:00","date_gmt":"2025-08-01T12:10:00","guid":{"rendered":"https:\/\/aifonline.net\/?p=6945"},"modified":"2025-08-02T10:46:54","modified_gmt":"2025-08-02T08:46:54","slug":"billet-la-messe-est-dite","status":"publish","type":"post","link":"https:\/\/aifonline.net\/?p=6945","title":{"rendered":"Billet : La messe est dite\u00a0"},"content":{"rendered":"\n<p><strong><em>Par Alain Kaminski<\/em><\/strong><\/p>\n\n\n\n<p>Il n\u2019y a pas grand-chose \u00e0 ajouter sur la politique \u00e9trang\u00e8re de la France en g\u00e9n\u00e9ral et ses orientations \u00e0 la petite semaine venant du pr\u00e9sident de la R\u00e9publique, en particulier. On pourrait dire pour aller \u00e0 l\u2019essentiel que la messe est dite. Il n\u2019est plus du monopole de la France Insoumise de se soumettre aux ambitions \u00e9lectorales de certains \u00e9lus \u00e0 l&#8217;endroit de la communaut\u00e9 musulmane, voil\u00e0 que la macronie traverse la rue pour se rendre sur le m\u00eame trottoir et jouer dans la m\u00eame cour.<br>Certes, avouons que dans ce conflit du Proche-Orient une solution \u00e0 deux \u00e9tats semblera in\u00e9luctable et nous dirons qu\u2019elle s\u2019inscrirait dans le sens de l\u2019Histoire. Mais comment un pr\u00e9sident de la R\u00e9publique peut-il annoncer la reconnaissance d\u2019un \u00e9tat de Palestine dont la gouvernance probable est celle qui aujourd\u2019hui est un ramassis de terroristes retenant des otages et se servant de sa population comme boucliers humains. Ne fallait-il pas attendre que la r\u00e9gion en finisse avec le Hamas plut\u00f4t que donner un blanc-seing \u00e0 ces hordes d\u2019assassins. Le chef de l\u2019Etat en avait rajout\u00e9 avec la volont\u00e9 de faire venir des r\u00e9fugi\u00e9s gazaouis avec hospitalit\u00e9 garantie, bourses d\u2019\u00e9tudes, subventions diverses et vari\u00e9es, et libert\u00e9 de poursuivre des activit\u00e9s li\u00e9es \u00e0 la haine d\u2019Isra\u00ebl et des Fran\u00e7ais juifs jusqu\u2019\u00e0 h\u00e9berger celle-ci dans les universit\u00e9s, les lieux de culture, les congr\u00e8s etc. Une id\u00e9e fort heureusement mise en attente par le toll\u00e9 provoqu\u00e9 au sein de l&#8217;opinion publique. Pour tous mes coreligionnaires qui ont \u00e9lu celui qui semblait avoir les \u00e9paules d\u2019un homme d\u2019Etat, c\u2019est la d\u00e9ception totale, la d\u00e9sillusion et l\u2019incr\u00e9dulit\u00e9.<br>Les prochaines \u00e9ch\u00e9ances \u00e9lectorales se voyant poindre, quels seront nos choix\u00a0?<br>Nous aurons sans doute l\u2019occasion de sanctionner celui qui aura laiss\u00e9 l\u2019antis\u00e9mitisme se d\u00e9velopper avec pour carburant l\u2019extr\u00eame-gauche. Nous aurons sans doute l\u2019occasion de sanctionner toutes celles et ceux qui navigueront encore dans cette macronie f\u00e9lonne et nous serons bien \u00e9quip\u00e9s pour les confondre. La situation ne sera pas facile et, dans le secret de l\u2019isoloir, tous pourront s\u2019exprimer avec leurs sentiments, leur d\u00e9termination, leur libert\u00e9. J\u2019entends nos a\u00efeux venus d\u2019ailleurs avec pour devise \u00ab\u00a0heureux comme un juif en France\u00a0\u00bb gesticuler dans leur tombe moi qui, en les accompagnant \u00e0 leur derni\u00e8re demeure, leur avais souhait\u00e9 de reposer en paix.<br>Il ne reste qu\u2019\u00e0 esp\u00e9rer des jours meilleurs le plus rapidement possible, car nous sommes d\u00e9j\u00e0 en train de nous demander dans quelle r\u00e9gion, peut-\u00eatre \u00e0 l\u2019autre bout du monde, nos enfants et petits-enfants pourront trouver un lieu fort et \u00e9clair\u00e9 o\u00f9 r\u00e8gnent la concorde et la fraternit\u00e9.<\/p>\n","protected":false},"excerpt":{"rendered":"<p>Par Alain Kaminski Il n\u2019y a pas grand-chose \u00e0 ajouter sur la politique \u00e9trang\u00e8re de la France en g\u00e9n\u00e9ral et<\/p>\n","protected":false},"author":1,"featured_media":0,"comment_status":"open","ping_status":"open","sticky":false,"template":"","format":"standard","meta":{"_mi_skip_tracking":false,"_exactmetrics_sitenote_active":false,"_exactmetrics_sitenote_note":"","_exactmetrics_sitenote_category":0,"footnotes":""},"categories":[4],"tags":[],"table_tags":[],"_links":{"self":[{"href":"https:\/\/aifonline.net\/index.php?rest_route=\/wp\/v2\/posts\/6945"}],"collection":[{"href":"https:\/\/aifonline.net\/index.php?rest_route=\/wp\/v2\/posts"}],"about":[{"href":"https:\/\/aifonline.net\/index.php?rest_route=\/wp\/v2\/types\/post"}],"author":[{"embeddable":true,"href":"https:\/\/aifonline.net\/index.php?rest_route=\/wp\/v2\/users\/1"}],"replies":[{"embeddable":true,"href":"https:\/\/aifonline.net\/index.php?rest_route=%2Fwp%2Fv2%2Fcomments&post=6945"}],"version-history":[{"count":10,"href":"https:\/\/aifonline.net\/index.php?rest_route=\/wp\/v2\/posts\/6945\/revisions"}],"predecessor-version":[{"id":6995,"href":"https:\/\/aifonline.net\/index.php?rest_route=\/wp\/v2\/posts\/6945\/revisions\/6995"}],"wp:attachment":[{"href":"https:\/\/aifonline.net\/index.php?rest_route=%2Fwp%2Fv2%2Fmedia&parent=6945"}],"wp:term":[{"taxonomy":"category","embeddable":true,"href":"https:\/\/aifonline.net\/index.php?rest_route=%2Fwp%2Fv2%2Fcategories&post=6945"},{"taxonomy":"post_tag","embeddable":true,"href":"https:\/\/aifonline.net\/index.php?rest_route=%2Fwp%2Fv2%2Ftags&post=6945"},{"taxonomy":"table_tags","embeddable":true,"href":"https:\/\/aifonline.net\/index.php?rest_route=%2Fwp%2Fv2%2Ftable_tags&post=6945"}],"curies":[{"name":"wp","href":"https:\/\/api.w.org\/{rel}","templated":true}]}}