{"id":6951,"date":"2025-08-01T14:05:00","date_gmt":"2025-08-01T12:05:00","guid":{"rendered":"https:\/\/aifonline.net\/?p=6951"},"modified":"2025-08-01T14:21:43","modified_gmt":"2025-08-01T12:21:43","slug":"champ-libre-chronique-des-temps-heureux","status":"publish","type":"post","link":"https:\/\/aifonline.net\/?p=6951","title":{"rendered":"Champ libre : Chronique des temps heureux"},"content":{"rendered":"\n<p><strong><em>Par Alain Kaminski<\/em><\/strong><\/p>\n\n\n\n<p>Qu\u2019est-ce que le v\u00e9cu&nbsp;? Ce que l\u2019on a pu vivre ou ce que l\u2019on vit encore&nbsp;? Cette question m\u2019offre la r\u00e9ponse et le devoir de pr\u00e9senter un organisme \u00e0 vocation sociale hors du commun, l\u2019ADIAM.<br>Je me souviens de ce 17 janvier 2025, je faisais hospitaliser en urgence ma vielle maman en \u00e9tat de d\u00e9shydratation avanc\u00e9e, extr\u00eamement diminu\u00e9e physiquement et d\u00e9j\u00e0 d\u00e9sireuse de rejoindre mon d\u00e9funt p\u00e8re au cimeti\u00e8re parisien de Bagneux. L\u2019h\u00f4pital n\u2019en voulait pas ou si peu, je ne savais plus \u00e0 quel \u00ab&nbsp;messie&nbsp;\u00bb me vouer. Alors je me suis souvenu d\u2019un entretien professionnel teint\u00e9 d\u2019humanit\u00e9 que j\u2019avais eu vingt ans auparavant lorsque je fus administrateur de la S\u00e9curit\u00e9 sociale. Ce fut avec Betty Elka\u00efm, une femme d\u2019une efficacit\u00e9 rare, une femme d\u2019exception entour\u00e9e d\u2019une \u00e9quipe hors du commun.<br>Quelques jours plus tard, une arm\u00e9e mexicaine d\u2019assistantes sociales, de psychologues, d\u2019ergoth\u00e9rapeutes, d\u2019agents administratifs investissait ce triste couloir d\u2019h\u00f4pital pour se rendre au chevet de ma vieille maman qui agonisait dans ce service de g\u00e9riatrie aig\u00fce. Cette arm\u00e9e de l\u2019ADIAM \u00e9valuait son \u00e9tat de sant\u00e9, s\u2019entretenait avec elle pour envisager un retour \u00e0 domicile avec les prises en charge n\u00e9cessaires et le volet ADIAM Solidarit\u00e9 en lien avec la Claim\u2019s Conf\u00e9rence pour les rescap\u00e9s de la Shoah. Ce bataillon de l\u2019ADIAM \u00e9tait en train de redonner le go\u00fbt de la vie \u00e0 ma vielle maman quand l\u2019h\u00f4pital semblait attendre son dernier soupir.<br>D\u00e9but f\u00e9vrier, l\u2019ADIAM&nbsp;visite son appartement, pr\u00e9pare les conditions de son retour, g\u00e8re le volet administratif, s\u2019occupe de tout, la reviviscence s\u2019installe. L\u2019ADIAM, autrefois Aide aux isra\u00e9lites \u00e2g\u00e9s et malades, aujourd\u2019hui Service d\u2019Aide et de Soins \u00e0 domicile, c\u2019est pour les d\u00e9partements 75 ,92 93,94 un service pour 4000 usagers et 600 professionnels sur le terrain. C\u2019est 55 ans d\u2019existence au service des personnes \u00e2g\u00e9es, des plus fragiles, des plus vuln\u00e9rables. Je ne citerai pas tous les intervenants de l\u2019ADIAM au risque d\u2019en oublier mais mon t\u00e9moignage se veut reconnaissance et gratitude.<br>Aujourd\u2019hui ma vieille maman re\u00e7oit chez elle ses enfants, ses petits-enfants, ses onze arri\u00e8re-petits-enfants. Un ballet d\u2019auxiliaires de vie, d\u2019aides-soignantes, d\u2019infirmi\u00e8res qui se croisent et l\u2019entourent, un ballet qui la r\u00e9conforte et nous rassure, elle qui avait perdu l\u2019usage de ses jambes \u00e0 l\u2019h\u00f4pital mais qui, chez elle, a quitt\u00e9 le fauteuil roulant pour le d\u00e9ambulateur, une autonomie retrouv\u00e9e, non pas \u00e0 Lourdes mais \u00e0 Paris.<\/p>\n\n\n<div class=\"wp-block-image\">\n<figure class=\"aligncenter size-large\"><img decoding=\"async\" loading=\"lazy\" width=\"683\" height=\"1024\" src=\"https:\/\/aifonline.net\/wp-content\/uploads\/2025\/08\/regine_kalinski-683x1024.jpg\" alt=\"\" class=\"wp-image-6953\" srcset=\"https:\/\/aifonline.net\/wp-content\/uploads\/2025\/08\/regine_kalinski-683x1024.jpg 683w, https:\/\/aifonline.net\/wp-content\/uploads\/2025\/08\/regine_kalinski-200x300.jpg 200w, https:\/\/aifonline.net\/wp-content\/uploads\/2025\/08\/regine_kalinski-768x1152.jpg 768w, https:\/\/aifonline.net\/wp-content\/uploads\/2025\/08\/regine_kalinski-1024x1536.jpg 1024w, https:\/\/aifonline.net\/wp-content\/uploads\/2025\/08\/regine_kalinski.jpg 1179w\" sizes=\"(max-width: 683px) 100vw, 683px\" \/><figcaption class=\"wp-element-caption\">Regina Kaminski entour\u00e9e de ses deux fils Michel et Alain<\/figcaption><\/figure><\/div>\n\n\n<p>Tout est magnifique et en mai dernier, elle soufflait ses 102 bougies avec ses deux fils d\u00e9j\u00e0 septuag\u00e9naires et ses petits-enfants. Quant \u00e0 la r\u00e9cente canicule, une auxiliaire de vie a eu un coup de chaud, mais c\u2019est ma vieille maman qui \u00e9tait aupr\u00e8s d\u2019elle.<br>C\u2019est vrai qu\u2019\u00e0 102 ans, l\u2019arithm\u00e9tique n\u2019est plus sa pr\u00e9occupation premi\u00e8re puisqu\u2019elle a laiss\u00e9 sur son g\u00e2teau d\u2019anniversaire le z\u00e9ro entre le 1 et le 2 alors qu\u2019on voul\u00fbt qu\u2019elle le m\u00eet apr\u00e8s le 2 pour lire\u2026 120 ans.<br>Puisqu\u2019on sait qu\u2019avec l\u2019ADIAM elle y arrivera.<\/p>\n","protected":false},"excerpt":{"rendered":"<p>Par Alain Kaminski Qu\u2019est-ce que le v\u00e9cu&nbsp;? Ce que l\u2019on a pu vivre ou ce que l\u2019on vit encore&nbsp;? Cette<\/p>\n","protected":false},"author":1,"featured_media":0,"comment_status":"open","ping_status":"open","sticky":false,"template":"","format":"standard","meta":{"_mi_skip_tracking":false,"_exactmetrics_sitenote_active":false,"_exactmetrics_sitenote_note":"","_exactmetrics_sitenote_category":0,"footnotes":""},"categories":[37,1],"tags":[],"table_tags":[],"_links":{"self":[{"href":"https:\/\/aifonline.net\/index.php?rest_route=\/wp\/v2\/posts\/6951"}],"collection":[{"href":"https:\/\/aifonline.net\/index.php?rest_route=\/wp\/v2\/posts"}],"about":[{"href":"https:\/\/aifonline.net\/index.php?rest_route=\/wp\/v2\/types\/post"}],"author":[{"embeddable":true,"href":"https:\/\/aifonline.net\/index.php?rest_route=\/wp\/v2\/users\/1"}],"replies":[{"embeddable":true,"href":"https:\/\/aifonline.net\/index.php?rest_route=%2Fwp%2Fv2%2Fcomments&post=6951"}],"version-history":[{"count":4,"href":"https:\/\/aifonline.net\/index.php?rest_route=\/wp\/v2\/posts\/6951\/revisions"}],"predecessor-version":[{"id":6968,"href":"https:\/\/aifonline.net\/index.php?rest_route=\/wp\/v2\/posts\/6951\/revisions\/6968"}],"wp:attachment":[{"href":"https:\/\/aifonline.net\/index.php?rest_route=%2Fwp%2Fv2%2Fmedia&parent=6951"}],"wp:term":[{"taxonomy":"category","embeddable":true,"href":"https:\/\/aifonline.net\/index.php?rest_route=%2Fwp%2Fv2%2Fcategories&post=6951"},{"taxonomy":"post_tag","embeddable":true,"href":"https:\/\/aifonline.net\/index.php?rest_route=%2Fwp%2Fv2%2Ftags&post=6951"},{"taxonomy":"table_tags","embeddable":true,"href":"https:\/\/aifonline.net\/index.php?rest_route=%2Fwp%2Fv2%2Ftable_tags&post=6951"}],"curies":[{"name":"wp","href":"https:\/\/api.w.org\/{rel}","templated":true}]}}