{"id":7057,"date":"2025-09-08T21:08:06","date_gmt":"2025-09-08T19:08:06","guid":{"rendered":"https:\/\/aifonline.net\/?p=7057"},"modified":"2025-09-08T21:08:07","modified_gmt":"2025-09-08T19:08:07","slug":"billet-de-versailles-au-faubourg-saint-honore","status":"publish","type":"post","link":"https:\/\/aifonline.net\/?p=7057","title":{"rendered":"Billet : De Versailles au faubourg Saint-Honor\u00e9"},"content":{"rendered":"\n<p><strong><em>Par Alain Kaminski<\/em><\/strong><\/p>\n\n\n\n<p>Apr\u00e8s Louis XV, Emmanuel Macron. La comparaison ne pourrait \u00eatre que cocasserie car des si\u00e8cles s\u00e9parent leur destin\u00e9e mais Louis XV arriva le bien aim\u00e9 pour finir le mal aim\u00e9 et le pr\u00e9sident Macron marche du m\u00eame pas indubitablement.<br>Louis XV changea de \u00ab\u00a0ministre principal\u00a0\u00bb \u00e0 de nombreuses reprises et le pr\u00e9sident Macron doit man\u0153uvrer avec un cinqui\u00e8me chef de gouvernement\u2026 en trois ans. Choiseul n\u2019arriva pas \u00e0 \u00e9quilibrer son budget, il est tomb\u00e9 en disgr\u00e2ce pour c\u00e9der la place \u00e0 Maup\u00e9ou qui ne fera pas mieux. On a l\u2019impression que l\u2019Histoire contemporaine nous propose du d\u00e9j\u00e0-vu.<br>Louis XV ne voyait pas que son peuple avait faim et que le quotidien \u00e9tait difficile, il \u00e9tait hors sol dans son palais et le pr\u00e9sident Macron semble vivre \u00e0 l\u2019identique dans le sien.<br>Le pr\u00e9sident-roi semble inexorablement tenir tr\u00e8s bas ses ministres avec l\u2019orgueil supr\u00eame, l\u2019opinion de soi la plus confiante et le m\u00e9pris de ce qui n\u2019est point soi le plus affich\u00e9. Il n\u2019attend rien d\u2019autre qu\u2019un d\u00e9vouement on ne peut plus soumis \u00e0 son endroit sans voir que sa R\u00e9publique en marche a mis la France \u00e0 l\u2019arr\u00eat.<br>Friand de discours, de comm\u00e9morations, de pompe et de babils, il se sent tellement \u00e0 l\u2019aise dans son costume de monarque, et de voir son premier ministre renvoy\u00e9 \u00e0 son otium palois l\u2019indiff\u00e8re totalement.<br>Une petite diff\u00e9rence quand m\u00eame entre les deux monarques. Pour le Bourbon dont le r\u00e8gne s\u2019acheva par la variole, ses sujets avaient faim. Pour l\u2019actuel pr\u00e9sident dont la cav\u00e9e risque de s\u2019achever au son de la carmagnole, ses sujets ont peur. La violence qui s\u00e9vit dans notre pays est sans doute sans pr\u00e9c\u00e9dent, la soci\u00e9t\u00e9 s\u2019ensauvage chaque jour davantage.<br>Les Fran\u00e7ais juifs vivent sous le feu de l\u2019antis\u00e9mitisme souhait\u00e9 et intensifi\u00e9 par un parti d\u2019extr\u00eame-gauche qui n\u2019a pas sa place dans notre R\u00e9publique, par ses proxys \u00e9cologistes qui ne font plus d\u2019\u00e9cologie depuis longtemps, par une gauche mod\u00e9r\u00e9e pr\u00eate \u00e0 pactiser avec le diable pour pr\u00e9server pr\u00e9bendes et sin\u00e9cures. Et le pr\u00e9sident Macron a sans doute offert un boulevard \u00e0 cette haine des juifs en refusant de participer \u00e0 la grande marche contre l\u2019antis\u00e9mitisme. La France enti\u00e8re d\u00e9couvre des sc\u00e8nes inimaginables, des personnes poursuivant, couteau \u00e0 la main, des juifs dans la rue.\u00a0L\u2019antis\u00e9mitisme s\u2019affiche, se tague, se d\u00e9clare et les actes antis\u00e9mites sont d\u00e9sormais des troph\u00e9es pour des individus que la justice traite avec bienveillance.<br>Le pr\u00e9sident Macron ne se positionne plus, il ne pipe mots, son indiff\u00e9rence devient synonyme de complaisance jusqu\u2019au jour o\u00f9 cette c\u00e9cit\u00e9 deviendra synonyme de complicit\u00e9.<br>On se demande comment peut-il encore ignorer cette flamb\u00e9e d\u2019antis\u00e9mitisme \u00e0 moins de garder volontairement les yeux band\u00e9s.<br>Alors que ce bandeau lui soit enlev\u00e9, qu\u2019il voie et qu\u2019il m\u00e9dite.<\/p>\n","protected":false},"excerpt":{"rendered":"<p>Par Alain Kaminski Apr\u00e8s Louis XV, Emmanuel Macron. La comparaison ne pourrait \u00eatre que cocasserie car des si\u00e8cles s\u00e9parent leur<\/p>\n","protected":false},"author":1,"featured_media":0,"comment_status":"open","ping_status":"open","sticky":false,"template":"","format":"standard","meta":{"_mi_skip_tracking":false,"_exactmetrics_sitenote_active":false,"_exactmetrics_sitenote_note":"","_exactmetrics_sitenote_category":0,"footnotes":""},"categories":[4],"tags":[],"table_tags":[],"_links":{"self":[{"href":"https:\/\/aifonline.net\/index.php?rest_route=\/wp\/v2\/posts\/7057"}],"collection":[{"href":"https:\/\/aifonline.net\/index.php?rest_route=\/wp\/v2\/posts"}],"about":[{"href":"https:\/\/aifonline.net\/index.php?rest_route=\/wp\/v2\/types\/post"}],"author":[{"embeddable":true,"href":"https:\/\/aifonline.net\/index.php?rest_route=\/wp\/v2\/users\/1"}],"replies":[{"embeddable":true,"href":"https:\/\/aifonline.net\/index.php?rest_route=%2Fwp%2Fv2%2Fcomments&post=7057"}],"version-history":[{"count":2,"href":"https:\/\/aifonline.net\/index.php?rest_route=\/wp\/v2\/posts\/7057\/revisions"}],"predecessor-version":[{"id":7059,"href":"https:\/\/aifonline.net\/index.php?rest_route=\/wp\/v2\/posts\/7057\/revisions\/7059"}],"wp:attachment":[{"href":"https:\/\/aifonline.net\/index.php?rest_route=%2Fwp%2Fv2%2Fmedia&parent=7057"}],"wp:term":[{"taxonomy":"category","embeddable":true,"href":"https:\/\/aifonline.net\/index.php?rest_route=%2Fwp%2Fv2%2Fcategories&post=7057"},{"taxonomy":"post_tag","embeddable":true,"href":"https:\/\/aifonline.net\/index.php?rest_route=%2Fwp%2Fv2%2Ftags&post=7057"},{"taxonomy":"table_tags","embeddable":true,"href":"https:\/\/aifonline.net\/index.php?rest_route=%2Fwp%2Fv2%2Ftable_tags&post=7057"}],"curies":[{"name":"wp","href":"https:\/\/api.w.org\/{rel}","templated":true}]}}